{"id":14529,"date":"2018-04-15T09:24:41","date_gmt":"2018-04-15T07:24:41","guid":{"rendered":"https:\/\/www.mojevrijeme.hr\/magazin\/?p=14529"},"modified":"2018-04-15T09:25:35","modified_gmt":"2018-04-15T07:25:35","slug":"seperic-cinicno-je-tvrditi-da-drustvo-ne-moze-osigurati-dostojanstvenu-starost","status":"publish","type":"post","link":"https:\/\/www.mojevrijeme.hr\/magazin\/2018\/04\/seperic-cinicno-je-tvrditi-da-drustvo-ne-moze-osigurati-dostojanstvenu-starost\/","title":{"rendered":"&#8216;Cini\u010dno je tvrditi da dru\u0161tvo ne mo\u017ee osigurati dostojanstvenu starost&#8217;"},"content":{"rendered":"<p><strong>Darko \u0160eperi\u0107<\/strong>,\u00a0izvr\u0161ni tajnik za projekte, edukaciju i europska pitanja Saveza samostalnih sindikata Hrvatske, u <a href=\"http:\/\/hr.n1info.com\/a294590\/Vijesti\/Politicarima-su-opet-puna-usta-reformi-ali-onih-laznih.html\" target=\"_blank\" rel=\"noopener\">intervjuu za N1<\/a> televiziju komentirao je vladine najave mirovinske reforme.<\/p>\n<p>\u201eNajave su bile dosta jasne i o njima se ve\u0107 puno pisalo. Potrebe za temeljitom analizom i reformom mirovinskog sustava definitivno ima, ali pove\u0107anje dobi za odlazak u mirovinu i druge najavljene mjere nisu reforma, nego nekoliko parcijalnih poteza, koji pritom ne mogu bitno utjecati na odr\u017eivost mirovinskog sustava, ali zato mogu gra\u0111ane osuditi na nezaposlenost i siroma\u0161tvo u starosti&#8221;, ka\u017ee \u0160eperi\u0107 i dodaje: &#8220;Vezano uz dobnu strukturu, na\u0161 je glavni problem izuzetno niska zaposlenost dobne skupine od 55 do 64 godina starosti, po \u010demu smo sa svega 38 posto najgori u EU nakon Gr\u010dke, i to je problem na koji se moramo fokusirati. Ako prosje\u010dan radnik s 55 godina vi\u0161e ne radi, a ne radi jer ne mo\u017ee zadr\u017eati ili prona\u0107i posao, kako o\u010dekivati da \u0107e raditi sa 66 godina?\u201c<\/p>\n<p>\u0160eperi\u0107 tako tvrdi da se ekonomija, tr\u017ei\u0161te rada i cijelo dru\u0161tvo radikalno i ubrzano mijenjaju te da se i sustavi socijalne za\u0161tite moraju se tome prilago\u0111avati. \u201eRadi se o velikom izazovu, ali ne i nepremostivom. Unato\u010d svim ekonomskim, socijalnim i demografskim problemima koje imamo, \u010dinjenica je da se Hrvatska danas nalazi na vi\u0161em stupnju ekonomskog razvoja i dru\u0161tvenog bogatstva nego ikada u svojoj povijesti. Tvrditi da na\u0161e dru\u0161tvo danas nije u stanju pru\u017eiti socijalnu za\u0161titu i osigurati dostojanstven \u017eivot starijima i nemo\u0107nima naprosto je cini\u010dno. Ali za tako ne\u0161to trebaju nam puno ozbiljnije analize, otvorenost novim idejama i politi\u010dka hrabrost.&#8221;<\/p><div id=\"mojev-2584743278\" class=\"mojev-u-tekstu mojev-entity-placement\" style=\"margin-left: auto;margin-right: auto;text-align: center;\"><div class=\"mojev-adlabel\">oglas<\/div><div style=\"height: 250px;\"><script async src=\"https:\/\/pagead2.googlesyndication.com\/pagead\/js\/adsbygoogle.js?client=ca-pub-8106111766207173\"\r\n     crossorigin=\"anonymous\"><\/script>\r\n<!-- Prikazni 1 u tekstu -->\r\n<ins class=\"adsbygoogle\"\r\n     style=\"display:block\"\r\n     data-ad-client=\"ca-pub-8106111766207173\"\r\n     data-ad-slot=\"8535551207\"\r\n     data-ad-format=\"auto\"\r\n     data-full-width-responsive=\"true\"><\/ins>\r\n<script>\r\n     (adsbygoogle = window.adsbygoogle || []).push({});\r\n<\/script><\/div><\/div><br style=\"clear: both; display: block; float: none;\"\/>\n<p>O najavljenim reformama \u0160eperi\u0107 otvoreno tvrdi: &#8220;Na\u017ealost, ono \u0161to nam se nudi, i pritom la\u017eno predstavlja kao jedina mogu\u0107a rje\u0161enja, jednostavni su i lo\u0161e osmi\u0161ljeni potezi, bez pravih analiza stanja i projekcija posljedica. Jednostavno re\u010deno, to su la\u017ene reforme. Prave reforme, i to takve koje \u0107e istovremeno omogu\u0107iti ekonomski rast i ja\u010danje konkurentnosti, ali i ve\u0107e pla\u0107e, kvalitetnija radna mjesta, bolje socijalne usluge i sna\u017eniju socijalnu dr\u017eavu su mogu\u0107e, ali se o\u010digledno za njih moramo izboriti.\u201c<\/p>\n<div id=\"mojev-2155523861\" class=\"mojev-kraj-teksta mojev-entity-placement\" style=\"margin-bottom: 20px;margin-left: auto;margin-right: auto;text-align: center;\"><div class=\"mojev-adlabel\">oglas<\/div><div style=\"height: 250px;\"><script async src=\"https:\/\/pagead2.googlesyndication.com\/pagead\/js\/adsbygoogle.js?client=ca-pub-8106111766207173\"\r\n     crossorigin=\"anonymous\"><\/script>\r\n<!-- Display-1 -->\r\n<ins class=\"adsbygoogle\"\r\n     style=\"display:block\"\r\n     data-ad-client=\"ca-pub-8106111766207173\"\r\n     data-ad-slot=\"1465712950\"\r\n     data-ad-format=\"auto\"\r\n     data-full-width-responsive=\"true\"><\/ins>\r\n<script>\r\n     (adsbygoogle = window.adsbygoogle || []).push({});\r\n<\/script><\/div><\/div>","protected":false},"excerpt":{"rendered":"<p>Na\u017ealost, ono \u0161to nam se nudi, i pritom la\u017eno predstavlja kao jedina mogu\u0107a rje\u0161enja, jednostavni su i lo\u0161e osmi\u0161ljeni potezi, bez pravih analiza stanja i projekcija posljedica. Jednostavno re\u010deno, to su la\u017ene reforme. <\/p>\n","protected":false},"author":1,"featured_media":11776,"comment_status":"closed","ping_status":"closed","sticky":false,"template":"","format":"standard","meta":{"footnotes":""},"categories":[9],"tags":[1191,1116,1140],"class_list":["post-14529","post","type-post","status-publish","format-standard","has-post-thumbnail","hentry","category-vijesti","tag-darko-seperic","tag-mirovinska-reforma","tag-sssh"],"_links":{"self":[{"href":"https:\/\/www.mojevrijeme.hr\/magazin\/wp-json\/wp\/v2\/posts\/14529","targetHints":{"allow":["GET"]}}],"collection":[{"href":"https:\/\/www.mojevrijeme.hr\/magazin\/wp-json\/wp\/v2\/posts"}],"about":[{"href":"https:\/\/www.mojevrijeme.hr\/magazin\/wp-json\/wp\/v2\/types\/post"}],"author":[{"embeddable":true,"href":"https:\/\/www.mojevrijeme.hr\/magazin\/wp-json\/wp\/v2\/users\/1"}],"replies":[{"embeddable":true,"href":"https:\/\/www.mojevrijeme.hr\/magazin\/wp-json\/wp\/v2\/comments?post=14529"}],"version-history":[{"count":0,"href":"https:\/\/www.mojevrijeme.hr\/magazin\/wp-json\/wp\/v2\/posts\/14529\/revisions"}],"wp:featuredmedia":[{"embeddable":true,"href":"https:\/\/www.mojevrijeme.hr\/magazin\/wp-json\/wp\/v2\/media\/11776"}],"wp:attachment":[{"href":"https:\/\/www.mojevrijeme.hr\/magazin\/wp-json\/wp\/v2\/media?parent=14529"}],"wp:term":[{"taxonomy":"category","embeddable":true,"href":"https:\/\/www.mojevrijeme.hr\/magazin\/wp-json\/wp\/v2\/categories?post=14529"},{"taxonomy":"post_tag","embeddable":true,"href":"https:\/\/www.mojevrijeme.hr\/magazin\/wp-json\/wp\/v2\/tags?post=14529"}],"curies":[{"name":"wp","href":"https:\/\/api.w.org\/{rel}","templated":true}]}}