{"id":145363,"date":"2025-11-28T15:35:17","date_gmt":"2025-11-28T14:35:17","guid":{"rendered":"https:\/\/www.mojevrijeme.hr\/magazin\/?p=145363"},"modified":"2025-11-28T15:40:06","modified_gmt":"2025-11-28T14:40:06","slug":"u-nedjelju-marsevi-protiv-fasizma-u-cetiri-grada-otpor-teroru-i-mrznji","status":"publish","type":"post","link":"https:\/\/www.mojevrijeme.hr\/magazin\/2025\/11\/u-nedjelju-marsevi-protiv-fasizma-u-cetiri-grada-otpor-teroru-i-mrznji\/","title":{"rendered":"U nedjelju mar\u0161evi protiv fa\u0161izma u \u010detiri grada: Otpor teroru i mr\u017enji"},"content":{"rendered":"\n<p>U nedjelju, 30. studenoga u 12 sati, u Zagrebu, Rijeci, Puli i Zadru odr\u017eat \u0107e se gra\u0111anski mar\u0161evi pod nazivom \u201cUjedinjeni protiv fa\u0161izma\u201d. Okupljanje je to koje \u017eeli ujediniti sve koji su zabrinuti zbog normalizacije govora mr\u017enje, porasta nacionalisti\u010dkog, ksenofobnog i mizoginog nasilja, revizionizma, prijetnji i poku\u0161aja gu\u0161enja kulturnih i dru\u0161tvenih sloboda.<\/p>\n\n\n\n<h3 class=\"wp-block-heading\">Zagreb: \u0160utnja produbljuje tamu<\/h3>\n\n\n\n<p>U Zagrebu \u0107e povorka krenuti ispred Glavnog kolodvora. U pozivu se upozorava na sve \u010de\u0161\u0107e fa\u0161isti\u010dke grafite, napade na kulturne programe i ozra\u010dje straha koje se uvuklo u svakodnevicu \u2013 od zabrana doga\u0111anja do prijetnji pojedincima i skupinama. Organizatori nagla\u0161avaju da \u0161utnja samo produbljuje tamu i pozivaju sve: \u201cMar\u0161irajmo zajedno prema oslobo\u0111enju. Ne\u0107emo dopustiti da nasilje postane pravilo.\u201d<\/p>\n\n\n\n<h3 class=\"wp-block-heading\">Zadar: Dalmacija je antifa\u0161isti\u010dka<\/h3>\n\n\n\n<p>Zadar \u0107e biti sredi\u0161te velikog Dalmatinskog mar\u0161a, u kojem \u0107e se ujediniti Dubrovnik, Kor\u010dula, Split, \u0160ibenik i Zadar. Okupljanje je najavljeno na Obali kneza Branimira, odakle \u0107e povorka krenuti u podne. Organizatori poru\u010duju da se valovi ekstremizma ne smiju ignorirati te podsje\u0107aju na dug dalmatinski antifa\u0161isti\u010dki kontinuitet. \u201cOtpor silniku i za\u0161tita slabijemu temelj je dalmatinskog duha. Prkos i solidarnost po\u010dinju 30. studenoga u Zadru\u201d, stoji u najavi.<\/p><div id=\"mojev-972441251\" class=\"mojev-u-tekstu mojev-entity-placement\" style=\"margin-left: auto;margin-right: auto;text-align: center;\"><div class=\"mojev-adlabel\">oglas<\/div><div style=\"height: 250px;\"><script async src=\"https:\/\/pagead2.googlesyndication.com\/pagead\/js\/adsbygoogle.js?client=ca-pub-8106111766207173\"\r\n     crossorigin=\"anonymous\"><\/script>\r\n<!-- Prikazni 1 u tekstu -->\r\n<ins class=\"adsbygoogle\"\r\n     style=\"display:block\"\r\n     data-ad-client=\"ca-pub-8106111766207173\"\r\n     data-ad-slot=\"8535551207\"\r\n     data-ad-format=\"auto\"\r\n     data-full-width-responsive=\"true\"><\/ins>\r\n<script>\r\n     (adsbygoogle = window.adsbygoogle || []).push({});\r\n<\/script><\/div><\/div><br style=\"clear: both; display: block; float: none;\"\/>\n\n\n\n<h3 class=\"wp-block-heading\">Pula: Mar\u0161 je tek po\u010detak<\/h3>\n\n\n\n<p>U Puli se mar\u0161 organizira sje\u0107anjem na masovni antifa\u0161isti\u010dki prosvjed iz 2003., kada je vi\u0161e od 1.500 ljudi ustalo protiv nazi nasilja. Okupljanje po\u010dinje ispred Dru\u0161tvenog centra Rojc, a ruta vodi preko Monte Zara do Tr\u017enice. \u201cHodajmo za slobodu, raznolikost i miran su\u017eivot. Mar\u0161 je tek po\u010detak \u2013 ali svaki korak nosi jasnu poruku.\u201d<\/p>\n\n\n\n<h3 class=\"wp-block-heading\">Rijeka: Gradovi i sela moraju biti sigurni za sve<\/h3>\n\n\n\n<p>Rijeka poziva na okupljanje na Jadranskom trgu, uz zabrinutost zbog porasta fa\u0161isti\u010dkih simbola u gradu, normalizacije ZDS-a i prijetnje. Organizatori nagla\u0161avaju da je vrijeme za zajedni\u010dki glas, a ne povla\u010denje pred strahom: \u201cNe\u0107emo dopustiti da zabrane i nasilje postanu pravilo. Na\u0161 zajedni\u010dki rad ne smije stati dok ne iskorijenimo fa\u0161izam i u\u010dinimo na\u0161e gradove i sela sigurnima za sve.\u201d Mar\u0161irat \u0107e se od Jadranskog trga do Spomenika oslobo\u0111enja na Delti.<\/p>\n\n\n\n<p>Organizatori u sva \u010detiri grada poru\u010duju kako se mar\u0161evima ne \u017eeli samo reagirati na sada\u0161nje stanje, ve\u0107 stvoriti dugotrajan zajedni\u010dki otpor mr\u017enji, nasilju i prijetnjama. Pozivaju gra\u0111anke i gra\u0111ane svih generacija da do\u0111u, da budu vidljivi i glasni, i da poka\u017eu da Hrvatska mo\u017ee biti prostor sigurnosti, slobode i solidarnosti. Vidimo se u nedjelju u podne. jer, kako poru\u010duju organizatori, mar\u0161 je tek po\u010detak.<\/p>\n<div id=\"mojev-502157135\" class=\"mojev-kraj-teksta mojev-entity-placement\" style=\"margin-bottom: 20px;margin-left: auto;margin-right: auto;text-align: center;\"><div class=\"mojev-adlabel\">oglas<\/div><div style=\"height: 250px;\"><script async src=\"https:\/\/pagead2.googlesyndication.com\/pagead\/js\/adsbygoogle.js?client=ca-pub-8106111766207173\"\r\n     crossorigin=\"anonymous\"><\/script>\r\n<!-- Display-1 -->\r\n<ins class=\"adsbygoogle\"\r\n     style=\"display:block\"\r\n     data-ad-client=\"ca-pub-8106111766207173\"\r\n     data-ad-slot=\"1465712950\"\r\n     data-ad-format=\"auto\"\r\n     data-full-width-responsive=\"true\"><\/ins>\r\n<script>\r\n     (adsbygoogle = window.adsbygoogle || []).push({});\r\n<\/script><\/div><\/div>","protected":false},"excerpt":{"rendered":"<p>Organizatori pozivaju gra\u0111anke i gra\u0111ane da se u \u0161to ve\u0107em broju pridru\u017ee prosvjednim povorkama i jasno poru\u010de da mr\u017enja nema mjesto na hrvatskim ulicama.<\/p>\n","protected":false},"author":1,"featured_media":145368,"comment_status":"closed","ping_status":"closed","sticky":false,"template":"","format":"standard","meta":{"footnotes":""},"categories":[9],"tags":[614,687],"class_list":["post-145363","post","type-post","status-publish","format-standard","has-post-thumbnail","hentry","category-vijesti","tag-antifasizam","tag-prosvjedi"],"_links":{"self":[{"href":"https:\/\/www.mojevrijeme.hr\/magazin\/wp-json\/wp\/v2\/posts\/145363","targetHints":{"allow":["GET"]}}],"collection":[{"href":"https:\/\/www.mojevrijeme.hr\/magazin\/wp-json\/wp\/v2\/posts"}],"about":[{"href":"https:\/\/www.mojevrijeme.hr\/magazin\/wp-json\/wp\/v2\/types\/post"}],"author":[{"embeddable":true,"href":"https:\/\/www.mojevrijeme.hr\/magazin\/wp-json\/wp\/v2\/users\/1"}],"replies":[{"embeddable":true,"href":"https:\/\/www.mojevrijeme.hr\/magazin\/wp-json\/wp\/v2\/comments?post=145363"}],"version-history":[{"count":6,"href":"https:\/\/www.mojevrijeme.hr\/magazin\/wp-json\/wp\/v2\/posts\/145363\/revisions"}],"predecessor-version":[{"id":145370,"href":"https:\/\/www.mojevrijeme.hr\/magazin\/wp-json\/wp\/v2\/posts\/145363\/revisions\/145370"}],"wp:featuredmedia":[{"embeddable":true,"href":"https:\/\/www.mojevrijeme.hr\/magazin\/wp-json\/wp\/v2\/media\/145368"}],"wp:attachment":[{"href":"https:\/\/www.mojevrijeme.hr\/magazin\/wp-json\/wp\/v2\/media?parent=145363"}],"wp:term":[{"taxonomy":"category","embeddable":true,"href":"https:\/\/www.mojevrijeme.hr\/magazin\/wp-json\/wp\/v2\/categories?post=145363"},{"taxonomy":"post_tag","embeddable":true,"href":"https:\/\/www.mojevrijeme.hr\/magazin\/wp-json\/wp\/v2\/tags?post=145363"}],"curies":[{"name":"wp","href":"https:\/\/api.w.org\/{rel}","templated":true}]}}