{"id":145696,"date":"2025-12-04T12:16:01","date_gmt":"2025-12-04T11:16:01","guid":{"rendered":"https:\/\/www.mojevrijeme.hr\/magazin\/?p=145696"},"modified":"2025-12-04T12:17:41","modified_gmt":"2025-12-04T11:17:41","slug":"prodao-je-sve-za-zenino-lijecenje-sa-88-godina-konacno-ide-u-mirovinu","status":"publish","type":"post","link":"https:\/\/www.mojevrijeme.hr\/magazin\/2025\/12\/prodao-je-sve-za-zenino-lijecenje-sa-88-godina-konacno-ide-u-mirovinu\/","title":{"rendered":"Prodao je sve za \u017eenino lije\u010denje, s 88 godina kona\u010dno ide u mirovinu"},"content":{"rendered":"\n<p>Ed Bambas iz Michigana, veteran i blagajnik u lokalnoj trgovini, ostao je bez mirovine prije 13 godina nakon bankrota General Motorsa. Unato\u010d poznim godinama, radi pet dana tjedno, punih 40 sati, kako bi uop\u0107e mogao pre\u017eivjeti.<\/p>\n\n\n\n<p>Tek nakon \u0161to je njegova pri\u010da osvojila dru\u0161tvene mre\u017ee, pokrenut je val dobrote kakav ni sam Ed nije mogao zamisliti. Internetskom kampanjom prikupljenoj je vi\u0161e od 1,3 milijuna dolara pa dobri blagajnik mo\u017ee u mirovinu koju je davno zaslu\u017eio.<\/p>\n\n\n\n<p>Bambas je u videu australskog influencera Samuela Weidenhofera ispri\u010dao kako je nakon 1999. godine mirno \u017eivio od mirovine, sve dok tri godine kasnije nije ostao bez nje. S mirovinom je izgubio i dopunsko zdravstveno osiguranje. Posebno ga je pogodilo \u0161to se to dogodilo ba\u0161 kada mu je te\u0161ko oboljela supruga Joan.<\/p><div id=\"mojev-1935116726\" class=\"mojev-u-tekstu mojev-entity-placement\" style=\"margin-left: auto;margin-right: auto;text-align: center;\"><div class=\"mojev-adlabel\">oglas<\/div><div style=\"height: 250px;\"><script async src=\"https:\/\/pagead2.googlesyndication.com\/pagead\/js\/adsbygoogle.js?client=ca-pub-8106111766207173\"\r\n     crossorigin=\"anonymous\"><\/script>\r\n<!-- Prikazni 1 u tekstu -->\r\n<ins class=\"adsbygoogle\"\r\n     style=\"display:block\"\r\n     data-ad-client=\"ca-pub-8106111766207173\"\r\n     data-ad-slot=\"8535551207\"\r\n     data-ad-format=\"auto\"\r\n     data-full-width-responsive=\"true\"><\/ins>\r\n<script>\r\n     (adsbygoogle = window.adsbygoogle || []).push({});\r\n<\/script><\/div><\/div><br style=\"clear: both; display: block; float: none;\"\/>\n\n\n\n<p>&#8220;Da bih platio njeno lije\u010denje, morao sam prodati ku\u0107u i sve \u0161to sam imao&#8221;, rekao je kroz suze. Na\u017ealost, Joan, s kojom je dijelio vi\u0161e od 50 godina braka, preminula je prije sedam godina. &#8220;Nije mi bilo te\u0161ko vratiti se na posao jer sam znao da moram. Bog mi je dao dovoljno jako tijelo da izdr\u017eim osam sati na nogama&#8221;, ka\u017ee Bambas.<\/p>\n\n\n\n<p>Weidenhofer mu je prvo ostavio napojnicu od 400 dolara, a zatim pokrenuo GoFundMe kampanju koja je eksplodirala. Stotine tisu\u0107a ljudi podijelile su video, a vi\u0161e od 1,3 milijuna dolara pristiglo je od tisu\u0107a donatora.<\/p>\n\n\n\n<p>Ed, koji ne koristi pametan telefon, nije imao pojma o pokrenutoj kampanji, a kada su mu rekli da, zahvaljuju\u0107i dobrim ljudima, vi\u0161e ne mora raditi, rasplakao se. &#8220;Isprva nisam mogao shvatiti o \u010demu se radi&#8221;, ka\u017ee za CBS ovaj veteran koji \u0107e se idu\u0107eg tjedna umiroviti drugi put u \u017eivotu. Ovoga puta onako kako treba.<\/p>\n<div id=\"mojev-3646297493\" class=\"mojev-kraj-teksta mojev-entity-placement\" style=\"margin-bottom: 20px;margin-left: auto;margin-right: auto;text-align: center;\"><div class=\"mojev-adlabel\">oglas<\/div><div style=\"height: 250px;\"><script async src=\"https:\/\/pagead2.googlesyndication.com\/pagead\/js\/adsbygoogle.js?client=ca-pub-8106111766207173\"\r\n     crossorigin=\"anonymous\"><\/script>\r\n<!-- Display-1 -->\r\n<ins class=\"adsbygoogle\"\r\n     style=\"display:block\"\r\n     data-ad-client=\"ca-pub-8106111766207173\"\r\n     data-ad-slot=\"1465712950\"\r\n     data-ad-format=\"auto\"\r\n     data-full-width-responsive=\"true\"><\/ins>\r\n<script>\r\n     (adsbygoogle = window.adsbygoogle || []).push({});\r\n<\/script><\/div><\/div>","protected":false},"excerpt":{"rendered":"<p>Bo\u017ei\u0107 je ove godine stigao ranije za 88-godi\u0161njeg ameri\u010dkog veterana \u010dija je te\u0161ka sudbina dirnula milijune ljudi.<\/p>\n","protected":false},"author":1,"featured_media":145703,"comment_status":"closed","ping_status":"closed","sticky":false,"template":"","format":"standard","meta":{"footnotes":""},"categories":[9],"tags":[4872,957,1035,4873],"class_list":["post-145696","post","type-post","status-publish","format-standard","has-post-thumbnail","hentry","category-vijesti","tag-ed-bambas","tag-mirovina","tag-sjedinjene-drzave","tag-veterani"],"_links":{"self":[{"href":"https:\/\/www.mojevrijeme.hr\/magazin\/wp-json\/wp\/v2\/posts\/145696","targetHints":{"allow":["GET"]}}],"collection":[{"href":"https:\/\/www.mojevrijeme.hr\/magazin\/wp-json\/wp\/v2\/posts"}],"about":[{"href":"https:\/\/www.mojevrijeme.hr\/magazin\/wp-json\/wp\/v2\/types\/post"}],"author":[{"embeddable":true,"href":"https:\/\/www.mojevrijeme.hr\/magazin\/wp-json\/wp\/v2\/users\/1"}],"replies":[{"embeddable":true,"href":"https:\/\/www.mojevrijeme.hr\/magazin\/wp-json\/wp\/v2\/comments?post=145696"}],"version-history":[{"count":10,"href":"https:\/\/www.mojevrijeme.hr\/magazin\/wp-json\/wp\/v2\/posts\/145696\/revisions"}],"predecessor-version":[{"id":145707,"href":"https:\/\/www.mojevrijeme.hr\/magazin\/wp-json\/wp\/v2\/posts\/145696\/revisions\/145707"}],"wp:featuredmedia":[{"embeddable":true,"href":"https:\/\/www.mojevrijeme.hr\/magazin\/wp-json\/wp\/v2\/media\/145703"}],"wp:attachment":[{"href":"https:\/\/www.mojevrijeme.hr\/magazin\/wp-json\/wp\/v2\/media?parent=145696"}],"wp:term":[{"taxonomy":"category","embeddable":true,"href":"https:\/\/www.mojevrijeme.hr\/magazin\/wp-json\/wp\/v2\/categories?post=145696"},{"taxonomy":"post_tag","embeddable":true,"href":"https:\/\/www.mojevrijeme.hr\/magazin\/wp-json\/wp\/v2\/tags?post=145696"}],"curies":[{"name":"wp","href":"https:\/\/api.w.org\/{rel}","templated":true}]}}