{"id":145708,"date":"2025-12-04T16:47:22","date_gmt":"2025-12-04T15:47:22","guid":{"rendered":"https:\/\/www.mojevrijeme.hr\/magazin\/?p=145708"},"modified":"2025-12-04T16:47:58","modified_gmt":"2025-12-04T15:47:58","slug":"u-australiji-je-na-bozic-bilo-40-c-ipak-biram-svoj-hladan-osijek","status":"publish","type":"post","link":"https:\/\/www.mojevrijeme.hr\/magazin\/2025\/12\/u-australiji-je-na-bozic-bilo-40-c-ipak-biram-svoj-hladan-osijek\/","title":{"rendered":"&#8216;U Australiji je na Bo\u017ei\u0107 bilo 40 \u00b0C, ipak biram svoj hladan Osijek&#8217;"},"content":{"rendered":"\n<p>Osje\u010dka umirovljenica, 87-godi\u0161nja <a href=\"https:\/\/www.mojevrijeme.hr\/magazin\/2025\/11\/eva-88-vratila-sam-se-iz-australije-u-osijek-ali-djeci-je-tamo-bolje\/\" target=\"_blank\" rel=\"noreferrer noopener\"><strong>Eva Berti\u0107<\/strong> <\/a>djeci je u Australiju putovala sve dok je mogla, a prijelomna godina bila je godina pandemije. U svojim kasnim osamdesetima ka\u017ee da se vi\u0161e ne bi usudila na tako dalek put, no zato se s nama rado prisjetila svog posljednjeg Bo\u017ei\u0107a u zemlji klokana.<\/p>\n\n\n\n<p>&#8220;Oboje moje djece, sin i k\u0107i, ve\u0107 godinama \u017eive u Australiji. Zaposleni su i nemaju vremena do\u0107i u Osijek, pa sam, ako sam ih \u017eeljela vidjeti, morala putovati k njima. Ve\u0107 sam 20 godina udovica i putovala sam sama svake druge godine, ukupno deset puta. Putovanja su bila naporna, ali brzo bih se oporavila i privikla na klimu i vremensku razliku. Uvijek sam u Perth dolazila po\u010detkom prosinca, tako da sam tamo bila tijekom Bo\u017ei\u0107a i Nove godine, u vrijeme kad je njima ljeto. Ku\u0107i bih se vra\u0107ala po\u010detkom o\u017eujka, kad me u Osijeku \u010dekalo prolje\u0107e&#8221;, otkriva gospo\u0111a Berti\u0107.<\/p>\n\n\n\n<p>&#8220;Kod nas je zima, a tamo ljeto &#8211; i to kakvo ljeto! Dani znaju biti zbilja vreli, s temperaturama preko 40, ponekad i 42 stupnja. Po toj vrelini ne mo\u017ee\u0161 biti vani jer je zrak prevru\u0107 za disanje i jedino je klima spas. Stariji ljudi, koji je nemaju, po cijele dane sjede na klupama u hodnicima trgova\u010dkih centara&#8221;, urezalo joj se u sje\u0107anje.<\/p><div id=\"mojev-1874198197\" class=\"mojev-u-tekstu mojev-entity-placement\" style=\"margin-left: auto;margin-right: auto;text-align: center;\"><div class=\"mojev-adlabel\">oglas<\/div><div style=\"height: 250px;\"><script async src=\"https:\/\/pagead2.googlesyndication.com\/pagead\/js\/adsbygoogle.js?client=ca-pub-8106111766207173\"\r\n     crossorigin=\"anonymous\"><\/script>\r\n<!-- Prikazni 1 u tekstu -->\r\n<ins class=\"adsbygoogle\"\r\n     style=\"display:block\"\r\n     data-ad-client=\"ca-pub-8106111766207173\"\r\n     data-ad-slot=\"8535551207\"\r\n     data-ad-format=\"auto\"\r\n     data-full-width-responsive=\"true\"><\/ins>\r\n<script>\r\n     (adsbygoogle = window.adsbygoogle || []).push({});\r\n<\/script><\/div><\/div><br style=\"clear: both; display: block; float: none;\"\/>\n\n\n\n<h3 class=\"wp-block-heading\">Donijela tradicionalne&nbsp;hrvatske kola\u010de<\/h3>\n\n\n\n<p>Bo\u017ei\u0107no se slavlje pomalo razlikuje od hrvatske tradicije. &#8220;Sam Bo\u017ei\u0107 ondje se slavi bo\u017ei\u0107nim doru\u010dkom. Kad sam bila zadnji put djeca i ja bili smo pozvani kod njihovih australskih prijatelja. Na stolu je bilo svega, od pita, torti i kola\u010da, do vo\u0107ne salate i zrelih tre\u0161anja. Svaki je gost donio pone\u0161to, a doma\u0107in je ro\u0161tiljao. Ja sam ispekla i donijela na\u0161e tradicionalne\u00a0kola\u010de koje oni nikad prije nisu probali&#8221;, opisuje nam.<\/p>\n\n\n\n<p>Okupilo se, ka\u017ee, ba\u0161 puno ljudi. &#8220;Bilo su tu brojni ro\u0111aci i prijatelji, a sve meni nepoznati ljudi koji su govorili engleski koji sam razumjela samo ako bi mi djeca prevela&#8221;, kazala je.<\/p>\n\n\n\n<figure class=\"wp-block-image size-large\"><img loading=\"lazy\" decoding=\"async\" width=\"740\" height=\"444\" src=\"https:\/\/www.mojevrijeme.hr\/magazin\/wp-content\/uploads\/2025\/11\/eva-osijek-740x444.jpg\" alt=\"\" class=\"wp-image-144216\" srcset=\"https:\/\/www.mojevrijeme.hr\/magazin\/wp-content\/uploads\/2025\/11\/eva-osijek-740x444.jpg 740w, https:\/\/www.mojevrijeme.hr\/magazin\/wp-content\/uploads\/2025\/11\/eva-osijek-636x382.jpg 636w, https:\/\/www.mojevrijeme.hr\/magazin\/wp-content\/uploads\/2025\/11\/eva-osijek-768x461.jpg 768w, https:\/\/www.mojevrijeme.hr\/magazin\/wp-content\/uploads\/2025\/11\/eva-osijek-1536x922.jpg 1536w, https:\/\/www.mojevrijeme.hr\/magazin\/wp-content\/uploads\/2025\/11\/eva-osijek-1500x900.jpg 1500w, https:\/\/www.mojevrijeme.hr\/magazin\/wp-content\/uploads\/2025\/11\/eva-osijek-1600x960.jpg 1600w, https:\/\/www.mojevrijeme.hr\/magazin\/wp-content\/uploads\/2025\/11\/eva-osijek-590x354.jpg 590w, https:\/\/www.mojevrijeme.hr\/magazin\/wp-content\/uploads\/2025\/11\/eva-osijek-400x240.jpg 400w, https:\/\/www.mojevrijeme.hr\/magazin\/wp-content\/uploads\/2025\/11\/eva-osijek.jpg 2000w\" sizes=\"auto, (max-width: 740px) 100vw, 740px\" \/><figcaption class=\"wp-element-caption\">Eva Verti\u0107 (foto: privatni album)<\/figcaption><\/figure>\n\n\n\n<h3 class=\"wp-block-heading\">Tombola nakon doru\u010dka<\/h3>\n\n\n\n<p>Nakon doru\u010dka uslijedio je, doznajemo, nama nepoznat obi\u010daj. &#8220;Doma\u0107ica je priredila tombolu. Svi su unijeli gomilu darova, velikih i malih, lijepo aran\u017eiranih. Potom smo iz zdjele birali listi\u0107e s brojevima, a kad svi izvuku svoj broj, doma\u0107ica pita \u017eeli li se netko mijenjati za broj. Obi\u010daj je da, ako netko to po\u017eeli i ka\u017ee ne\u010diji broj, taj gost mora pristati na zamjenu.&#8221;<\/p>\n\n\n\n<p>&#8220;Zatim slijedi prozivanje brojeva i dodjela darova, no nitko ih jo\u0161 ne smije otvoriti. Razlog tome je \u0161to svaki gost, ako \u017eeli, mo\u017ee zamijeniti svoj dar s nekim drugim koji bez ljutnje mora pristati na zamjenu. To je ba\u0161 zabavno jer tu bude i velikih i malih darova, obe\u0107avaju\u0107ih, ali i onih koji na prvi pogled nisu izgledali zanimljivo. Naravno, svi su \u017eeljeli najve\u0107i dar, ogroman, pa kad se taj otvara, svi i\u0161\u010dekuju \u0161to je u njemu&#8221;, doznajemo od gospo\u0111e Eve.<\/p>\n\n\n\n<p>Nakon \u0161to bi se svi koji su htjeli zamijenili, ka\u017ee, otvarali su darove. &#8220;Najve\u0107i dar te godine je sadr\u017eavao golemo pakiranje toaletnog papira! Veliko razo\u010daranje, ali urnebesna reakcija uz smijeh i \u0161ale. Neki su dobili vrijedne knjige, enciklopediju, kozmeti\u010dke proizvode i razne sitnice. Naravno, uslijedilo je jo\u0161 malo mijenjanja. Ja sam dobila bon od 25 dolara za rasadnik. Jedna starija gospo\u0111a htjela se zamijeniti sa mnom pa sam joj dala bon, a ona meni paketi\u0107 udica za pecanje i sapun. Obje smo se smijale. Sre\u0107om, kasnije mi je sin dao paket s dvije lijepe \u0161alice, a ja njemu udice&#8221;, lijepe su uspomene gospo\u0111e Berti\u0107.<\/p>\n\n\n\n<h3 class=\"wp-block-heading\">Umjesto u bazen, \u0161etnja me\u0111u zmijama<\/h3>\n\n\n\n<p>Osim okupljanja i tombole, ka\u017ee, za nju je uslijedilo jo\u0161 iznena\u0111enja. &#8220;Pored ku\u0107e bio je veliki bazen i neki su se kupali, ali ja sam radije oti\u0161la u kratku \u0161etnju. Oko ku\u0107e je bilo tropskog cvije\u0107a i divila sam se ru\u017ei\u010dastim ljiljanima kakve nisam vidjela kod nas. Primijetila sam da nemaju li\u0161\u0107e, samo stabljiku. Uzela sam pruti\u0107 i razmaknula travu da vidim ima li li\u0161\u0107e ni\u017ee dolje, a tada mi se ukazala sklup\u010dana zmija. Malo sam je dotaknula i nestala je tako brzo da nisam mogla odrediti ni smjer u kojem je pobjegla. Jedino znam da je pobjegla od mene jer da je krenula prema meni, ne bih imala vremena ni trepnuti&#8221;, sje\u0107a se.<\/p>\n\n\n\n<p>Od tada je \u0161etala samo po stazama, gledaju\u0107i ispred sebe. Zmiju vi\u0161e nije srela, ali bi susretala klokane. &#8220;Tamo se klokani slobodno \u0161e\u0107u do ku\u0107nih vrata i nikakva im ograda ne smeta. Njih se ne dira, niti im se daje hrana. Ako bi im se ipak hrana, oni bi to uvijek o\u010dekivali, pa bi, ako je ne bi dobili, mogli postati agresivni&#8221;, objasnila je ova umirovljenica.<\/p>\n\n\n\n<p>Na\u0161 kratki, ali slatki razgovor o uspomenama na bo\u017ei\u0107ne radosti u zemlji klokana zavr\u0161ila je rije\u010dima: &#8220;Svatko voli svoje tradicije i obi\u010daje, u kojima u\u017eiva i do\u017eivljava ih na svoj na\u010din, i svakome je njegovo najljep\u0161e. Tako i meni u Osijeku. Vama i va\u0161im \u010ditateljima \u017eelim sretan Bo\u017ei\u0107, ma gdje bili.&#8221;<\/p>\n\n\n\n<div id=\"crveno\"><\/p>\n\n\n\n<h3 class=\"wp-block-heading\">Zanima nas va\u0161a pri\u010da<\/h3>\n\n\n\n<p>\u017delite li i vi, posve anonimno, podijeliti svoje iskustvo i vi\u0111enje ove teme s nama i na\u0161im \u010ditateljima, mo\u017eete to u\u010diniti putem web obrasca <a rel=\"noreferrer noopener\" href=\"https:\/\/www.mojevrijeme.hr\/magazin\/povjerljivo\/\" target=\"_blank\">Povjerljivo<\/a>. Napi\u0161ite svoju pri\u010du!<\/p>\n\n\n\n<p><\/div>\n<div id=\"mojev-2501209230\" class=\"mojev-kraj-teksta mojev-entity-placement\" style=\"margin-bottom: 20px;margin-left: auto;margin-right: auto;text-align: center;\"><div class=\"mojev-adlabel\">oglas<\/div><div style=\"height: 250px;\"><script async src=\"https:\/\/pagead2.googlesyndication.com\/pagead\/js\/adsbygoogle.js?client=ca-pub-8106111766207173\"\r\n     crossorigin=\"anonymous\"><\/script>\r\n<!-- Display-1 -->\r\n<ins class=\"adsbygoogle\"\r\n     style=\"display:block\"\r\n     data-ad-client=\"ca-pub-8106111766207173\"\r\n     data-ad-slot=\"1465712950\"\r\n     data-ad-format=\"auto\"\r\n     data-full-width-responsive=\"true\"><\/ins>\r\n<script>\r\n     (adsbygoogle = window.adsbygoogle || []).push({});\r\n<\/script><\/div><\/div>","protected":false},"excerpt":{"rendered":"<p>Gospo\u0111a Eva iz Osijeka ispri\u010dala nam je kako je do\u017eivjela Bo\u017ei\u0107 usred australskog ljeta, na plus 40 stupnjeva, kakvi blagdanski obi\u010daji tamo vladaju i jesu li joj ipak nedostajali osje\u010dka tradicija, zima, pa i snijeg.<\/p>\n","protected":false},"author":15,"featured_media":145749,"comment_status":"closed","ping_status":"closed","sticky":false,"template":"","format":"standard","meta":{"footnotes":""},"categories":[2],"tags":[1963,385,4874],"class_list":["post-145708","post","type-post","status-publish","format-standard","has-post-thumbnail","hentry","category-mozaik","tag-australija","tag-bozic","tag-eva-bertic"],"_links":{"self":[{"href":"https:\/\/www.mojevrijeme.hr\/magazin\/wp-json\/wp\/v2\/posts\/145708","targetHints":{"allow":["GET"]}}],"collection":[{"href":"https:\/\/www.mojevrijeme.hr\/magazin\/wp-json\/wp\/v2\/posts"}],"about":[{"href":"https:\/\/www.mojevrijeme.hr\/magazin\/wp-json\/wp\/v2\/types\/post"}],"author":[{"embeddable":true,"href":"https:\/\/www.mojevrijeme.hr\/magazin\/wp-json\/wp\/v2\/users\/15"}],"replies":[{"embeddable":true,"href":"https:\/\/www.mojevrijeme.hr\/magazin\/wp-json\/wp\/v2\/comments?post=145708"}],"version-history":[{"count":10,"href":"https:\/\/www.mojevrijeme.hr\/magazin\/wp-json\/wp\/v2\/posts\/145708\/revisions"}],"predecessor-version":[{"id":145754,"href":"https:\/\/www.mojevrijeme.hr\/magazin\/wp-json\/wp\/v2\/posts\/145708\/revisions\/145754"}],"wp:featuredmedia":[{"embeddable":true,"href":"https:\/\/www.mojevrijeme.hr\/magazin\/wp-json\/wp\/v2\/media\/145749"}],"wp:attachment":[{"href":"https:\/\/www.mojevrijeme.hr\/magazin\/wp-json\/wp\/v2\/media?parent=145708"}],"wp:term":[{"taxonomy":"category","embeddable":true,"href":"https:\/\/www.mojevrijeme.hr\/magazin\/wp-json\/wp\/v2\/categories?post=145708"},{"taxonomy":"post_tag","embeddable":true,"href":"https:\/\/www.mojevrijeme.hr\/magazin\/wp-json\/wp\/v2\/tags?post=145708"}],"curies":[{"name":"wp","href":"https:\/\/api.w.org\/{rel}","templated":true}]}}