{"id":14572,"date":"2018-04-16T14:19:17","date_gmt":"2018-04-16T12:19:17","guid":{"rendered":"https:\/\/www.mojevrijeme.hr\/magazin\/?p=14572"},"modified":"2018-04-16T22:07:37","modified_gmt":"2018-04-16T20:07:37","slug":"tereza-nemam-glazbenu-nasljednicu-trebalo-bi-me-klonirati","status":"publish","type":"post","link":"https:\/\/www.mojevrijeme.hr\/magazin\/2018\/04\/tereza-nemam-glazbenu-nasljednicu-trebalo-bi-me-klonirati\/","title":{"rendered":"Tereza: Nemam glazbenu nasljednicu, trebalo bi me klonirati"},"content":{"rendered":"<p>Regionalna zvijezda, hrvatska pjeva\u010dica <strong>Tereza Kesovija<\/strong> (79) komentirala je za <a href=\"https:\/\/tabloid.rtl.hr\/zvijezde\/domace-zvijezde\/2986267\/tereza-kesovija-ovi-danasnji-pjesmljuci-to-je-katastrofa\/\" target=\"_blank\" rel=\"noopener\">RTL<\/a> dana\u0161nju glazbenu scenu i popularnu glazbu.<\/p>\n<p>&#8220;Mislim i Mozart je pisao zabavne propo\u0161ne pjesme, ali nigdje nije bilo na granici jeftino\u0107e. Ovo danas. Ovi pjesmuljci , to je katastrofa&#8221;, komentirala je dana\u0161nje top liste.<\/p>\n<p>&#8220;Sje\u0107am se jednog davnog teksta. Mrav nosi teret, mislim kako mrav nosi teret ljubavi. A gdje \u0107u ja na\u0107i sebe u tome? Mislim, ja nisam mrav! Nosi mi se bila boja. Mislim,\u00a0 ako ti se nosi bila boja, \u0161to mora\u0161 vikat da ti se nosi bila boja?&#8221; objasnila je Tereza.<\/p><div id=\"mojev-2329473728\" class=\"mojev-u-tekstu mojev-entity-placement\" style=\"margin-left: auto;margin-right: auto;text-align: center;\"><div class=\"mojev-adlabel\">oglas<\/div><div style=\"height: 250px;\"><script async src=\"https:\/\/pagead2.googlesyndication.com\/pagead\/js\/adsbygoogle.js?client=ca-pub-8106111766207173\"\r\n     crossorigin=\"anonymous\"><\/script>\r\n<!-- Prikazni 1 u tekstu -->\r\n<ins class=\"adsbygoogle\"\r\n     style=\"display:block\"\r\n     data-ad-client=\"ca-pub-8106111766207173\"\r\n     data-ad-slot=\"8535551207\"\r\n     data-ad-format=\"auto\"\r\n     data-full-width-responsive=\"true\"><\/ins>\r\n<script>\r\n     (adsbygoogle = window.adsbygoogle || []).push({});\r\n<\/script><\/div><\/div><br style=\"clear: both; display: block; float: none;\"\/>\n<p>Na sceni je \u0161ezdesetak godina i ka\u017ee da nasljednicu \u2013 nema. \u201eJedino kad bi me netko klonirao. Kao \u0161to je Barbara Streisand napravila sa psima. Ne, ne. Ne mo\u017ee se na\u0107i netko isti\u201c, misli Tereza.<\/p>\n<p>&#8220;One mlade \u017eele bit jo\u0161 mla\u0111e. S tim se ja ne sla\u017eem, jer kad si mlad, onda si lijep i nema\u0161 \u0161to popravljati. Ako ide\u0161 mijenjati nosinu, mijenja\u0161 cijelu fizionomiju. Valjda \u0161to je \u017eensko lice ljep\u0161e, prije dobije posao. Mo\u017ee bit i gluplja, ali bar dobro izgleda&#8221;, smatra Tereza.<\/p>\n<p>&nbsp;<\/p>\n<div id=\"attachment_10125\" style=\"width: 646px\" class=\"wp-caption aligncenter\"><img loading=\"lazy\" decoding=\"async\" aria-describedby=\"caption-attachment-10125\" class=\"size-medium wp-image-10125\" src=\"https:\/\/www.mojevrijeme.hr\/magazin\/wp-content\/uploads\/2017\/08\/tereza-636x352.jpg\" alt=\"\" width=\"636\" height=\"352\" srcset=\"https:\/\/www.mojevrijeme.hr\/magazin\/wp-content\/uploads\/2017\/08\/tereza-636x352.jpg 636w, https:\/\/www.mojevrijeme.hr\/magazin\/wp-content\/uploads\/2017\/08\/tereza.jpg 740w\" sizes=\"auto, (max-width: 636px) 100vw, 636px\" \/><p id=\"caption-attachment-10125\" class=\"wp-caption-text\">Tereza Kesovija (La maison du printemps, 1968.)<\/p><\/div>\n<h3>I Tereza je bila pod no\u017eem<\/h3>\n<p>No i na\u0161a legendarna pjeva\u010dica se svojevremeno podvrgnula estetskoj operaciji. &#8220;Nakon smrti moga brata 1974. moja producentica u Francuskoj pitala me ho\u0107u li\u00a0 nastaviti tugovati ili \u0107u raditi. Rekla mi je da imam pravo tugovati, ali ako \u017eelim nastaviti raditi da moram ne\u0161to napraviti sa svojim licem. I to je bilo to&#8221;, ispri\u010dala je za Tereza Gloriju 2010. godine dodav\u0161i da nema ni\u0161ta protiv estetskih operacija u poslu u kojem &#8220;vas ljudi prvo gledaju, a tek onda slu\u0161aju&#8221;.<\/p>\n<p>O Terezinim estetskim zahvatima progvorio je i dr. Nikola Milojevi\u0107, stru\u010dnjak za estetsku medicinu s londonskom adresom, \u010diji je otac dr. Bo\u0161ko Milojevi\u0107 otvorio prvu\u00a0polikliniku estetske kirurgije u biv\u0161oj Jugoslaviji. &#8220;Ne biste vjerovali, ali kod oca je na liposukciju dolazio i Mate Parlov. A onda i Josipa Lisac, Tereza Kesovija, dolazili su mu svi poznati tada\u0161nje Jugoslavije koji su se odlu\u010divali na takve zahvate. Puno je sura\u0111ivao s kiparima, tako se to tada radilo. Kod nas je na liposukciju dolazio Tony Cetinski, Sanju Dole\u017eal smo pomladili plazmom, pa Nina Badri\u0107, Antonija Bla\u0107e, Kristijan Beluhan, Ronald Braus&#8221;, ispri\u010dao je Milojevi\u0107 <a href=\"https:\/\/www.vecernji.hr\/lifestyle\/kod-oca-na-liposukciju-dolazio-je-i-mate-parlov-josipa-lisac-tereza-kesovija-1144204\" target=\"_blank\" rel=\"noopener\">Ve\u010dernjem listu<\/a> pro\u0161le godine.<\/p>\n<p>&nbsp;<\/p>\n<div id=\"mojev-588962465\" class=\"mojev-kraj-teksta mojev-entity-placement\" style=\"margin-bottom: 20px;margin-left: auto;margin-right: auto;text-align: center;\"><div class=\"mojev-adlabel\">oglas<\/div><div style=\"height: 250px;\"><script async src=\"https:\/\/pagead2.googlesyndication.com\/pagead\/js\/adsbygoogle.js?client=ca-pub-8106111766207173\"\r\n     crossorigin=\"anonymous\"><\/script>\r\n<!-- Display-1 -->\r\n<ins class=\"adsbygoogle\"\r\n     style=\"display:block\"\r\n     data-ad-client=\"ca-pub-8106111766207173\"\r\n     data-ad-slot=\"1465712950\"\r\n     data-ad-format=\"auto\"\r\n     data-full-width-responsive=\"true\"><\/ins>\r\n<script>\r\n     (adsbygoogle = window.adsbygoogle || []).push({});\r\n<\/script><\/div><\/div>","protected":false},"excerpt":{"rendered":"<p>One mlade \u017eele bit jo\u0161 mla\u0111e s \u010dim se ja ne sla\u017eem jer kad si mlad onda si lijep i nema\u0161 \u0161ta popravljati. Ako ide\u0161 mijenjat nosinu, mijenja\u0161 cijelu fizionomiju. Valjda \u0161to je \u017eensko lice ljep\u0161e prije dobije posao, mo\u017ee bit i gluplja ali bar dobro izgleda. <\/p>\n","protected":false},"author":1,"featured_media":53,"comment_status":"closed","ping_status":"closed","sticky":false,"template":"","format":"standard","meta":{"footnotes":""},"categories":[84],"tags":[75,270,21],"class_list":["post-14572","post","type-post","status-publish","format-standard","has-post-thumbnail","hentry","category-show","tag-glazba","tag-pjevaci","tag-tereza-kesovija"],"_links":{"self":[{"href":"https:\/\/www.mojevrijeme.hr\/magazin\/wp-json\/wp\/v2\/posts\/14572","targetHints":{"allow":["GET"]}}],"collection":[{"href":"https:\/\/www.mojevrijeme.hr\/magazin\/wp-json\/wp\/v2\/posts"}],"about":[{"href":"https:\/\/www.mojevrijeme.hr\/magazin\/wp-json\/wp\/v2\/types\/post"}],"author":[{"embeddable":true,"href":"https:\/\/www.mojevrijeme.hr\/magazin\/wp-json\/wp\/v2\/users\/1"}],"replies":[{"embeddable":true,"href":"https:\/\/www.mojevrijeme.hr\/magazin\/wp-json\/wp\/v2\/comments?post=14572"}],"version-history":[{"count":0,"href":"https:\/\/www.mojevrijeme.hr\/magazin\/wp-json\/wp\/v2\/posts\/14572\/revisions"}],"wp:featuredmedia":[{"embeddable":true,"href":"https:\/\/www.mojevrijeme.hr\/magazin\/wp-json\/wp\/v2\/media\/53"}],"wp:attachment":[{"href":"https:\/\/www.mojevrijeme.hr\/magazin\/wp-json\/wp\/v2\/media?parent=14572"}],"wp:term":[{"taxonomy":"category","embeddable":true,"href":"https:\/\/www.mojevrijeme.hr\/magazin\/wp-json\/wp\/v2\/categories?post=14572"},{"taxonomy":"post_tag","embeddable":true,"href":"https:\/\/www.mojevrijeme.hr\/magazin\/wp-json\/wp\/v2\/tags?post=14572"}],"curies":[{"name":"wp","href":"https:\/\/api.w.org\/{rel}","templated":true}]}}