{"id":145789,"date":"2025-12-05T14:23:47","date_gmt":"2025-12-05T13:23:47","guid":{"rendered":"https:\/\/www.mojevrijeme.hr\/magazin\/?p=145789"},"modified":"2025-12-08T20:08:43","modified_gmt":"2025-12-08T19:08:43","slug":"poznato-je-kada-ce-umirovljenici-dobiti-prvu-mirovinu-bez-penalizacije","status":"publish","type":"post","link":"https:\/\/www.mojevrijeme.hr\/magazin\/2025\/12\/poznato-je-kada-ce-umirovljenici-dobiti-prvu-mirovinu-bez-penalizacije\/","title":{"rendered":"Poznato je kada \u0107e umirovljenici dobiti prvu mirovinu bez penalizacije"},"content":{"rendered":"\n<p>S prvim danom idu\u0107e godine po\u010dinje primjena dugo \u010dekanog ukidanja penalizacije prijevremenog umirovljenja onim umirovljenicima koji su navr\u0161ili 70 godina \u017eivota. Slu\u017ebeno, ukinut \u0107e im se smanjenje polaznog faktora zbog ranijeg umirovljenja.<\/p>\n\n\n\n<p>Hrvatski zavod za mirovinsko osiguranje mora najkasnije do 31. o\u017eujka 2026. godine obaviti nove obra\u010dune. Postupak se vodi po slu\u017ebenoj du\u017enosti, bez zahtjeva korisnika i bez novih rje\u0161enja, a razlika za mjesece koji \u0107e prethoditi dovr\u0161etku obrade bit \u0107e naknadno ispla\u0107ena. Drugim rije\u010dima, najkasnije u travnju idu\u0107e godine umirovljenicima \u0107e sti\u0107i prva nepenalizirana mirovina, uve\u0107ana za sve zaostatke od po\u010detka godine.<\/p>\n\n\n\n<p>Ova \u0107e mjera odmah obuhvatiti oko 130.000 ljudi. To su postoje\u0107i korisnici prijevremenih mirovina koji su ve\u0107 navr\u0161ili 70 godina i \u010dije su mirovine bile umanjene primjenom polaznog faktora manjeg od 1,0, kao i oni koji \u0107e to postati do kraja godine. Procjene govore da \u0107e umirovljenici nakon ukidanja penalizacije primati 55 do 60 eura vi\u0161e mjese\u010dno. Navedeno se odnosi i na korisnike starosne i starosne mirovine za dugogodi\u0161njeg osiguranika kojima je mirovina odre\u0111ena primjenom polaznog faktora manjeg od 1,0.<\/p><div id=\"mojev-209886726\" class=\"mojev-u-tekstu mojev-entity-placement\" style=\"margin-left: auto;margin-right: auto;text-align: center;\"><div class=\"mojev-adlabel\">oglas<\/div><div style=\"height: 250px;\"><script async src=\"https:\/\/pagead2.googlesyndication.com\/pagead\/js\/adsbygoogle.js?client=ca-pub-8106111766207173\"\r\n     crossorigin=\"anonymous\"><\/script>\r\n<!-- Prikazni 1 u tekstu -->\r\n<ins class=\"adsbygoogle\"\r\n     style=\"display:block\"\r\n     data-ad-client=\"ca-pub-8106111766207173\"\r\n     data-ad-slot=\"8535551207\"\r\n     data-ad-format=\"auto\"\r\n     data-full-width-responsive=\"true\"><\/ins>\r\n<script>\r\n     (adsbygoogle = window.adsbygoogle || []).push({});\r\n<\/script><\/div><\/div><br style=\"clear: both; display: block; float: none;\"\/>\n\n\n\n<p>Podsjetimo, unato\u010d \u0161irokoj podr\u0161ci me\u0111u umirovljenicima, ekonomska struka znatno je suzdr\u017eanija. Neki analiti\u010dari, poput Danijela Nesti\u0107a, upozoravaju da \u0107e ukidanje penalizacije, iako socijalno osjetljivo za najstarije korisnike, dugoro\u010dno imati cijenu koju \u0107e morati podnijeti cijeli sustav.<\/p>\n\n\n\n<p>Smatraju da se ovom mjerom mijenja temeljno na\u010delo mirovinskog osiguranja prema kojem je visina mirovine razmjerna upla\u0107enim doprinosima i dobi odlaska u mirovinu, te da se time \u0161alje poruka kako je prijevremeno umirovljenje ne samo bez posljedica nego i potencijalno povoljnije od redovnog. Naime, Nesti\u0107 je dokazao da ve\u0107 sada prijevremeni umirovljenici u kona\u010dnici dobiju znatno vi\u0161e novca iz mirovinskog sustava u usporedbi s njihovim kolegama koji su radili do propisane dobi, a sada \u0107e se ta razlika udvostru\u010diti. Vi\u0161e o tomu pro\u010ditajte na <a href=\"https:\/\/www.mojevrijeme.hr\/magazin\/2025\/04\/tko-ode-u-prijevremenu-mirovinu-na-kraju-dobije-vise-ceh-placaju-oni-koji-rade-do-65\/\">ovoj poveznici<\/a>.<\/p>\n<div id=\"mojev-3484885171\" class=\"mojev-kraj-teksta mojev-entity-placement\" style=\"margin-bottom: 20px;margin-left: auto;margin-right: auto;text-align: center;\"><div class=\"mojev-adlabel\">oglas<\/div><div style=\"height: 250px;\"><script async src=\"https:\/\/pagead2.googlesyndication.com\/pagead\/js\/adsbygoogle.js?client=ca-pub-8106111766207173\"\r\n     crossorigin=\"anonymous\"><\/script>\r\n<!-- Display-1 -->\r\n<ins class=\"adsbygoogle\"\r\n     style=\"display:block\"\r\n     data-ad-client=\"ca-pub-8106111766207173\"\r\n     data-ad-slot=\"1465712950\"\r\n     data-ad-format=\"auto\"\r\n     data-full-width-responsive=\"true\"><\/ins>\r\n<script>\r\n     (adsbygoogle = window.adsbygoogle || []).push({});\r\n<\/script><\/div><\/div>","protected":false},"excerpt":{"rendered":"<p>HZMO mora nove izra\u010dune mirovina dovr\u0161iti u zakonom propisanom roku, a postupak se provodi automatski, bez zahtjeva korisnika.<\/p>\n","protected":false},"author":1,"featured_media":134780,"comment_status":"closed","ping_status":"closed","sticky":false,"template":"","format":"standard","meta":{"footnotes":""},"categories":[9],"tags":[1125,1116,3498,3000],"class_list":["post-145789","post","type-post","status-publish","format-standard","has-post-thumbnail","hentry","category-vijesti","tag-danijel-nestic","tag-mirovinska-reforma","tag-penalizacija","tag-prijevremena-mirovina"],"_links":{"self":[{"href":"https:\/\/www.mojevrijeme.hr\/magazin\/wp-json\/wp\/v2\/posts\/145789","targetHints":{"allow":["GET"]}}],"collection":[{"href":"https:\/\/www.mojevrijeme.hr\/magazin\/wp-json\/wp\/v2\/posts"}],"about":[{"href":"https:\/\/www.mojevrijeme.hr\/magazin\/wp-json\/wp\/v2\/types\/post"}],"author":[{"embeddable":true,"href":"https:\/\/www.mojevrijeme.hr\/magazin\/wp-json\/wp\/v2\/users\/1"}],"replies":[{"embeddable":true,"href":"https:\/\/www.mojevrijeme.hr\/magazin\/wp-json\/wp\/v2\/comments?post=145789"}],"version-history":[{"count":14,"href":"https:\/\/www.mojevrijeme.hr\/magazin\/wp-json\/wp\/v2\/posts\/145789\/revisions"}],"predecessor-version":[{"id":145940,"href":"https:\/\/www.mojevrijeme.hr\/magazin\/wp-json\/wp\/v2\/posts\/145789\/revisions\/145940"}],"wp:featuredmedia":[{"embeddable":true,"href":"https:\/\/www.mojevrijeme.hr\/magazin\/wp-json\/wp\/v2\/media\/134780"}],"wp:attachment":[{"href":"https:\/\/www.mojevrijeme.hr\/magazin\/wp-json\/wp\/v2\/media?parent=145789"}],"wp:term":[{"taxonomy":"category","embeddable":true,"href":"https:\/\/www.mojevrijeme.hr\/magazin\/wp-json\/wp\/v2\/categories?post=145789"},{"taxonomy":"post_tag","embeddable":true,"href":"https:\/\/www.mojevrijeme.hr\/magazin\/wp-json\/wp\/v2\/tags?post=145789"}],"curies":[{"name":"wp","href":"https:\/\/api.w.org\/{rel}","templated":true}]}}