{"id":145841,"date":"2025-12-06T22:18:39","date_gmt":"2025-12-06T21:18:39","guid":{"rendered":"https:\/\/www.mojevrijeme.hr\/magazin\/?p=145841"},"modified":"2025-12-07T07:33:35","modified_gmt":"2025-12-07T06:33:35","slug":"draga-ksenija-moja-majka-nosi-kecke-kao-da-joj-je-deset-godina","status":"publish","type":"post","link":"https:\/\/www.mojevrijeme.hr\/magazin\/2025\/12\/draga-ksenija-moja-majka-nosi-kecke-kao-da-joj-je-deset-godina\/","title":{"rendered":"Draga Ksenija: Baka nosi ke\u010dke kao da joj je deset godina"},"content":{"rendered":"\n<p><strong>Draga Ksenija<\/strong>, pi\u0161em vam iz zabave, ali i malo ozbiljno. Moja mama ima 60 godina i nosi ke\u010dke kao da je to najnormalnija stvar na svijetu. Svaki put se prestravim kad vidim da tako &#8220;ure\u0111ena&#8221; \u0161e\u0107e po gradu. Nije to frizura samo za igru s unukom, nego i za odlazak u Konzum.<\/p>\n\n\n\n<p>Najgluplje izgleda kad se dru\u017ei s mojom k\u0107eri i obje imaju istu frizuru. Poku\u0161ala sam joj re\u0107i da mi je neugodno, da to ne ide uz nju, ali ona me ne zarezuje. Jako se trudi biti <em>cool <\/em>i mladena\u010dka baka, a to izgleda jako umjetno i vu\u010de na o\u010daj. <\/p>\n\n\n\n<p>Ne tra\u017eim da napravi <em>bapsku <\/em>trajnu, ni da krene raditi goblene i pjevati u \u017eupnom zboru, ali granice moraju postojati. Ovako kao da imamo u obitelji Pipi Dugu \u010carapu s poreme\u0107ajem u pona\u0161anju zbog koje nam je svima pomalo neugodno. Kako je urazumiti? <em>Normalna<\/em><\/p><div id=\"mojev-707963858\" class=\"mojev-u-tekstu mojev-entity-placement\" style=\"margin-left: auto;margin-right: auto;text-align: center;\"><div class=\"mojev-adlabel\">oglas<\/div><div style=\"height: 250px;\"><script async src=\"https:\/\/pagead2.googlesyndication.com\/pagead\/js\/adsbygoogle.js?client=ca-pub-8106111766207173\"\r\n     crossorigin=\"anonymous\"><\/script>\r\n<!-- Prikazni 1 u tekstu -->\r\n<ins class=\"adsbygoogle\"\r\n     style=\"display:block\"\r\n     data-ad-client=\"ca-pub-8106111766207173\"\r\n     data-ad-slot=\"8535551207\"\r\n     data-ad-format=\"auto\"\r\n     data-full-width-responsive=\"true\"><\/ins>\r\n<script>\r\n     (adsbygoogle = window.adsbygoogle || []).push({});\r\n<\/script><\/div><\/div><br style=\"clear: both; display: block; float: none;\"\/>\n\n\n\n<h3 class=\"wp-block-heading\">Ksenijin odgovor: Puno je razloga za brigu&#8230;<\/h3>\n\n\n\n<p><strong>Draga Normalna<\/strong>, jeste li sigurni da se niste \u017eeljeli potpisati kao Dosadna? Va\u0161a majka nije baka iz Wherter&#8217;s reklame, ali o\u010dito je ta frizura \u010dini sretnom i zbog nje se dobro osje\u0107a. Mo\u017eda je to njen na\u010din da ostane vesela i da se osje\u0107a \u017eivo. Ako su vam dvije ke\u010dke najve\u0107i problem, bojim se da ste problem vi.<\/p>\n\n\n\n<p>Ocjenu o tome je li va\u0161a majka &#8220;zabavna baka&#8221; i koliko je uspje\u0161na u tomu, treba donijeti va\u0161a k\u0107i. Ako se njih dvije sla\u017eu i zabavljaju, to je va\u017enije od bilo kojeg estetskog dojma. Svijet u kojem \u017eivimo pun je groznih i stvarnih razloga za brigu, ali ke\u010dke va\u0161e majke nisu jedan od njih. Umjesto da se pitate kako je urazumiti, budite sretni da je tu s vama i va\u0161om obitelji. <em>Ksenija<\/em><\/p>\n\n\n\n<div id=\"crveno\"><\/p>\n\n\n\n<h3 class=\"wp-block-heading\">Pi\u0161ite Kseniji!<\/h3>\n\n\n\n<p>\u017delite li <strong>anonimno<\/strong> postaviti pitanje i posavjetovati se s na\u0161om kolumnisticom i \u017eivotnom savjetnicom Ksenijom Habunek ili samo ispri\u010dati svoju pri\u010du i vi\u0111enje ove teme, mo\u017eete to u\u010diniti putem internetskog obrasca klikom na <a href=\"https:\/\/www.mojevrijeme.hr\/magazin\/draga-ksenija\/\"><strong>ovu poveznicu<\/strong><\/a>.<\/p>\n\n\n\n<p>Ostala pitanja i Ksenijine odgovore potra\u017eite na <a href=\"https:\/\/www.mojevrijeme.hr\/magazin\/category\/povjerljivo\/draga-ksenija\/\"><strong>ovoj poveznici<\/strong><\/a>.<\/p>\n\n\n\n<p><\/div>\n<div id=\"mojev-230290335\" class=\"mojev-kraj-teksta mojev-entity-placement\" style=\"margin-bottom: 20px;margin-left: auto;margin-right: auto;text-align: center;\"><div class=\"mojev-adlabel\">oglas<\/div><div style=\"height: 250px;\"><script async src=\"https:\/\/pagead2.googlesyndication.com\/pagead\/js\/adsbygoogle.js?client=ca-pub-8106111766207173\"\r\n     crossorigin=\"anonymous\"><\/script>\r\n<!-- Display-1 -->\r\n<ins class=\"adsbygoogle\"\r\n     style=\"display:block\"\r\n     data-ad-client=\"ca-pub-8106111766207173\"\r\n     data-ad-slot=\"1465712950\"\r\n     data-ad-format=\"auto\"\r\n     data-full-width-responsive=\"true\"><\/ins>\r\n<script>\r\n     (adsbygoogle = window.adsbygoogle || []).push({});\r\n<\/script><\/div><\/div>","protected":false},"excerpt":{"rendered":"<p>Iako nam se na\u0161i problemi \u010desto \u010dine ogromnima, ponekad ih treba samo staviti u perspektivu. Upravo to \u010dini \u017eivotna savjetnica Ksenija Habunek u odgovoru \u010ditateljici koju mu\u010di frizura njezine majke.<\/p>\n","protected":false},"author":11,"featured_media":145859,"comment_status":"closed","ping_status":"closed","sticky":false,"template":"","format":"standard","meta":{"footnotes":""},"categories":[4133],"tags":[349],"class_list":["post-145841","post","type-post","status-publish","format-standard","has-post-thumbnail","hentry","category-draga-ksenija","tag-frizure"],"_links":{"self":[{"href":"https:\/\/www.mojevrijeme.hr\/magazin\/wp-json\/wp\/v2\/posts\/145841","targetHints":{"allow":["GET"]}}],"collection":[{"href":"https:\/\/www.mojevrijeme.hr\/magazin\/wp-json\/wp\/v2\/posts"}],"about":[{"href":"https:\/\/www.mojevrijeme.hr\/magazin\/wp-json\/wp\/v2\/types\/post"}],"author":[{"embeddable":true,"href":"https:\/\/www.mojevrijeme.hr\/magazin\/wp-json\/wp\/v2\/users\/11"}],"replies":[{"embeddable":true,"href":"https:\/\/www.mojevrijeme.hr\/magazin\/wp-json\/wp\/v2\/comments?post=145841"}],"version-history":[{"count":20,"href":"https:\/\/www.mojevrijeme.hr\/magazin\/wp-json\/wp\/v2\/posts\/145841\/revisions"}],"predecessor-version":[{"id":145863,"href":"https:\/\/www.mojevrijeme.hr\/magazin\/wp-json\/wp\/v2\/posts\/145841\/revisions\/145863"}],"wp:featuredmedia":[{"embeddable":true,"href":"https:\/\/www.mojevrijeme.hr\/magazin\/wp-json\/wp\/v2\/media\/145859"}],"wp:attachment":[{"href":"https:\/\/www.mojevrijeme.hr\/magazin\/wp-json\/wp\/v2\/media?parent=145841"}],"wp:term":[{"taxonomy":"category","embeddable":true,"href":"https:\/\/www.mojevrijeme.hr\/magazin\/wp-json\/wp\/v2\/categories?post=145841"},{"taxonomy":"post_tag","embeddable":true,"href":"https:\/\/www.mojevrijeme.hr\/magazin\/wp-json\/wp\/v2\/tags?post=145841"}],"curies":[{"name":"wp","href":"https:\/\/api.w.org\/{rel}","templated":true}]}}