{"id":145981,"date":"2025-12-09T13:42:24","date_gmt":"2025-12-09T12:42:24","guid":{"rendered":"https:\/\/www.mojevrijeme.hr\/magazin\/?p=145981"},"modified":"2025-12-09T13:50:28","modified_gmt":"2025-12-09T12:50:28","slug":"umirovljenici-mogu-kupiti-samo-pola-potrosacke-kosarice","status":"publish","type":"post","link":"https:\/\/www.mojevrijeme.hr\/magazin\/2025\/12\/umirovljenici-mogu-kupiti-samo-pola-potrosacke-kosarice\/","title":{"rendered":"Umirovljenici mogu kupiti samo pola potro\u0161a\u010dke ko\u0161arice"},"content":{"rendered":"\n<p>Temeljna prehrambeno-higijenska ko\u0161arica u studenom je poskupjela pa su se, nakon blagog popu\u0161tanja u listopadu, cijene vratile na rujansku razinu. Po\u017ee\u0161ko-slavonska \u017eupanija je, drugi mjesec zaredom, \u0161ampion u kategoriji najskuplje prehrane i higijene. Pokazuje to redovno mjese\u010dno istra\u017eivanje portala za usporedbu cijena <a href=\"https:\/\/koliko.hr\/2025\/12\/09\/potrosacka-kosarica-je-poskupjela-cijene-su-se-u-studenom-vratile-na-rujansku-razinu\/\">Koliko.HR<\/a>, provedeno u suradnji s Hrvatskom udrugom za za\u0161titu potro\u0161a\u010da (HUZP).<\/p>\n\n\n\n<p>Na nacionalnoj razini, najskromnija prehrana za \u010detvero\u010dlanu obitelj uz bazi\u010dnu higijenu u studenom je ko\u0161tala 486,07 eura (+2,51 euro u odnosu na listopad), no regionalne razlike su velike. U Po\u017ee\u0161ko-slavonskoj \u017eupaniji ista ko\u0161arica koju nazivamo i &#8220;ko\u0161arica za pre\u017eivljavanje&#8221; ko\u0161tala je 495,55 eura. Istovremeno je u Sisa\u010dko-moslava\u010dkoj \u017eupaniji bila 18,16 eura jeftinija pa joj je cijena iznosila 477,39 eura.<\/p>\n\n\n\n<p>Kod tro\u010dlanih obitelji situacija je sli\u010dna. Nacionalni prosjek temeljne ko\u0161arice iznosi 386,33 eura (+2,04). Najskuplja ostaje Po\u017ee\u0161ko-slavonska \u017eupanija s 393,95 eura, a najpovoljnija Sisa\u010dko-moslava\u010dka u kojoj je ko\u0161arica ko\u0161tala 379,68 eura. Razlika od najskuplje do najjeftinije tako iznosi 14,27 eura.<\/p><div id=\"mojev-1783295504\" class=\"mojev-u-tekstu mojev-entity-placement\" style=\"margin-left: auto;margin-right: auto;text-align: center;\"><div class=\"mojev-adlabel\">oglas<\/div><div style=\"height: 250px;\"><script async src=\"https:\/\/pagead2.googlesyndication.com\/pagead\/js\/adsbygoogle.js?client=ca-pub-8106111766207173\"\r\n     crossorigin=\"anonymous\"><\/script>\r\n<!-- Prikazni 1 u tekstu -->\r\n<ins class=\"adsbygoogle\"\r\n     style=\"display:block\"\r\n     data-ad-client=\"ca-pub-8106111766207173\"\r\n     data-ad-slot=\"8535551207\"\r\n     data-ad-format=\"auto\"\r\n     data-full-width-responsive=\"true\"><\/ins>\r\n<script>\r\n     (adsbygoogle = window.adsbygoogle || []).push({});\r\n<\/script><\/div><\/div><br style=\"clear: both; display: block; float: none;\"\/>\n\n\n\n<p>Sama\u010dki \u017eivot, zbog izostanka ekonomike dijeljenja, i dalje je najskuplji po osobi pa je temeljna ko\u0161arica u studenom samca ko\u0161tala 250,31 eura (+1,61). I tu je najskuplja Po\u017ee\u0161ko-slavonska \u017eupanija s cijenom od 255,91 euro, dok je najjeftinija Koprivni\u010dko-kri\u017eeva\u010dka \u017eupanija u kojoj se ista ko\u0161arica mogla kupiti za 245,69 eura. Razlika je 10,22 eura.<\/p>\n\n\n\n<h3 class=\"wp-block-heading\">Realne potrebe postaju skuplje<\/h3>\n\n\n\n<p>Poskupjela je i standardna ko\u0161arica, ona koja odra\u017eava stvarne potro\u0161a\u010dke navike hrvatskih obitelji jer uklju\u010duje \u0161iri izbor prehrambenih i higijenskih proizvoda. U studenom je njezina cijena za \u010detvero\u010dlanu obitelj dosegla 721,34 eura (+2,44), dok su tro\u010dlane obitelji za iste artikle izdvajaju 575,82 eura (+2,00). Samci su za standardne potrebe hrane i higijene trebali izdvojiti 326,59 eura (+1,45).<\/p>\n\n\n\n<h3 class=\"wp-block-heading\">\u0160to je poskupjelo, a \u0161to pojeftinilo?<\/h3>\n\n\n\n<p>&#8220;Kada govorimo proizvodima koji su u ko\u0161arici, u odnosu na listopad zna\u010dajno su skuplji deterd\u017eent za pranje rublja, \u0161unka u ovitku i popularne napolitanke. Poskupjelo je i povr\u0107e koje izlazi iz sezone, no pojeftinili su luk i grah. Tako\u0111er, pala je cijena pra\u0107enog svinjskog mesa i toaletnog papira&#8221;, ka\u017ee <strong>Sini\u0161a Domislovi\u0107<\/strong>, developer portala Koliko.HR.<\/p>\n\n\n\n<h3 class=\"wp-block-heading\">Kne\u017eevi\u0107: Umirovljenici samci mogu kupiti samo pola ko\u0161arice<\/h3>\n\n\n\n<p>&#8220;Pojeftinjenje je bilo kratkog vijeka, a tek nas \u010deka &#8216;veselje&#8217; s blagdanskim cijenama. Najvi\u0161e nas \u017ealosti to \u0161to su najskuplje ko\u0161arice sama\u010dkih doma\u0107instava, a takvih je u Hrvatskoj \u010dak 400.000 od ukupno 1,4 milijuna doma\u0107instava. Osobe starije od 65 godina \u010dine 60 posto sama\u010dkih doma\u0107instava pri \u010demu primaju vrlo niske mirovine. Vidimo da je temeljna ko\u0161arica za samca 250,31 eura, a ona sa malo vi\u0161e proizvoda \u010dak 326,59 eura. To zna\u010di da, kad pomire sve re\u017eijske tro\u0161kove, ti na\u0161i sugra\u0111ani imaju poluprazne ko\u0161arice. O tomu bi vi\u0161e ra\u010duna trebali povesti oni koji vode ovu zemlju&#8221;, ka\u017ee predsjednica HUZP-a <strong>Ana Kne\u017eevi\u0107<\/strong>.<\/p>\n\n\n\n<figure class=\"wp-block-image size-large\"><img loading=\"lazy\" decoding=\"async\" width=\"740\" height=\"444\" src=\"https:\/\/www.mojevrijeme.hr\/magazin\/wp-content\/uploads\/2025\/06\/knezevic-740x444.jpg\" alt=\"Ana Kne\u017eevi\u0107, predsjednica Hrvatske udruge za za\u0161titu potro\u0161a\u010da.\" class=\"wp-image-137263\" srcset=\"https:\/\/www.mojevrijeme.hr\/magazin\/wp-content\/uploads\/2025\/06\/knezevic-740x444.jpg 740w, https:\/\/www.mojevrijeme.hr\/magazin\/wp-content\/uploads\/2025\/06\/knezevic-636x382.jpg 636w, https:\/\/www.mojevrijeme.hr\/magazin\/wp-content\/uploads\/2025\/06\/knezevic-768x461.jpg 768w, https:\/\/www.mojevrijeme.hr\/magazin\/wp-content\/uploads\/2025\/06\/knezevic-1536x922.jpg 1536w, https:\/\/www.mojevrijeme.hr\/magazin\/wp-content\/uploads\/2025\/06\/knezevic-1500x900.jpg 1500w, https:\/\/www.mojevrijeme.hr\/magazin\/wp-content\/uploads\/2025\/06\/knezevic-1600x960.jpg 1600w, https:\/\/www.mojevrijeme.hr\/magazin\/wp-content\/uploads\/2025\/06\/knezevic-590x354.jpg 590w, https:\/\/www.mojevrijeme.hr\/magazin\/wp-content\/uploads\/2025\/06\/knezevic-400x240.jpg 400w, https:\/\/www.mojevrijeme.hr\/magazin\/wp-content\/uploads\/2025\/06\/knezevic.jpg 2000w\" sizes=\"auto, (max-width: 740px) 100vw, 740px\" \/><figcaption class=\"wp-element-caption\">Ana Kne\u017eevi\u0107 (foto: Sini\u0161a Bogdani\u0107)<\/figcaption><\/figure>\n\n\n\n<h3 class=\"wp-block-heading\">\u0160to sadr\u017ei temeljna ko\u0161arica?<\/h3>\n\n\n\n<p>Temeljna ko\u0161arica sadr\u017ei 51 artikl i pokriva skromne, ali uravnote\u017eene mjese\u010dne potrebe ku\u0107anstva. U njoj su osnovne namirnice poput kruha, bra\u0161na, tjestenine, ri\u017ee, krumpira, vo\u0107a, povr\u0107a, mesa, jeftinije ribe, mlije\u010dnih proizvoda i za\u010dina te sredstva za osobnu i ku\u0107ansku higijenu kao \u0161to su sapun, \u0161ampon, deterd\u017eent i toaletni papir. Koli\u010dine su prilago\u0111ene stvarnim minimalnim potrebama, bez rasko\u0161i i vi\u0161kova i zato se ova ko\u0161arica naziva \u201cko\u0161aricom za pre\u017eivljavanje\u201d. Prednost se daje doma\u0107im proizvodima koji su dostupni u ve\u0107ini trgova\u010dkih lanaca.<\/p>\n\n\n\n<h3 class=\"wp-block-heading\">\u0160to sadr\u017ei standardna ko\u0161arica?<\/h3>\n\n\n\n<p>U standardnu ko\u0161aricu stane 77 proizvoda i ona predstavlja bogatiju verziju osnovne. Temelji se na navikama i potrebama hrvatskih potro\u0161a\u010da te preferira doma\u0107e proizvode. Uklju\u010duje raznovrsnije vo\u0107e, vi\u0161e mesa, konzerviranu tunu i pa\u0161tete, \u010dokoladne namaze, grickalice, prirodne i gazirane sokove te umjerene koli\u010dine piva i vina. Tu su i dodatni higijenski proizvodi poput papirnatih kuhinjskih ru\u010dnika i vla\u017enih maramica.<\/p>\n\n\n\n<h3 class=\"wp-block-heading\">Kako se ra\u010duna?<\/h3>\n\n\n\n<p>Obje se ko\u0161arice ra\u010dunaju za tri modela ku\u0107anstava: \u010detvero\u010dlanu obitelj (majka, otac, sin od 13 i k\u0107i od 10 godina), tro\u010dlanu obitelj (majka, otac i k\u0107i od 10 godina) te sama\u010dko ku\u0107anstvo (\u017eena od 40 godina). Cijene po \u017eupanijama izra\u010dunate su kao prosjek kontinuiranog pra\u0107enja maloprodajnih cjenika koje su trgova\u010dki lanci du\u017eni svakodnevno objavljivati prema Vladinoj odluci od 2. svibnja 2025. godine. Cijena nacionalne ko\u0161arice predstavlja prosjek \u017eupanijskih vrijednosti i daje najto\u010dniji prikaz tro\u0161kova prehrane i higijene u Hrvatskoj.<\/p>\n\n\n\n<div style=\"height:50px\" aria-hidden=\"true\" class=\"wp-block-spacer\"><\/div>\n\n\n\n<hr class=\"wp-block-separator has-alpha-channel-opacity\"\/>\n\n\n\n<iframe title=\"Temeljna ko\u0161arica za \u010detvero\u010dlanu obitelj - 11\/25\" aria-label=\"Bar Chart\" id=\"datawrapper-chart-QAvxu\" src=\"https:\/\/datawrapper.dwcdn.net\/QAvxu\/1\/\" scrolling=\"no\" frameborder=\"0\" style=\"width: 0; min-width: 100% !important; border: none;\" height=\"569\" data-external=\"1\"><\/iframe><script type=\"text\/javascript\">window.addEventListener(\"message\",function(a){if(void 0!==a.data[\"datawrapper-height\"]){var e=document.querySelectorAll(\"iframe\");for(var t in a.data[\"datawrapper-height\"])for(var r,i=0;r=e[i];i++)if(r.contentWindow===a.source){var d=a.data[\"datawrapper-height\"][t]+\"px\";r.style.height=d}}});<\/script>\n\n\n\n<div style=\"height:50px\" aria-hidden=\"true\" class=\"wp-block-spacer\"><\/div>\n\n\n\n<iframe title=\"Standardna ko\u0161arica za \u010detvero\u010dlanu obitelj - 11\/25\" aria-label=\"Bar Chart\" id=\"datawrapper-chart-Km3le\" src=\"https:\/\/datawrapper.dwcdn.net\/Km3le\/1\/\" scrolling=\"no\" frameborder=\"0\" style=\"width: 0; min-width: 100% !important; border: none;\" height=\"569\" data-external=\"1\"><\/iframe><script type=\"text\/javascript\">window.addEventListener(\"message\",function(a){if(void 0!==a.data[\"datawrapper-height\"]){var e=document.querySelectorAll(\"iframe\");for(var t in a.data[\"datawrapper-height\"])for(var r,i=0;r=e[i];i++)if(r.contentWindow===a.source){var d=a.data[\"datawrapper-height\"][t]+\"px\";r.style.height=d}}});<\/script>\n\n\n\n<p><\/p>\n<div id=\"mojev-1141832976\" class=\"mojev-kraj-teksta mojev-entity-placement\" style=\"margin-bottom: 20px;margin-left: auto;margin-right: auto;text-align: center;\"><div class=\"mojev-adlabel\">oglas<\/div><div style=\"height: 250px;\"><script async src=\"https:\/\/pagead2.googlesyndication.com\/pagead\/js\/adsbygoogle.js?client=ca-pub-8106111766207173\"\r\n     crossorigin=\"anonymous\"><\/script>\r\n<!-- Display-1 -->\r\n<ins class=\"adsbygoogle\"\r\n     style=\"display:block\"\r\n     data-ad-client=\"ca-pub-8106111766207173\"\r\n     data-ad-slot=\"1465712950\"\r\n     data-ad-format=\"auto\"\r\n     data-full-width-responsive=\"true\"><\/ins>\r\n<script>\r\n     (adsbygoogle = window.adsbygoogle || []).push({});\r\n<\/script><\/div><\/div>","protected":false},"excerpt":{"rendered":"<p>Po\u017ee\u0161ko-slavonska \u017eupanija i dalje prednja\u010di kao najskuplja, dok se najpovoljnije \u017eivi u Sisa\u010dko-moslava\u010dkoj. Skuplji deterd\u017eent, \u0161unka u ovitku, napolitanke i sezonsko povr\u0107e dodatno su opteretili ku\u0107ne bud\u017eete.<\/p>\n","protected":false},"author":1,"featured_media":93703,"comment_status":"closed","ping_status":"closed","sticky":false,"template":"","format":"standard","meta":{"footnotes":""},"categories":[9],"tags":[3342,1137,4704,1491,236],"class_list":["post-145981","post","type-post","status-publish","format-standard","has-post-thumbnail","hentry","category-vijesti","tag-ana-knezevic","tag-cijene","tag-kolikohr","tag-potrosacka-kosarica","tag-standard"],"_links":{"self":[{"href":"https:\/\/www.mojevrijeme.hr\/magazin\/wp-json\/wp\/v2\/posts\/145981","targetHints":{"allow":["GET"]}}],"collection":[{"href":"https:\/\/www.mojevrijeme.hr\/magazin\/wp-json\/wp\/v2\/posts"}],"about":[{"href":"https:\/\/www.mojevrijeme.hr\/magazin\/wp-json\/wp\/v2\/types\/post"}],"author":[{"embeddable":true,"href":"https:\/\/www.mojevrijeme.hr\/magazin\/wp-json\/wp\/v2\/users\/1"}],"replies":[{"embeddable":true,"href":"https:\/\/www.mojevrijeme.hr\/magazin\/wp-json\/wp\/v2\/comments?post=145981"}],"version-history":[{"count":2,"href":"https:\/\/www.mojevrijeme.hr\/magazin\/wp-json\/wp\/v2\/posts\/145981\/revisions"}],"predecessor-version":[{"id":145984,"href":"https:\/\/www.mojevrijeme.hr\/magazin\/wp-json\/wp\/v2\/posts\/145981\/revisions\/145984"}],"wp:featuredmedia":[{"embeddable":true,"href":"https:\/\/www.mojevrijeme.hr\/magazin\/wp-json\/wp\/v2\/media\/93703"}],"wp:attachment":[{"href":"https:\/\/www.mojevrijeme.hr\/magazin\/wp-json\/wp\/v2\/media?parent=145981"}],"wp:term":[{"taxonomy":"category","embeddable":true,"href":"https:\/\/www.mojevrijeme.hr\/magazin\/wp-json\/wp\/v2\/categories?post=145981"},{"taxonomy":"post_tag","embeddable":true,"href":"https:\/\/www.mojevrijeme.hr\/magazin\/wp-json\/wp\/v2\/tags?post=145981"}],"curies":[{"name":"wp","href":"https:\/\/api.w.org\/{rel}","templated":true}]}}