{"id":145985,"date":"2025-12-09T16:45:58","date_gmt":"2025-12-09T15:45:58","guid":{"rendered":"https:\/\/www.mojevrijeme.hr\/magazin\/?p=145985"},"modified":"2025-12-09T16:51:23","modified_gmt":"2025-12-09T15:51:23","slug":"za-blagoslov-kuce-dat-cu-50-eura-a-za-vikendicu-20-eura","status":"publish","type":"post","link":"https:\/\/www.mojevrijeme.hr\/magazin\/2025\/12\/za-blagoslov-kuce-dat-cu-50-eura-a-za-vikendicu-20-eura\/","title":{"rendered":"&#8216;Za blagoslov ku\u0107e dat \u0107u 50 eura, a za vikendicu 20 eura&#8217;"},"content":{"rendered":"\n<p><br>Svakog prosinca s na\u0161im sugovornicima razgovaramo i o tome tome treba li i koliko novca dati sve\u0107eniku kod blagoslova ku\u0107a, koji obi\u010dno kre\u0107e od \u0160tefanja i&nbsp;traje do Sveta tri kralja. Ovo je tema koja uvijek iznova potakne skrivene emocije i otkrije razli\u010dita mi\u0161ljenja pa umjesto da razgovor produbimo u duhovnost, sve se na kraju svede na pitanje eura.<\/p>\n\n\n\n<p>Ove godine umirovljenici su nam priznali da su se zbog inflacije odlu\u010dili dati &#8220;povi\u0161icu&#8221;, drugi da za ku\u0107u daju vi\u0161e nego za vikendicu, dok neki su se ve\u0107 naljutili jer su povratnici iz Njema\u010dke najavili iznos koji je nedostupan ve\u0107ini ostalih \u017eupljana.<\/p>\n\n\n\n<h3 class=\"wp-block-heading\">Ivanka: Ove godine dati \u0107u 10 eura vi\u0161e<\/h3>\n\n\n\n<p>Kako nam je povjerila <strong>gospo\u0111a Ivanka<\/strong> (67) iz okolice Zagreba, za nju i susjedu Nadu nema tajni oko toga koliko \u0107e staviti sve\u0107eniku u kuvertu. \u010cak smatraju da je u redu da nijedna ne daje vi\u0161e od druge. \u201dBa\u0161 smo se nedavno na jutarnjoj kavi dotaknule te teme. Lani smo dale po 20 eura, ali ove godine smo zaklju\u010dile da treba dati vi\u0161e, najmanje 30. A opet, bilo bi lijepo zaokru\u017eiti na 50 eura, no u mirovini smo i to nam zvu\u010di previ\u0161e za na\u0161 d\u017eep. Jo\u0161 nismo donijele kona\u010dnu odluku. Pitat \u0107emo malo i druge \u017eupljanke i vije\u0107ati jo\u0161 sigurno nekoliko puta. Naravno, i djeci \u0107emo dati po dva do pet eura&#8221;, otkrila nam je umirovljenica Ivanka.<\/p><div id=\"mojev-3772108839\" class=\"mojev-u-tekstu mojev-entity-placement\" style=\"margin-left: auto;margin-right: auto;text-align: center;\"><div class=\"mojev-adlabel\">oglas<\/div><div style=\"height: 250px;\"><script async src=\"https:\/\/pagead2.googlesyndication.com\/pagead\/js\/adsbygoogle.js?client=ca-pub-8106111766207173\"\r\n     crossorigin=\"anonymous\"><\/script>\r\n<!-- Prikazni 1 u tekstu -->\r\n<ins class=\"adsbygoogle\"\r\n     style=\"display:block\"\r\n     data-ad-client=\"ca-pub-8106111766207173\"\r\n     data-ad-slot=\"8535551207\"\r\n     data-ad-format=\"auto\"\r\n     data-full-width-responsive=\"true\"><\/ins>\r\n<script>\r\n     (adsbygoogle = window.adsbygoogle || []).push({});\r\n<\/script><\/div><\/div><br style=\"clear: both; display: block; float: none;\"\/>\n\n\n\n<h3 class=\"wp-block-heading\">Vi\u0161nja: Za ku\u0107u dajem vi\u0161e nego za vikendicu<\/h3>\n\n\n\n<p>Na tu smo temu razgovarali i sa zagreba\u010dkom <strong>umirovljenicom Vi\u0161njom<\/strong> (66) koja nas je iznenadila \u010dinjenicom da ve\u0107 vi\u0161e desetlje\u0107a ima dvostruka mjerila kad je rije\u010d o procjeni koliko je u redu sve\u0107eniku dati za blagoslov ku\u0107e u kojoj \u017eivi, a koliko za vikendicu. \u201dPro\u0161le sam godine za ku\u0107u u Zagrebu dala 50 eura, a za vikendicu u Gorskom kotaru 20 eura. Tako planiram i ove godine.\u201d<\/p>\n\n\n\n<p>Na pitanje ho\u0107e li putovati u vikendicu kad sve\u0107enik najavi obilazak, ka\u017ee da joj to nije praksa. \u201dVe\u0107 petnaestak godina susjedi ostavljam klju\u010d, ona otvori sve\u0107eniku i bude s njim dok blagoslivlja. Na ra\u010dun \u0107u joj i ove godine prebaciti 20 eura koje \u0107e ona dati u moje ime. Zahvalna sam joj neizmjerno\u201d, govori nam gospo\u0111a Vi\u0161nja.<\/p>\n\n\n\n<h3 class=\"wp-block-heading\">Veronika: Ljuti me susjeda s njema\u010dkom penzijom <\/h3>\n\n\n\n<p>Nazvali smo potom i <strong>gospo\u0111u Veroniku<\/strong> iz Karlovca koja tako\u0111er blagoslovi vikendicu koju ima na moru. Rekla je kako je svjesna da je blagoslov ku\u0107a zapravo usmjeren na blagoslov obitelji, a ne zidova, ali ipak nitko iz obitelji ne\u0107e nazo\u010diti blagoslovu ljetnikovca.<\/p>\n\n\n\n<p>\u201dMeni je srce na mjestu kad su obje ku\u0107e blagoslovljene i ne\u0107u to mijenjati, niti \u0107u obitelj tjerati da putuje na Lo\u0161inj u ledenu vikendicu kad se sve\u0107enik najavi. Imam prijateljicu koja s njim dogovori da, nakon \u0161to blagoslovi njezinu ku\u0107u, odu do moje i to obave. Novac joj ili ostavim najesen kad se vra\u0107am u Karlovac, ili joj dam prvom prilikom, obi\u010dno kad do\u0111em Uskrsa\u201d, ka\u017ee umirovljenica Veronika.<\/p>\n\n\n\n<p>U crkvi je aktivna jo\u0161 od malena.. \u201dMene su tu \u017eene ve\u0107 pitale koliko \u0107u dati sve\u0107eniku ove godine, ali ja im ne\u0107u re\u0107i, to je moja stvar. Ne \u017eelim re\u0107i ni vama. Ljuti me jedino \u0161to imamo jednu vjernicu, povratnicu iz Njema\u010dke, koja ve\u0107 trubi da \u0107e dati sto eura. Iako ima ve\u0107u mirovinu od moje, mislim da la\u017ee da bi ispala ve\u0107a vjernica od nas\u201d, zaklju\u010duje gospo\u0111a Veronika. A vi, koliko \u0107ete dati?<\/p>\n\n\n\n<div id=\"crveno\"><\/p>\n\n\n\n<h3 class=\"wp-block-heading\">Zanima nas va\u0161a pri\u010da<\/h3>\n\n\n\n<p>\u017delite li i vi, posve anonimno, podijeliti svoje iskustvo i vi\u0111enje ove teme s nama i na\u0161im \u010ditateljima, mo\u017eete to u\u010diniti putem web obrasca <a rel=\"noreferrer noopener\" href=\"https:\/\/www.mojevrijeme.hr\/magazin\/povjerljivo\/\" target=\"_blank\">Povjerljivo<\/a>. Napi\u0161ite svoju pri\u010du!<\/p>\n\n\n\n<p><\/div>\n<div id=\"mojev-2569241174\" class=\"mojev-kraj-teksta mojev-entity-placement\" style=\"margin-bottom: 20px;margin-left: auto;margin-right: auto;text-align: center;\"><div class=\"mojev-adlabel\">oglas<\/div><div style=\"height: 250px;\"><script async src=\"https:\/\/pagead2.googlesyndication.com\/pagead\/js\/adsbygoogle.js?client=ca-pub-8106111766207173\"\r\n     crossorigin=\"anonymous\"><\/script>\r\n<!-- Display-1 -->\r\n<ins class=\"adsbygoogle\"\r\n     style=\"display:block\"\r\n     data-ad-client=\"ca-pub-8106111766207173\"\r\n     data-ad-slot=\"1465712950\"\r\n     data-ad-format=\"auto\"\r\n     data-full-width-responsive=\"true\"><\/ins>\r\n<script>\r\n     (adsbygoogle = window.adsbygoogle || []).push({});\r\n<\/script><\/div><\/div>","protected":false},"excerpt":{"rendered":"<p>Crkva sugerira da prilikom blagoslova ku\u0107a svatko daruje prema svojim financijskim mogu\u0107nostima i da se oni koji nemaju ne trebaju osje\u0107ati neugodno. Iako je cilj blagoslova duhovne, a ne financijske prirode, pitanje koliko novca dati sve\u0107eniku kod mnogih izazove buru emocija, a osobito nelagodu.<\/p>\n","protected":false},"author":17,"featured_media":133508,"comment_status":"closed","ping_status":"closed","sticky":false,"template":"","format":"standard","meta":{"footnotes":""},"categories":[3552],"tags":[3017,17],"class_list":["post-145985","post","type-post","status-publish","format-standard","has-post-thumbnail","hentry","category-povjerljivo","tag-blagoslov-kuca","tag-novac"],"_links":{"self":[{"href":"https:\/\/www.mojevrijeme.hr\/magazin\/wp-json\/wp\/v2\/posts\/145985","targetHints":{"allow":["GET"]}}],"collection":[{"href":"https:\/\/www.mojevrijeme.hr\/magazin\/wp-json\/wp\/v2\/posts"}],"about":[{"href":"https:\/\/www.mojevrijeme.hr\/magazin\/wp-json\/wp\/v2\/types\/post"}],"author":[{"embeddable":true,"href":"https:\/\/www.mojevrijeme.hr\/magazin\/wp-json\/wp\/v2\/users\/17"}],"replies":[{"embeddable":true,"href":"https:\/\/www.mojevrijeme.hr\/magazin\/wp-json\/wp\/v2\/comments?post=145985"}],"version-history":[{"count":15,"href":"https:\/\/www.mojevrijeme.hr\/magazin\/wp-json\/wp\/v2\/posts\/145985\/revisions"}],"predecessor-version":[{"id":146022,"href":"https:\/\/www.mojevrijeme.hr\/magazin\/wp-json\/wp\/v2\/posts\/145985\/revisions\/146022"}],"wp:featuredmedia":[{"embeddable":true,"href":"https:\/\/www.mojevrijeme.hr\/magazin\/wp-json\/wp\/v2\/media\/133508"}],"wp:attachment":[{"href":"https:\/\/www.mojevrijeme.hr\/magazin\/wp-json\/wp\/v2\/media?parent=145985"}],"wp:term":[{"taxonomy":"category","embeddable":true,"href":"https:\/\/www.mojevrijeme.hr\/magazin\/wp-json\/wp\/v2\/categories?post=145985"},{"taxonomy":"post_tag","embeddable":true,"href":"https:\/\/www.mojevrijeme.hr\/magazin\/wp-json\/wp\/v2\/tags?post=145985"}],"curies":[{"name":"wp","href":"https:\/\/api.w.org\/{rel}","templated":true}]}}