{"id":145990,"date":"2025-12-09T14:25:58","date_gmt":"2025-12-09T13:25:58","guid":{"rendered":"https:\/\/www.mojevrijeme.hr\/magazin\/?p=145990"},"modified":"2025-12-09T14:32:51","modified_gmt":"2025-12-09T13:32:51","slug":"gabricevic-stizu-blagodati-rast-ce-mirovine-godisnji-dodatak-je-primjeren","status":"publish","type":"post","link":"https:\/\/www.mojevrijeme.hr\/magazin\/2025\/12\/gabricevic-stizu-blagodati-rast-ce-mirovine-godisnji-dodatak-je-primjeren\/","title":{"rendered":"Gabri\u010devi\u0107: Sti\u017eu blagodati, rast \u0107e mirovine, godi\u0161nji dodatak je primjeren"},"content":{"rendered":"\n<p>&#8220;Za umirovljenike je ura\u0111eno zaista puno vi\u0161e nego u bilo kojoj godini do sada&#8221;, izjavio je predsjednik jedine parlamentarne umirovljeni\u010dke stranke <strong>Veselko Gabri\u010devi\u0107<\/strong> o umirovljeni\u010dkoj 2025. godini. <\/p>\n\n\n\n<p>Predsjednik Hrvatske stranke umirovljenika (HSU) podsjetio je u programu <a href=\"https:\/\/n1info.hr\/biznis\/sto-ceka-umirovljenike-od-1-sijecnja-brisanje-penalizacije-za-137000-korisnika-ukidanje-poreza-na-mirovine\/\" target=\"_blank\" rel=\"noreferrer noopener\">N1<\/a> televizije da je 1. srpnja na snagu stupio novi Zakon o mirovinskom osiguranju, koji je, ka\u017ee, donio puno pozitivnih promjena, u korist svih umirovljenika.<\/p>\n\n\n\n<p>Mnogi umirovljenici osjetit \u0107e blagodati tog zakona, misli ovaj partner u vladaju\u0107oj koaliciji, jer sve invalidske mirovine rastu za deset posto od Nove godine. Time \u0107e biti obuhva\u0107eno preko 200.000 umirovljenika. Uz to, napominje, ukida se i penalizacija za sve prijevremene umirovljenike stare i starije od 70 godina, \u010dime \u0107e se obuhvatiti \u010dak 137.000 prijevremenih mirovina koje \u0107e u prosjeku porasti za 55 posto.<\/p><div id=\"mojev-3761213060\" class=\"mojev-u-tekstu mojev-entity-placement\" style=\"margin-left: auto;margin-right: auto;text-align: center;\"><div class=\"mojev-adlabel\">oglas<\/div><div style=\"height: 250px;\"><script async src=\"https:\/\/pagead2.googlesyndication.com\/pagead\/js\/adsbygoogle.js?client=ca-pub-8106111766207173\"\r\n     crossorigin=\"anonymous\"><\/script>\r\n<!-- Prikazni 1 u tekstu -->\r\n<ins class=\"adsbygoogle\"\r\n     style=\"display:block\"\r\n     data-ad-client=\"ca-pub-8106111766207173\"\r\n     data-ad-slot=\"8535551207\"\r\n     data-ad-format=\"auto\"\r\n     data-full-width-responsive=\"true\"><\/ins>\r\n<script>\r\n     (adsbygoogle = window.adsbygoogle || []).push({});\r\n<\/script><\/div><\/div><br style=\"clear: both; display: block; float: none;\"\/>\n\n\n\n<p>Spomenuo je i godi\u0161nji dodatak na mirovine koji \u0107e se ispla\u0107ivati umirovljenicima na kraju svake kalendarske godine. Na pitanje je li ipak velik dio umirovljenika o\u010dekivao ve\u0107i dodatak, Gabri\u010devi\u0107 je odgovorio: &#8220;Upornim razgovorima i pregovorima s premijerom Plenkovi\u0107em, ministrom financija Primorcem i ministrom mirovinskog sustava Pileti\u0107em, tra\u017eili daleko ve\u0107u cifru. I\u0161li smo s 10 eura, ali nismo mogli nikako.&#8221;<\/p>\n\n\n\n<h3 class=\"wp-block-heading\">Nema pa nema<\/h3>\n\n\n\n<p>&#8220;Kad nam je predo\u010deno pravo stanje dr\u017eavne riznice i kada smo vidjeli da novca ima samo za \u010detiri eura po godini radnog sta\u017ea, rekli smo da se ne mo\u017eemo nikako s tim pomiriti. I i\u0161lo se na ne\u0161to \u0161to je maksimalno u ovom trenutku, a to je tih \u0161est eura. Tih \u0161est eura je 210 milijuna eura iz dr\u017eavnog prora\u010duna. Umirovljenika je milijun i 230 tisu\u0107a, i ovih \u0161est eura je zaista ipak primjereno za sada&#8221;, zaklju\u010duje Gabri\u010devi\u0107 o adekvatnosti takozvane 13. mirovine.<\/p>\n\n\n\n<h3 class=\"wp-block-heading\">Najbolje tek dolazi<\/h3>\n\n\n\n<p>&#8220;U 2026. godini ide novi zakon o porezima i u tom zakonu \u0107e biti ukinuti porezi na sve mirovine. Sada ima ve\u0107 nekakvih prijepora u javnosti oko toga. Pa se javljaju neki stru\u010dnjaci koji ka\u017eu da taj porez ne bi trebalo ukinuti, da bi ga mo\u017eda trebalo i pove\u0107ati. Me\u0111utim, mi smo postigli takav dogovor s resornim ministarstvima i Vladom RH. U taj zakon ide ukidanje poreza na mirovine&#8221;, rekao je \u0161ef HSU-a.<\/p>\n\n\n\n<p>&#8220;Danas imamo dosta veliki broj umirovljenika s niskim mirovinama. Preko 270 tisu\u0107a umirovljenika prima mirovine ispod 450 eura. Danas je prosje\u010dna mirovina negdje oko 691 euro ili 47 posto prosje\u010dne pla\u0107e. Sada kada dobiju \u0161est eura po godini radnog sta\u017ea, ona \u0107e prije\u0107i 700 eura. Mislim da \u0107emo u mandatu ove Vlade zaista osigurati 800 eura prosje\u010dnu mirovinu, ali mislim i da \u0107e biti i ne\u0161to vi\u0161a od toga&#8221;, optimisti\u010dno ka\u017ee za <a href=\"https:\/\/n1info.hr\/biznis\/sto-ceka-umirovljenike-od-1-sijecnja-brisanje-penalizacije-za-137000-korisnika-ukidanje-poreza-na-mirovine\/\" target=\"_blank\" rel=\"noreferrer noopener\">N1<\/a> Veselko Gabri\u010devi\u0107.<\/p>\n<div id=\"mojev-1106585340\" class=\"mojev-kraj-teksta mojev-entity-placement\" style=\"margin-bottom: 20px;margin-left: auto;margin-right: auto;text-align: center;\"><div class=\"mojev-adlabel\">oglas<\/div><div style=\"height: 250px;\"><script async src=\"https:\/\/pagead2.googlesyndication.com\/pagead\/js\/adsbygoogle.js?client=ca-pub-8106111766207173\"\r\n     crossorigin=\"anonymous\"><\/script>\r\n<!-- Display-1 -->\r\n<ins class=\"adsbygoogle\"\r\n     style=\"display:block\"\r\n     data-ad-client=\"ca-pub-8106111766207173\"\r\n     data-ad-slot=\"1465712950\"\r\n     data-ad-format=\"auto\"\r\n     data-full-width-responsive=\"true\"><\/ins>\r\n<script>\r\n     (adsbygoogle = window.adsbygoogle || []).push({});\r\n<\/script><\/div><\/div>","protected":false},"excerpt":{"rendered":"<p>Da Vlada nije ograni\u010dila rast cijena sto proizvoda, da nismo pove\u0107ali formulu uskla\u0111ivanja mirovina, polo\u017eaj umirovljenika bi bio daleko te\u017ei. Daleko ve\u0107i broj umirovljenika bi bio u zoni siroma\u0161tva, ka\u017ee prvak HSU-a.<\/p>\n","protected":false},"author":1,"featured_media":133004,"comment_status":"closed","ping_status":"closed","sticky":false,"template":"","format":"standard","meta":{"footnotes":""},"categories":[9],"tags":[3398,111,18,4241,2584],"class_list":["post-145990","post","type-post","status-publish","format-standard","has-post-thumbnail","hentry","category-vijesti","tag-13-mirovina","tag-hrvatska-stranka-umirovljenika","tag-mirovine","tag-porez-na-dohodak","tag-veselko-gabricevic"],"_links":{"self":[{"href":"https:\/\/www.mojevrijeme.hr\/magazin\/wp-json\/wp\/v2\/posts\/145990","targetHints":{"allow":["GET"]}}],"collection":[{"href":"https:\/\/www.mojevrijeme.hr\/magazin\/wp-json\/wp\/v2\/posts"}],"about":[{"href":"https:\/\/www.mojevrijeme.hr\/magazin\/wp-json\/wp\/v2\/types\/post"}],"author":[{"embeddable":true,"href":"https:\/\/www.mojevrijeme.hr\/magazin\/wp-json\/wp\/v2\/users\/1"}],"replies":[{"embeddable":true,"href":"https:\/\/www.mojevrijeme.hr\/magazin\/wp-json\/wp\/v2\/comments?post=145990"}],"version-history":[{"count":16,"href":"https:\/\/www.mojevrijeme.hr\/magazin\/wp-json\/wp\/v2\/posts\/145990\/revisions"}],"predecessor-version":[{"id":146008,"href":"https:\/\/www.mojevrijeme.hr\/magazin\/wp-json\/wp\/v2\/posts\/145990\/revisions\/146008"}],"wp:featuredmedia":[{"embeddable":true,"href":"https:\/\/www.mojevrijeme.hr\/magazin\/wp-json\/wp\/v2\/media\/133004"}],"wp:attachment":[{"href":"https:\/\/www.mojevrijeme.hr\/magazin\/wp-json\/wp\/v2\/media?parent=145990"}],"wp:term":[{"taxonomy":"category","embeddable":true,"href":"https:\/\/www.mojevrijeme.hr\/magazin\/wp-json\/wp\/v2\/categories?post=145990"},{"taxonomy":"post_tag","embeddable":true,"href":"https:\/\/www.mojevrijeme.hr\/magazin\/wp-json\/wp\/v2\/tags?post=145990"}],"curies":[{"name":"wp","href":"https:\/\/api.w.org\/{rel}","templated":true}]}}