{"id":146023,"date":"2025-12-09T20:59:36","date_gmt":"2025-12-09T19:59:36","guid":{"rendered":"https:\/\/www.mojevrijeme.hr\/magazin\/?p=146023"},"modified":"2025-12-09T21:00:50","modified_gmt":"2025-12-09T20:00:50","slug":"ne-zelim-biti-baka-jer-se-bojim-u-kakvom-bi-svijetu-zivjeli-moji-unuci","status":"publish","type":"post","link":"https:\/\/www.mojevrijeme.hr\/magazin\/2025\/12\/ne-zelim-biti-baka-jer-se-bojim-u-kakvom-bi-svijetu-zivjeli-moji-unuci\/","title":{"rendered":"Ne \u017eelim biti baka jer se bojim u kakvom bi svijetu \u017eivjeli moji unuci"},"content":{"rendered":"\n<p>Ova ispovijest vjerojatno ne\u0107e biti popularna. Moja djeca ne\u0107e, vjerojatno, biti odu\u0161evljena. Ako ste baka ili djed, vjerojatno ne\u0107ete biti ni vi zadovoljni.<\/p>\n\n\n\n<p>Ne \u017eelim biti baka. Ne zbog ta\u0161tine. Ne zbog toga \u0161to ove godine navr\u0161avam 60 godina i pomisao da budem baka dodatno nagla\u0161ava koliko sam stara. Ne zbog toga \u0161to su moje k\u0107eri premlade za djecu jer tek su nedavno diplomirale i jo\u0161 tra\u017ee svoje mjesto u svijetu.<\/p>\n\n\n\n<p>Razlog je taj \u0161to je ovaj svijet, koliko god nekad bio predivan, jednostavno previ\u0161e neprijateljski nastrojen prema bilo kojem budu\u0107em unuku kojeg bih mogla imati. Moja Oma (baka) imala je 29 godina kada je 1944. rodila moju majku u vlastitom krevetu u Nizozemskoj. Bio je Drugi svjetski rat, bombe su padale oko nje.<\/p><div id=\"mojev-2839659767\" class=\"mojev-u-tekstu mojev-entity-placement\" style=\"margin-left: auto;margin-right: auto;text-align: center;\"><div class=\"mojev-adlabel\">oglas<\/div><div style=\"height: 250px;\"><script async src=\"https:\/\/pagead2.googlesyndication.com\/pagead\/js\/adsbygoogle.js?client=ca-pub-8106111766207173\"\r\n     crossorigin=\"anonymous\"><\/script>\r\n<!-- Prikazni 1 u tekstu -->\r\n<ins class=\"adsbygoogle\"\r\n     style=\"display:block\"\r\n     data-ad-client=\"ca-pub-8106111766207173\"\r\n     data-ad-slot=\"8535551207\"\r\n     data-ad-format=\"auto\"\r\n     data-full-width-responsive=\"true\"><\/ins>\r\n<script>\r\n     (adsbygoogle = window.adsbygoogle || []).push({});\r\n<\/script><\/div><\/div><br style=\"clear: both; display: block; float: none;\"\/>\n\n\n\n<p>Moja majka imala je samo 18 godina kad me je 1962. rodila posve sama u bolni\u010dkoj sobi, neposredno prije Kubanske krize koja je Sjedinjene Dr\u017eave i Sovjetski Savez dovela na rub rata. Kad sam rodila svoje prvo dijete s 35 godina, a drugo s 38, svijet je bio pun sukoba; od nemira u Sjevernoj Irskoj do gra\u0111anskih ratova u Iraku, Afganistanu, Sierra Leoneu i \u010ce\u010deniji. Svi se ra\u0111amo u svijetu rata.<\/p>\n\n\n\n<h3 class=\"wp-block-heading\">Najsmrtonosniji rat je tek po\u010deo<\/h3>\n\n\n\n<p>Ali daleko najve\u0107i i najsmrtonosniji rat, onaj koji me tjera u o\u010daj zbog svijeta koji bi moji potencijalni unuci mogli naslijediti, jest rat koji trenutno vodimo s na\u0161im planetom koji bi u nadolaze\u0107im desetlje\u0107ima mogao biti poharan klimatskim promjenama.<\/p>\n\n\n\n<p>Ujedinjeni narodi izdali su &#8220;crveni alarm za \u010dovje\u010danstvo&#8221; nakon \u0161to su vode\u0107i znanstvenici iz 66 zemalja izradili klju\u010dni izvje\u0161taj o klimatskim promjenama. To je dokument od 3900 stranica koji \u010dovje\u010danstvu daje ocjenu &#8220;nedovoljan&#8221; zbog uni\u0161tavanja Zemlje koju bismo trebali ostaviti budu\u0107im generacijama. Klimatska kriza prelazi u klimatsku katastrofu. Neki je nazivaju apokalipsom.<\/p>\n\n\n\n<h3 class=\"wp-block-heading\">Ne \u017eelim da mi unuci do\u017eive apokalipsu<\/h3>\n\n\n\n<p>\u017delim li da moji unuci \u017eive u apokalipti\u010dnom svijetu? Nikako. Globalno zatopljenje dose\u0107i \u0107e kriti\u010dnu granicu od 1,5 \u00b0C do ranih 2030-ih, \u0161to \u0107e nas odvesti prema sve ozbiljnijim klimatskim poreme\u0107ajima. S rastom temperatura i promjenama vremenskih obrazaca \u0161irit \u0107e se bolesti, zaga\u0111iva\u010di zraka i nesigurnost hrane. <\/p>\n\n\n\n<p>Djeca ro\u0111ena danas suo\u010davat \u0107e se s dva do sedam puta vi\u0161e klimatskih katastrofa nego njihovi djedovi i bake, uklju\u010duju\u0107i po\u017eare, oluje, poplave i su\u0161e. Zamislite svoje unu\u010de kako se ne mo\u017ee igrati vani zbog dima od \u0161umskih po\u017eara koji mu ote\u017eavaju disanje. Ili da gladuje i \u017ee\u0111a zbog nedostatka hrane i vode.<\/p>\n\n\n\n<p>Svaka beba ro\u0111ena danas podnosit \u0107e razorne u\u010dinke klimatskih promjena tijekom svog djetinjstva i mladosti. Kako \u0107emo ih, kao bake i djedovi, za\u0161tititi? Ne\u0107emo mo\u0107i. Zato mi san o tome da budem baka (a ne sumnjajte, bio bi to divan san dr\u017eati dijete svog djeteta u naru\u010dju) vi\u0161e li\u010di na no\u0107nu moru.<\/p>\n\n\n\n<h3 class=\"wp-block-heading\">Ne mogu zatvarati o\u010di pred problemom<\/h3>\n\n\n\n<p>Moj biv\u0161i suprug, otac na\u0161ih k\u0107eri, vje\u010dni je optimist koji ne vjeruje u fokusiranje na negativno. &#8220;Opusti se&#8221;, ka\u017ee mi. &#8220;Ljudi su imali djecu tijekom ledenog doba. Led se ve\u0107 topio prije i ljudi su to pre\u017eivjeli.&#8221; Zavidim mu na njegovoj nebrizi.<\/p>\n\n\n\n<p>Ipak, kada smo se vjen\u010dali 1986. godine, oboje smo bili \u010dvrsto uvjereni da ne \u017eelimo djecu. Svijet je bio prenapu\u010den, govorili smo tada. Imati djecu bilo je \u010din narcizma, govorili smo. Kada su na\u0161i prijatelji dobivali djecu, javno smo obo\u017eavali njihovu djecu, ali privatno smo se pitali koliko je mudro to \u0161to su donijeli nove ljude na svijet.<\/p>\n\n\n\n<p>Sve dok nisam napunila 34 godine i jedno se jutro probudila s intenzivnom \u017eeljom koja mi je bila potpuno nova. Htjela sam dijete. Tada i tamo. Moji principi odletjeli su kroz prozor kao i kontracepcija koju smo koristili 15 godina. \u010cesto nema logike u na\u0161im postupcima. Strastveno vjerujemo jedno, a postupamo potpuno druga\u010dije.<\/p>\n\n\n\n<h3 class=\"wp-block-heading\">Odvajanje otpada nije dovoljno<\/h3>\n\n\n\n<p>Ka\u017eete da postoji nada za budu\u0107nost? Ako budemo odvajali otpad, reciklirali i su\u0161ili rublje na zraku, bit \u0107e sve u redu, zar ne? Ne, ne\u0107e. Te stvari su sitnice u usporedbi sa stvarima koje moramo u\u010diniti ako \u017eelimo sa\u010duvati planet. Najve\u0107a od tih stvari ili odluka je nemati djecu i unuke koji \u0107e tijekom svog \u017eivota proizvoditi emisije ugljika i time pridonositi klimatskoj krizi.<\/p>\n\n\n\n<p>Dijete ro\u0111eno u razvijenom svijetu ostavlja uglji\u010dni otisak od 58,6 metri\u010dkih tona godi\u0161nje, prema istra\u017eivanju objavljenom u \u010dasopisu <em>Environmental Research Letters<\/em>. Nakon odluke da nemamo djecu, najbolje \u0161to mo\u017eemo u\u010diniti za planet jest \u017eivjeti bez automobila, izbjegavati letove zrakoplovima i hraniti se biljnom prehranom. Sve to daleko je te\u017ee od jednostavne promjene LED \u017earulja.<\/p>\n\n\n\n<p>Puno je ljudi koji imaju manje djece ili ih uop\u0107e nemaju kako bi smanjili globalno zagrijavanje. Demokratska politi\u010darka Alexandria Ocasio-Cortez pitala je je li ra\u0111anje djece moralno prihvatljivo. &#8220;Postoji znanstveni konsenzus da \u0107e \u017eivoti djece biti vrlo te\u0161ki. To dovodi mlade ljude do legitimnog pitanja: Je li u redu imati djecu?&#8221; napisala je na Instagramu.<\/p>\n\n\n\n<p>\u010clanovi pokreta poput <em>Extinction Rebellion<\/em>, <em>BirthStrike<\/em> i <em>Stophavingkids.org<\/em> glasno govore o tome da nemaju djecu kako bi skrenuli pozornost na ozbiljnost ekolo\u0161ke krize. Tu je i &#8220;antinatalisti\u010dki&#8221; pokret koji promovira ideju da je ra\u0111anje djece moralno pogre\u0161no jer je ovaj \u017eivot ni\u0161ta drugo nego dolina suza.<\/p>\n\n\n\n<h3 class=\"wp-block-heading\">Ipak, unuci nisu na\u0161 izbor<\/h3>\n\n\n\n<p>Ali dok mo\u017eete biti bez djece po izboru, ne mo\u017eete biti bez unuka po izboru. To ovisi o va\u0161oj djeci. Voljela bih da mogu biti poput svoje prijateljice Maggie, koja u\u017eiva u radosti svojih troje unu\u010dadi. &#8220;Ne mogu razmi\u0161ljati o tome da \u0107e planet eksplodirati za 100 godina&#8221;, ka\u017ee. &#8220;Razmi\u0161ljam o dana\u0161njem danu i o tome koliko mi radosti donosi.&#8221;<\/p>\n\n\n\n<p>Je li na\u0161a \u017eelja za unucima inherentno sebi\u010dna? Pokre\u0107e li je evolucijska biologija? \u017delja za davanjem i primanjem ljubavi? Mogu li sve tri stvari biti istinite u isto vrijeme? Je li krajnje hereti\u010dno o\u010dekivati da moje k\u0107eri budu li\u0161ene iskustva maj\u010dinstva, iskustva koje mi je donijelo najve\u0107u radost u \u017eivotu? Mislim da bi odgovor na to bio da.<\/p>\n\n\n\n<p>Pisac Gore Vidal prisjetio se kako je njegov djed rekao: &#8220;Nikad nemoj imati djecu, imaj samo unuke.&#8221; Mislim da je to vrijedilo za mene i moju Omu. Mogla je biti stroga prema mojoj mami dok je odrastala, ali mene je obo\u017eavala. Voljela me bezuvjetno i ja sam je obo\u017eavala. Sjedila sam joj u krilu nakon obiteljskih ve\u010dera nedjeljom (dok bi Opa \u010ditao Bibliju) sve dok nisam napunila 12 godina i nevoljko shvatila da sam preduga i premr\u0161ava za to.<\/p>\n\n\n\n<p>Nema sumnje da bake mogu biti veliki dar u \u017eivotima svojih unuka. Na mojim k\u0107erima je, naravno, da odlu\u010de ho\u0107u li taj dar ikad imati priliku iskusiti. Ali ako mi ta prilika ne bude pru\u017eena, ne mogu re\u0107i da \u0107u \u017ealiti. <em>(r)<\/em><\/p>\n\n\n\n<div id=\"crveno\"><\/p>\n\n\n\n<h3 class=\"wp-block-heading\">Zanima nas va\u0161a pri\u010da<\/h3>\n\n\n\n<p>\u017delite li i vi, posve anonimno, podijeliti svoje iskustvo i vi\u0111enje ove teme s nama i na\u0161im \u010ditateljima, mo\u017eete to u\u010diniti putem web obrasca <a rel=\"noreferrer noopener\" href=\"https:\/\/www.mojevrijeme.hr\/magazin\/povjerljivo\/\" target=\"_blank\">Povjerljivo<\/a>. Napi\u0161ite svoju pri\u010du!<\/p>\n\n\n\n<p><\/div>\n<div id=\"mojev-589538662\" class=\"mojev-kraj-teksta mojev-entity-placement\" style=\"margin-bottom: 20px;margin-left: auto;margin-right: auto;text-align: center;\"><div class=\"mojev-adlabel\">oglas<\/div><div style=\"height: 250px;\"><script async src=\"https:\/\/pagead2.googlesyndication.com\/pagead\/js\/adsbygoogle.js?client=ca-pub-8106111766207173\"\r\n     crossorigin=\"anonymous\"><\/script>\r\n<!-- Display-1 -->\r\n<ins class=\"adsbygoogle\"\r\n     style=\"display:block\"\r\n     data-ad-client=\"ca-pub-8106111766207173\"\r\n     data-ad-slot=\"1465712950\"\r\n     data-ad-format=\"auto\"\r\n     data-full-width-responsive=\"true\"><\/ins>\r\n<script>\r\n     (adsbygoogle = window.adsbygoogle || []).push({});\r\n<\/script><\/div><\/div>","protected":false},"excerpt":{"rendered":"<p>Nakon \u0161to su tri generacije njezine obitelji ra\u0111ale djecu u ratnim i kriznim vremenima, spisateljica Anne Bokma smatra da \u0107e dana\u0161nja djeca odrastati u jo\u0161 nesigurnijem svijetu ekstremnih vremenskih nepogoda, nesta\u0161ica i brojnih prijetnji koje bi te\u0161ko podnijeli i odrasli, a kamoli najmla\u0111i.<\/p>\n","protected":false},"author":1,"featured_media":122334,"comment_status":"closed","ping_status":"closed","sticky":false,"template":"","format":"standard","meta":{"footnotes":""},"categories":[2],"tags":[979,205,513,1405],"class_list":["post-146023","post","type-post","status-publish","format-standard","has-post-thumbnail","hentry","category-mozaik","tag-bake","tag-demografija","tag-ekologija","tag-klimatske-promjene"],"_links":{"self":[{"href":"https:\/\/www.mojevrijeme.hr\/magazin\/wp-json\/wp\/v2\/posts\/146023","targetHints":{"allow":["GET"]}}],"collection":[{"href":"https:\/\/www.mojevrijeme.hr\/magazin\/wp-json\/wp\/v2\/posts"}],"about":[{"href":"https:\/\/www.mojevrijeme.hr\/magazin\/wp-json\/wp\/v2\/types\/post"}],"author":[{"embeddable":true,"href":"https:\/\/www.mojevrijeme.hr\/magazin\/wp-json\/wp\/v2\/users\/1"}],"replies":[{"embeddable":true,"href":"https:\/\/www.mojevrijeme.hr\/magazin\/wp-json\/wp\/v2\/comments?post=146023"}],"version-history":[{"count":3,"href":"https:\/\/www.mojevrijeme.hr\/magazin\/wp-json\/wp\/v2\/posts\/146023\/revisions"}],"predecessor-version":[{"id":146026,"href":"https:\/\/www.mojevrijeme.hr\/magazin\/wp-json\/wp\/v2\/posts\/146023\/revisions\/146026"}],"wp:featuredmedia":[{"embeddable":true,"href":"https:\/\/www.mojevrijeme.hr\/magazin\/wp-json\/wp\/v2\/media\/122334"}],"wp:attachment":[{"href":"https:\/\/www.mojevrijeme.hr\/magazin\/wp-json\/wp\/v2\/media?parent=146023"}],"wp:term":[{"taxonomy":"category","embeddable":true,"href":"https:\/\/www.mojevrijeme.hr\/magazin\/wp-json\/wp\/v2\/categories?post=146023"},{"taxonomy":"post_tag","embeddable":true,"href":"https:\/\/www.mojevrijeme.hr\/magazin\/wp-json\/wp\/v2\/tags?post=146023"}],"curies":[{"name":"wp","href":"https:\/\/api.w.org\/{rel}","templated":true}]}}