{"id":146027,"date":"2025-12-10T08:28:25","date_gmt":"2025-12-10T07:28:25","guid":{"rendered":"https:\/\/www.mojevrijeme.hr\/magazin\/?p=146027"},"modified":"2025-12-10T08:52:42","modified_gmt":"2025-12-10T07:52:42","slug":"martha-stewart-priprema-se-za-vjecnost-tocno-onako-kako-bismo-pretpostavili","status":"publish","type":"post","link":"https:\/\/www.mojevrijeme.hr\/magazin\/2025\/12\/martha-stewart-priprema-se-za-vjecnost-tocno-onako-kako-bismo-pretpostavili\/","title":{"rendered":"Martha Stewart priprema se za vje\u010dnost to\u010dno onako kako bismo pretpostavili"},"content":{"rendered":"\n<p><strong>Martha Stewart<\/strong> (84), ameri\u010dka ikona \u017eivotnog stila, otkrila je u nedavnom gostovanju u <em>podcastu<\/em> &#8220;50 bez filtera&#8221; da nakon smrti \u017eeli biti kompostirana. Kako je objasnila, ideja proizlazi iz njezine dugogodi\u0161nje povezanosti s vrtlarstvom i \u017eivotom na seoskom imanju, ali i iz uvjerenja da se \u010dovjek na kraju treba vratiti Zemlji.<\/p>\n\n\n\n<p>Govore\u0107i o praksi ukopa \u017eivotinja na svojoj farmi, Stewart je opisala kako njezini konji imaju posebno mjesto za vje\u010dni po\u010dinak: &#8220;Kad jedan od mojih konja ugine, iskopamo veliku, vrlo duboku rupu na jednom polju. Imamo groblje za ku\u0107ne ljubimce, konj se zamota u \u010distu bijelu lanenu plahtu i pa\u017eljivo spusti u tu veliku, lijepu grobnicu. Tamo \u017eelim biti i ja&#8221;, kazala je.<\/p>\n\n\n\n<p>Na pitanje voditeljice Shawn Killinger o legalnosti takvog plana, Stewart je odvratila bez puno nedoumica: &#8220;Za\u0161to ne? To nikome ne\u0107e nauditi. To je moje imanje. Ti lijesovi i sve te stvari? Ni slu\u010dajno.&#8221;<\/p><div id=\"mojev-2829126151\" class=\"mojev-u-tekstu mojev-entity-placement\" style=\"margin-left: auto;margin-right: auto;text-align: center;\"><div class=\"mojev-adlabel\">oglas<\/div><div style=\"height: 250px;\"><script async src=\"https:\/\/pagead2.googlesyndication.com\/pagead\/js\/adsbygoogle.js?client=ca-pub-8106111766207173\"\r\n     crossorigin=\"anonymous\"><\/script>\r\n<!-- Prikazni 1 u tekstu -->\r\n<ins class=\"adsbygoogle\"\r\n     style=\"display:block\"\r\n     data-ad-client=\"ca-pub-8106111766207173\"\r\n     data-ad-slot=\"8535551207\"\r\n     data-ad-format=\"auto\"\r\n     data-full-width-responsive=\"true\"><\/ins>\r\n<script>\r\n     (adsbygoogle = window.adsbygoogle || []).push({});\r\n<\/script><\/div><\/div><br style=\"clear: both; display: block; float: none;\"\/>\n\n\n\n<p>U kona\u010dnici, Stewart svoju neobi\u010dnu \u017eelju vidi i kao na\u010din da zauvijek ostane uz \u017eivotinje koje je voljela cijeloga \u017eivota. Jo\u0161 je 2019. godine za <em>The Cut<\/em> rekla da se prema njima odnosi s posebnom brigom: &#8220;Volim sve svoje ljubimce i stvarno dobro brinem o njima. Mislim da ljubimci trebaju svoje ljubimce, zato ih imam toliko; nikada ne bih imala samo jednu gusku, moram imati dvije.&#8221;<\/p>\n<div id=\"mojev-2997445385\" class=\"mojev-kraj-teksta mojev-entity-placement\" style=\"margin-bottom: 20px;margin-left: auto;margin-right: auto;text-align: center;\"><div class=\"mojev-adlabel\">oglas<\/div><div style=\"height: 250px;\"><script async src=\"https:\/\/pagead2.googlesyndication.com\/pagead\/js\/adsbygoogle.js?client=ca-pub-8106111766207173\"\r\n     crossorigin=\"anonymous\"><\/script>\r\n<!-- Display-1 -->\r\n<ins class=\"adsbygoogle\"\r\n     style=\"display:block\"\r\n     data-ad-client=\"ca-pub-8106111766207173\"\r\n     data-ad-slot=\"1465712950\"\r\n     data-ad-format=\"auto\"\r\n     data-full-width-responsive=\"true\"><\/ins>\r\n<script>\r\n     (adsbygoogle = window.adsbygoogle || []).push({});\r\n<\/script><\/div><\/div>","protected":false},"excerpt":{"rendered":"<p>Martha Stewart svoj odnos prema \u017eivotu i smrti opisuje jednako otvoreno kao i sve drugo: bez drame, bez uljep\u0161avanja i bez potrebe da se uklopi u o\u010dekivanja.<\/p>\n","protected":false},"author":1,"featured_media":135875,"comment_status":"closed","ping_status":"closed","sticky":false,"template":"","format":"standard","meta":{"footnotes":""},"categories":[84],"tags":[1514,3509,3345],"class_list":["post-146027","post","type-post","status-publish","format-standard","has-post-thumbnail","hentry","category-show","tag-kompostiranje","tag-martha-stewart","tag-pogrebne-prakse"],"_links":{"self":[{"href":"https:\/\/www.mojevrijeme.hr\/magazin\/wp-json\/wp\/v2\/posts\/146027","targetHints":{"allow":["GET"]}}],"collection":[{"href":"https:\/\/www.mojevrijeme.hr\/magazin\/wp-json\/wp\/v2\/posts"}],"about":[{"href":"https:\/\/www.mojevrijeme.hr\/magazin\/wp-json\/wp\/v2\/types\/post"}],"author":[{"embeddable":true,"href":"https:\/\/www.mojevrijeme.hr\/magazin\/wp-json\/wp\/v2\/users\/1"}],"replies":[{"embeddable":true,"href":"https:\/\/www.mojevrijeme.hr\/magazin\/wp-json\/wp\/v2\/comments?post=146027"}],"version-history":[{"count":6,"href":"https:\/\/www.mojevrijeme.hr\/magazin\/wp-json\/wp\/v2\/posts\/146027\/revisions"}],"predecessor-version":[{"id":146034,"href":"https:\/\/www.mojevrijeme.hr\/magazin\/wp-json\/wp\/v2\/posts\/146027\/revisions\/146034"}],"wp:featuredmedia":[{"embeddable":true,"href":"https:\/\/www.mojevrijeme.hr\/magazin\/wp-json\/wp\/v2\/media\/135875"}],"wp:attachment":[{"href":"https:\/\/www.mojevrijeme.hr\/magazin\/wp-json\/wp\/v2\/media?parent=146027"}],"wp:term":[{"taxonomy":"category","embeddable":true,"href":"https:\/\/www.mojevrijeme.hr\/magazin\/wp-json\/wp\/v2\/categories?post=146027"},{"taxonomy":"post_tag","embeddable":true,"href":"https:\/\/www.mojevrijeme.hr\/magazin\/wp-json\/wp\/v2\/tags?post=146027"}],"curies":[{"name":"wp","href":"https:\/\/api.w.org\/{rel}","templated":true}]}}