{"id":146081,"date":"2025-12-11T10:22:53","date_gmt":"2025-12-11T09:22:53","guid":{"rendered":"https:\/\/www.mojevrijeme.hr\/magazin\/?p=146081"},"modified":"2025-12-11T10:22:54","modified_gmt":"2025-12-11T09:22:54","slug":"novi-izracun-mirovine-nitko-nece-dobiti-manje","status":"publish","type":"post","link":"https:\/\/www.mojevrijeme.hr\/magazin\/2025\/12\/novi-izracun-mirovine-nitko-nece-dobiti-manje\/","title":{"rendered":"Novi izra\u010dun mirovine: Nitko ne\u0107e dobiti manje"},"content":{"rendered":"\n<p>Sredinom godine do pola radnog vremena bilo je zaposleno oko 38 tisu\u0107a umirovljenika, a jo\u0161 je i 50-ak tisu\u0107a umirovljenika koji rade preko ugovora o djelu. Nakon \u0161to skupe godinu sta\u017ea, bilo da rade dvije godine po \u010detiri sata tjedno ili preko ugovora o djelu zarade prosje\u010dnu godi\u0161nju bruto pla\u0107u, umirovljenici mogu tra\u017eiti novi izra\u010dun mirovine.<\/p>\n\n\n\n<p>Hrvatski zavod za mirovinsko osiguranje potvrdio je u rujnu da im sti\u017eu takvi zahtjevi, no ne raspola\u017eu podacima o ukupnom broju umirovljenika koji su zatra\u017eili novi izra\u010dun niti se zna \u0161to im je on donio, pi\u0161e <a href=\"https:\/\/www.poslovni.hr\/hrvatska\/novi-izracun-mirovine-najvise-se-isplati-majkama-nitko-nece-dobiti-manje-4515564\" target=\"_blank\" rel=\"noreferrer noopener\">Poslovni dnevnik<\/a>.<\/p>\n\n\n\n<h3 class=\"wp-block-heading\">Vrijednosni bod<\/h3>\n\n\n\n<p>Podsje\u0107amo, Hrvatska je jo\u0161 2014. godine omogu\u0107ila pojedinim grupacijama umirovljenika da se zaposle do \u010detiri sata tjedno uz zadr\u017eavanje mirovine i od tada je to pravo pro\u0161ireno na sve skupine umirovljenika. Sporadi\u010dno su se medijima javljali ljudi koji su se \u017ealili da im je rad iz mirovine smanjio iznos budu\u0107e mirovine, no HZMO je demantirao takve informacije pozivaju\u0107i se na zakonsku odredbu po kojoj korisnik ima pravo da mu u isplati ostane mirovina u povoljnijoj svoti, ako bi nova bila manja.<\/p><div id=\"mojev-1769134875\" class=\"mojev-u-tekstu mojev-entity-placement\" style=\"margin-left: auto;margin-right: auto;text-align: center;\"><div class=\"mojev-adlabel\">oglas<\/div><div style=\"height: 250px;\"><script async src=\"https:\/\/pagead2.googlesyndication.com\/pagead\/js\/adsbygoogle.js?client=ca-pub-8106111766207173\"\r\n     crossorigin=\"anonymous\"><\/script>\r\n<!-- Prikazni 1 u tekstu -->\r\n<ins class=\"adsbygoogle\"\r\n     style=\"display:block\"\r\n     data-ad-client=\"ca-pub-8106111766207173\"\r\n     data-ad-slot=\"8535551207\"\r\n     data-ad-format=\"auto\"\r\n     data-full-width-responsive=\"true\"><\/ins>\r\n<script>\r\n     (adsbygoogle = window.adsbygoogle || []).push({});\r\n<\/script><\/div><\/div><br style=\"clear: both; display: block; float: none;\"\/>\n\n\n\n<p><strong>Danijel Nesti\u0107, stru\u010dnjak<\/strong> s Ekonomskog instituta Zagreb i jedan od suradnika na izgradnji ra\u010dunskog modela za izra\u010dun mirovina ranije je izjavio da se njemu \u010dini \u2018gotovo nemogu\u0107im\u2019 da se nekome odredi nepovoljnija mirovina. Na portalu Moja mirovina putem sustava e-Gra\u0111ani mo\u017ee se na\u0107i procijenjeni iznos budu\u0107e mirovine svih zaposlenih u RH.<\/p>\n\n\n\n<p>Starosna se mirovina odre\u0111uje prema visini pla\u0107e, godinama sta\u017ea i dodacima. Prvi je korak izra\u010dun vrijednosnog boda tako da se za svaku godinu rada prosje\u010dna bruto pla\u0107a radnika ili osnovica drugog dohotka podijeli s prosje\u010dnom bruto pla\u0107om u Republici Hrvatskoj. Na primjer, osobi koja je zara\u0111ivala dvije prosje\u010dne pla\u0107e omjer ili vrijednosni bod je 2, za prosje\u010dnu pla\u0107u vrijednosni bod iznosi jedan. Omjer dobiven za svaku godinu se uprosje\u010duje tako da se ukupan zbroj vrijednosnih bodova podijeli s godinama sta\u017ea i dobije se vrijednosni bod za svakog pojedinca koji, neovisno o visini pla\u0107e, ne mo\u017ee biti ve\u0107i od 3,8.<\/p>\n\n\n\n<p>Nesti\u0107 veli da novi izra\u010dun ne bi bio nepovoljan \u010dak ni za menad\u017eere koji su, dok su radili, imali jako visoku pla\u0107u. Izra\u010dunao je da menad\u017eer s 40 godina sta\u017ea i vrijednosnim bodom tri, koji ima 2202 eura bruto mirovine, mo\u017ee dobiti 20 eura vi\u0161e za dvije dodatne godine rada za minimalnu pla\u0107u. Istina, taj \u0107e minimalac sru\u0161iti njegov vrijednosni bod s 3 na 2,8, ali mu ipak ne\u0107e smanjiti dotada\u0161nju mirovinu.<\/p>\n\n\n\n<p>Njemu godina rada iz mirovine donosi 10-ak eura, a radniku s prosje\u010dnom pla\u0107om mogla bi 15 eura vi\u0161e.<\/p>\n\n\n\n<p>Novi izra\u010dun mirovine uklju\u010dio bi i maj\u010dinski dodatak za djecu, koji je od srpnja pove\u0107an na 12 mjeseci sta\u017ea, za one koji nisu iskoristili to pravo prilikom odlaska u mirovinu. Ru\u0161enje dotada\u0161njih vrijednosnih bodova zbog naknadnog rada moglo bi se izbje\u0107i jedino ako bi Vlada zakonom propisala da se sta\u017e koji se stje\u010de radom nakon umirovljenja dodaje na postoje\u0107u mirovinu.<\/p>\n\n\n\n<h3 class=\"wp-block-heading\">Ovisi o vi\u0161e faktora<\/h3>\n\n\n\n<p>HZMO je u odgovoru u rujnu pojasnio da se nova svota mirovine izra\u010dunava na osnovi mirovinskog sta\u017ea i vrijednosnih bodova ostvarenih prije i nakon ostvarivanja prava na mirovinu, \u0161to zna\u010di da na visinu nove mirovine utje\u010de i duljina ostvarenog sta\u017ea nakon umirovljenja i pla\u0107e ostvarene u tom razdoblju.<\/p>\n<div id=\"mojev-1358148866\" class=\"mojev-kraj-teksta mojev-entity-placement\" style=\"margin-bottom: 20px;margin-left: auto;margin-right: auto;text-align: center;\"><div class=\"mojev-adlabel\">oglas<\/div><div style=\"height: 250px;\"><script async src=\"https:\/\/pagead2.googlesyndication.com\/pagead\/js\/adsbygoogle.js?client=ca-pub-8106111766207173\"\r\n     crossorigin=\"anonymous\"><\/script>\r\n<!-- Display-1 -->\r\n<ins class=\"adsbygoogle\"\r\n     style=\"display:block\"\r\n     data-ad-client=\"ca-pub-8106111766207173\"\r\n     data-ad-slot=\"1465712950\"\r\n     data-ad-format=\"auto\"\r\n     data-full-width-responsive=\"true\"><\/ins>\r\n<script>\r\n     (adsbygoogle = window.adsbygoogle || []).push({});\r\n<\/script><\/div><\/div>","protected":false},"excerpt":{"rendered":"<p>Danijel Nesti\u0107 s Ekonomskog instituta Zagreb ka\u017ee da je gotovo nemogu\u0107e da bi se nekom mogla odrediti nepovoljnija mirovina.<\/p>\n","protected":false},"author":1,"featured_media":136279,"comment_status":"closed","ping_status":"closed","sticky":false,"template":"","format":"standard","meta":{"footnotes":""},"categories":[9],"tags":[1125,18,1342],"class_list":["post-146081","post","type-post","status-publish","format-standard","has-post-thumbnail","hentry","category-vijesti","tag-danijel-nestic","tag-mirovine","tag-rad-uz-mirovinu"],"_links":{"self":[{"href":"https:\/\/www.mojevrijeme.hr\/magazin\/wp-json\/wp\/v2\/posts\/146081","targetHints":{"allow":["GET"]}}],"collection":[{"href":"https:\/\/www.mojevrijeme.hr\/magazin\/wp-json\/wp\/v2\/posts"}],"about":[{"href":"https:\/\/www.mojevrijeme.hr\/magazin\/wp-json\/wp\/v2\/types\/post"}],"author":[{"embeddable":true,"href":"https:\/\/www.mojevrijeme.hr\/magazin\/wp-json\/wp\/v2\/users\/1"}],"replies":[{"embeddable":true,"href":"https:\/\/www.mojevrijeme.hr\/magazin\/wp-json\/wp\/v2\/comments?post=146081"}],"version-history":[{"count":3,"href":"https:\/\/www.mojevrijeme.hr\/magazin\/wp-json\/wp\/v2\/posts\/146081\/revisions"}],"predecessor-version":[{"id":146084,"href":"https:\/\/www.mojevrijeme.hr\/magazin\/wp-json\/wp\/v2\/posts\/146081\/revisions\/146084"}],"wp:featuredmedia":[{"embeddable":true,"href":"https:\/\/www.mojevrijeme.hr\/magazin\/wp-json\/wp\/v2\/media\/136279"}],"wp:attachment":[{"href":"https:\/\/www.mojevrijeme.hr\/magazin\/wp-json\/wp\/v2\/media?parent=146081"}],"wp:term":[{"taxonomy":"category","embeddable":true,"href":"https:\/\/www.mojevrijeme.hr\/magazin\/wp-json\/wp\/v2\/categories?post=146081"},{"taxonomy":"post_tag","embeddable":true,"href":"https:\/\/www.mojevrijeme.hr\/magazin\/wp-json\/wp\/v2\/tags?post=146081"}],"curies":[{"name":"wp","href":"https:\/\/api.w.org\/{rel}","templated":true}]}}