{"id":146205,"date":"2025-12-13T15:23:44","date_gmt":"2025-12-13T14:23:44","guid":{"rendered":"https:\/\/www.mojevrijeme.hr\/magazin\/?p=146205"},"modified":"2025-12-13T15:27:45","modified_gmt":"2025-12-13T14:27:45","slug":"glenn-close-otvoreno-o-kraju-zivota-umrijet-cu-sretna","status":"publish","type":"post","link":"https:\/\/www.mojevrijeme.hr\/magazin\/2025\/12\/glenn-close-otvoreno-o-kraju-zivota-umrijet-cu-sretna\/","title":{"rendered":"Glenn Close (78) otvoreno o kraju \u017eivota: &#8216;Umrijet \u0107u sretna&#8217;"},"content":{"rendered":"\n<p>Iako je rije\u010d o temi o kojoj rijetko tko voli razmi\u0161ljati, mnogi imaju barem okvirnu ideju o tome \u0161to bi \u017eeljeli kada do\u0111e kraj; kremaciju, pokop ili neku neobi\u010dniju opciju poput pretvaranja pepela u dijamant ili ukopa u biorazgradivi lijes bez kemikalija i balzamiranja.<\/p>\n\n\n\n<p>No <strong>Glenn Close<\/strong> (78) otkrila je da njezini planovi nisu toliko usmjereni na ono \u0161to dolazi nakon smrti, koliko na to kako \u017eeli \u017eivjeti svoje posljednje dane.<\/p>\n\n\n\n<p>Prisjetila se da su njezini djed i baka na svojoj farmi imali kamenu ku\u0107icu za koju je ve\u017eu najljep\u0161e uspomene iz djetinjstva. Izvorno je, dodaje, to bila klaonica. &#8220;Ali pretvorena je u jako ugodnu ku\u0107u. To je moje prvo sje\u0107anje, ta mala kamena ku\u0107a s br\u0161ljanom na pro\u010delju. Doslovno je imala bijelu drvenu ogradu, usred livade koju je obrubljivala \u0161uma.&#8221;<\/p><div id=\"mojev-1679249836\" class=\"mojev-u-tekstu mojev-entity-placement\" style=\"margin-left: auto;margin-right: auto;text-align: center;\"><div class=\"mojev-adlabel\">oglas<\/div><div style=\"height: 250px;\"><script async src=\"https:\/\/pagead2.googlesyndication.com\/pagead\/js\/adsbygoogle.js?client=ca-pub-8106111766207173\"\r\n     crossorigin=\"anonymous\"><\/script>\r\n<!-- Prikazni 1 u tekstu -->\r\n<ins class=\"adsbygoogle\"\r\n     style=\"display:block\"\r\n     data-ad-client=\"ca-pub-8106111766207173\"\r\n     data-ad-slot=\"8535551207\"\r\n     data-ad-format=\"auto\"\r\n     data-full-width-responsive=\"true\"><\/ins>\r\n<script>\r\n     (adsbygoogle = window.adsbygoogle || []).push({});\r\n<\/script><\/div><\/div><br style=\"clear: both; display: block; float: none;\"\/>\n\n\n\n<p>Glumica s povijesno najvi\u0161e nominacija za Oscara otkrila je da planira izgraditi sli\u010dnu kamenu ku\u0107icu iza svoje velike ku\u0107e jer su, kako ka\u017ee, njene najsretnije i najinspirativnije godine bile vezane uz to mjesto. Ku\u0107ica \u0107e imati dvije spava\u0107e sobe; jednu za nju i jednu za njegovatelja ili njegovateljicu koji \u0107e s njom \u017eivjeti i brinuti se o njoj u zavr\u0161nim godinama.<\/p>\n\n\n\n<p>\u201cI tamo \u0107u sretna umrijeti\u201d, rekla je. Unato\u010d tome \u0161to vrlo konkretno planira posljednju fazu \u017eivota, Close ka\u017ee da se uop\u0107e ne osje\u0107a kao da ima 78 godina. Dapa\u010de, upravo je odradila ulogu u novoj Netflixovoj seriji s izglednim hit potencijalom. &#8220;O, Bo\u017ee, osje\u0107am se vjerojatno kao da sam u dvadesetima. Mo\u017eda ranim tridesetima\u201d, izjavila je o svom \u017eivotnom i radnom elanu.<\/p>\n\n\n\n<p>Priznala je i da je ponekad iznenadi koliko je zapravo stara jer se ta brojka nimalo ne podudara s time kako se osje\u0107a. &#8220;Kad pomislim koliko zapravo imam godina, to me stvarno zadivi. Zato o tome ne razmi\u0161ljam previ\u0161e. Jer se jednostavno ne uklapam u ono \u0161to ljudi o\u010dekuju da bi netko trebao biti s 78 godina&#8221;, zaklju\u010dila je.<\/p>\n<div id=\"mojev-2270912668\" class=\"mojev-kraj-teksta mojev-entity-placement\" style=\"margin-bottom: 20px;margin-left: auto;margin-right: auto;text-align: center;\"><div class=\"mojev-adlabel\">oglas<\/div><div style=\"height: 250px;\"><script async src=\"https:\/\/pagead2.googlesyndication.com\/pagead\/js\/adsbygoogle.js?client=ca-pub-8106111766207173\"\r\n     crossorigin=\"anonymous\"><\/script>\r\n<!-- Display-1 -->\r\n<ins class=\"adsbygoogle\"\r\n     style=\"display:block\"\r\n     data-ad-client=\"ca-pub-8106111766207173\"\r\n     data-ad-slot=\"1465712950\"\r\n     data-ad-format=\"auto\"\r\n     data-full-width-responsive=\"true\"><\/ins>\r\n<script>\r\n     (adsbygoogle = window.adsbygoogle || []).push({});\r\n<\/script><\/div><\/div>","protected":false},"excerpt":{"rendered":"<p>Glumica koja glumila u nezaboravnim Opasnim vezama, ali i u 101 Dalmatincu, gostovala je u podcastu komi\u010darke Julije Louis-Dreyfus. Kako je obznanila u popularnoj emisiji, svoje je posljednje \u017eivotne kadrove detaljno isplanirala.<\/p>\n","protected":false},"author":1,"featured_media":146213,"comment_status":"closed","ping_status":"closed","sticky":false,"template":"","format":"standard","meta":{"footnotes":""},"categories":[84],"tags":[4877,201,1195],"class_list":["post-146205","post","type-post","status-publish","format-standard","has-post-thumbnail","hentry","category-show","tag-glenn-close","tag-glumci","tag-umiranje"],"_links":{"self":[{"href":"https:\/\/www.mojevrijeme.hr\/magazin\/wp-json\/wp\/v2\/posts\/146205","targetHints":{"allow":["GET"]}}],"collection":[{"href":"https:\/\/www.mojevrijeme.hr\/magazin\/wp-json\/wp\/v2\/posts"}],"about":[{"href":"https:\/\/www.mojevrijeme.hr\/magazin\/wp-json\/wp\/v2\/types\/post"}],"author":[{"embeddable":true,"href":"https:\/\/www.mojevrijeme.hr\/magazin\/wp-json\/wp\/v2\/users\/1"}],"replies":[{"embeddable":true,"href":"https:\/\/www.mojevrijeme.hr\/magazin\/wp-json\/wp\/v2\/comments?post=146205"}],"version-history":[{"count":18,"href":"https:\/\/www.mojevrijeme.hr\/magazin\/wp-json\/wp\/v2\/posts\/146205\/revisions"}],"predecessor-version":[{"id":146225,"href":"https:\/\/www.mojevrijeme.hr\/magazin\/wp-json\/wp\/v2\/posts\/146205\/revisions\/146225"}],"wp:featuredmedia":[{"embeddable":true,"href":"https:\/\/www.mojevrijeme.hr\/magazin\/wp-json\/wp\/v2\/media\/146213"}],"wp:attachment":[{"href":"https:\/\/www.mojevrijeme.hr\/magazin\/wp-json\/wp\/v2\/media?parent=146205"}],"wp:term":[{"taxonomy":"category","embeddable":true,"href":"https:\/\/www.mojevrijeme.hr\/magazin\/wp-json\/wp\/v2\/categories?post=146205"},{"taxonomy":"post_tag","embeddable":true,"href":"https:\/\/www.mojevrijeme.hr\/magazin\/wp-json\/wp\/v2\/tags?post=146205"}],"curies":[{"name":"wp","href":"https:\/\/api.w.org\/{rel}","templated":true}]}}