{"id":146229,"date":"2025-12-13T18:38:58","date_gmt":"2025-12-13T17:38:58","guid":{"rendered":"https:\/\/www.mojevrijeme.hr\/magazin\/?p=146229"},"modified":"2025-12-13T19:11:40","modified_gmt":"2025-12-13T18:11:40","slug":"komentari-na-facebooku-su-uglavnom-glupi-sto-se-dogodilo","status":"publish","type":"post","link":"https:\/\/www.mojevrijeme.hr\/magazin\/2025\/12\/komentari-na-facebooku-su-uglavnom-glupi-sto-se-dogodilo\/","title":{"rendered":"Komentari na Facebooku sve su gluplji, \u0161to se dogodilo?"},"content":{"rendered":"\n<p>Oni koji pamte Facebook od prije petnaestak godina pamte i znatno vi\u0161u razinu komentiranja. Broj korisnika bio je manji, a dobna i obrazovna struktura ujedna\u010denija, pa su se vi\u0161e slu\u0161ali oni koji su doista imali \u0161to re\u0107i. Bilo je manje sva\u0111a i osobnih uvreda, a vi\u0161e polemika. Usto, Facebook je tada korisnicima plasirao informacije i sadr\u017eaj koji danas ne dolaze do \u0161ire publike.<\/p>\n\n\n\n<p>U me\u0111uvremenu, mre\u017eu su preuzeli isprazni cinizam, verbalno nasilje i nametanje neznanja kojega se vi\u0161e nitko ne srami nego se inzistira na uva\u017eavanju istoga. Komentari su postali glupi ne zato \u0161to su se znatno smanjili kvocijent inteligencije ili razina obrazovanja u op\u0107oj populaciji, nego zbog toga \u0161to sama platforma poti\u010de patolo\u0161ko i dru\u0161tveno toksi\u010dno pona\u0161anje.<\/p>\n\n\n\n<p>&#8220;Algoritam je bog!&#8221; Tu re\u010denicu \u010desto \u010dujemo od ljudi koji poku\u0161avaju odgonetnuti kakav sadr\u017eaj i komu plasira dru\u0161tvena mre\u017ea, a koji su do prije nekoliko godina tvrdili: &#8220;Kvalitetan sadr\u017eaj je bog&#8221;. Algoritam nije nikakvo nadnaravno bi\u0107e, ve\u0107 formula ili program koji \u0107e izra\u010dunati \u0161to se od sadr\u017eaja isplati pogurati i komu, a da bi vlasnici mre\u017ee imali najve\u0107u zaradu u danim mogu\u0107nostima.<\/p><div id=\"mojev-2226649618\" class=\"mojev-u-tekstu mojev-entity-placement\" style=\"margin-left: auto;margin-right: auto;text-align: center;\"><div class=\"mojev-adlabel\">oglas<\/div><div style=\"height: 250px;\"><script async src=\"https:\/\/pagead2.googlesyndication.com\/pagead\/js\/adsbygoogle.js?client=ca-pub-8106111766207173\"\r\n     crossorigin=\"anonymous\"><\/script>\r\n<!-- Prikazni 1 u tekstu -->\r\n<ins class=\"adsbygoogle\"\r\n     style=\"display:block\"\r\n     data-ad-client=\"ca-pub-8106111766207173\"\r\n     data-ad-slot=\"8535551207\"\r\n     data-ad-format=\"auto\"\r\n     data-full-width-responsive=\"true\"><\/ins>\r\n<script>\r\n     (adsbygoogle = window.adsbygoogle || []).push({});\r\n<\/script><\/div><\/div><br style=\"clear: both; display: block; float: none;\"\/>\n\n\n\n<p>Upravo zbog toga Facebook ve\u0107 du\u017ee vrijeme ne gura pametne, kvalitetne i promi\u0161ljene komentare, nego potencira sadr\u017eaj koji \u0107e izazvati najvi\u0161e nagonskih i emotivnih reakcija za koje nije potrebna solidna intelektualna nadogradnja. To su naj\u010de\u0161\u0107e emocionalni, pojednostavljeni, konfliktni ili provokativni istupi.<\/p>\n\n\n\n<h3 class=\"wp-block-heading\">Razum se te\u0161ko unov\u010dava<\/h3>\n\n\n\n<p>Kada je ne\u0161to racionalno i plasira se racionalnim ljudima, te\u0161ko da \u0107e izazvati brojne zapjenjene reakcije i kilometarske sva\u0111e. Eventualno \u0107e se dogoditi neki <em>lajk<\/em>, dijeljenje ili pristojna diskusija nekoliko ljudi koji poznaju materiju, dok \u0107e drugi stajati sa strane i sa zanimanjem promatrati i u\u010diti. Dakle, to nije &#8220;vatra&#8221; koja \u0107e gorjeti satima pa i danima i zbog toga algoritam procjenjuje da od toga &#8220;nema kruha&#8221;. <\/p>\n\n\n\n<p>Zbog svega ljudi koji imaju znanje, iskustvo i vje\u0161tinu kvalitetnog argumentiranja nemaju motiv sudjelovati u komentarima jer su u manjini. S druge strane, u ve\u0107ini su oni koji imaju jako mi\u0161ljenje, ali nemaju ni potrebe niti raspola\u017eu misaonim alatima da ga testiraju ili obrazlo\u017ee. Prvi jednostavno budu zatrpani komentarima drugih, a kako su ti komentari \u010desto i nepristojni, pametni i razboriti masovno napu\u0161taju ovu dru\u0161tvenu mre\u017eu. Ili \u0161ute i gledaju \u0161to se doga\u0111a. Algoritam pri tom sura\u0111uje s op\u0107om klimom politiziranja i radikalizacije pa se vi\u0161e ne zna tko koga hrani; neugodna realnost ma\u0161inu ili ma\u0161ina dru\u0161tvo koje spiralno tone.<\/p>\n\n\n\n<h3 class=\"wp-block-heading\">Br\u017ee, povr\u0161nije, neto\u010dnije<\/h3>\n\n\n\n<p>Facebook k tomu poti\u010de povr\u0161nost jer komentari se pi\u0161u izme\u0111u kuhanja ru\u010dka i okapanja vrta. Malo komu je stalo provjeriti istinitost onoga \u0161to pi\u0161u, a argumentirane replike povr\u0161ni ljudi shva\u0107aju kao provokaciju, a ne poticaj za razmi\u0161ljanje i u\u010denje.<\/p>\n\n\n\n<p>Uz to, postalo je posve prihva\u0107eno ne znati o \u010demu se zapravo govori pa se reagira na naslov, sliku ili tu\u0111i komentar \u0161to ne mo\u017ee rezultirati smislenom replikom. Drugim rije\u010dima, normaliziran je lo\u0161 diskurs a kad korisnik vidi da su najvidljiviji komentari grubi, neto\u010dni ili cini\u010dni, i sam spu\u0161ta vlastiti prag. Glupost tada postaje dru\u0161tveno dopu\u0161tena pa i nagra\u0111ena <em>lajkovima <\/em>zbog zlo\u0107udne arhitekture samog sustava. Ne treba zaboraviti da <em>lajkovi <\/em>djeluju na mozak kao droga pa mnogi tu &#8220;nagradu za glupost&#8221; uzimaju kao dokaz ispravnosti <em>lajkanih <\/em>sadr\u017eaja. <\/p>\n\n\n\n<h2 class=\"wp-block-heading\">Samopouzdanje bez pokri\u0107a<\/h2>\n\n\n\n<p>U tako zagu\u0161enom sustavu koji njeguje ljudske mane nema posljedica, nema reputacijskog rizika, nema kontrole i nitko ne mora biti dosljedan ili dokazivati da zna o \u010demu govori. Ljudi s osmoljetkom tako mogu dijeliti savjete iz endokrinologije i pri tom se izrugivati stvarnim lije\u010dnicima, iako znaju da \u0107e, kad zagusti, i sami potra\u017eiti pomo\u0107 lije\u010dnika. Sve to omogu\u0107uje izno\u0161enje neto\u010dnih tvrdnji, teorija zavjere i brzih moralnih presuda bez ikakve odgovornosti i na krilima suludog samopouzdanja.<\/p>\n\n\n\n<p>Naposljetku, mre\u017ea je postala ventil za frustracije, identitetske sukobe i osobne probleme. Rasprave se svode na \u201cmi\u201d i \u201cvi\u201d, pri \u010demu smo mi uvijek bezgrje\u0161ni. Dizajn sustava takve rasprave \u010dini normalnima i vidljivima jer su isplative, pretvaraju\u0107i sudionike u gorivo za ma\u0161inu koja sama sebe pogoni i proizvodi novac. Razum je u takvom sustavu suvi\u0161an, ako ne i nepo\u017eeljan.<\/p>\n<div id=\"mojev-2867152294\" class=\"mojev-kraj-teksta mojev-entity-placement\" style=\"margin-bottom: 20px;margin-left: auto;margin-right: auto;text-align: center;\"><div class=\"mojev-adlabel\">oglas<\/div><div style=\"height: 250px;\"><script async src=\"https:\/\/pagead2.googlesyndication.com\/pagead\/js\/adsbygoogle.js?client=ca-pub-8106111766207173\"\r\n     crossorigin=\"anonymous\"><\/script>\r\n<!-- Display-1 -->\r\n<ins class=\"adsbygoogle\"\r\n     style=\"display:block\"\r\n     data-ad-client=\"ca-pub-8106111766207173\"\r\n     data-ad-slot=\"1465712950\"\r\n     data-ad-format=\"auto\"\r\n     data-full-width-responsive=\"true\"><\/ins>\r\n<script>\r\n     (adsbygoogle = window.adsbygoogle || []).push({});\r\n<\/script><\/div><\/div>","protected":false},"excerpt":{"rendered":"<p>Ako vam se \u010dini da su komentari na Facebooku s godinama postali grublji, gluplji i agresivniji, niste to umislili. No problem nije u tome \u0161to su se ljudi preko no\u0107i promijenili, nego u u tomu \u0161to se promijenilo okru\u017eenje pri \u010demu je mre\u017ea postala ve\u0107a i manje homogena.<\/p>\n","protected":false},"author":1,"featured_media":84325,"comment_status":"closed","ping_status":"closed","sticky":false,"template":"","format":"standard","meta":{"footnotes":""},"categories":[9],"tags":[453,498],"class_list":["post-146229","post","type-post","status-publish","format-standard","has-post-thumbnail","hentry","category-vijesti","tag-drustvene-mreze","tag-facebook"],"_links":{"self":[{"href":"https:\/\/www.mojevrijeme.hr\/magazin\/wp-json\/wp\/v2\/posts\/146229","targetHints":{"allow":["GET"]}}],"collection":[{"href":"https:\/\/www.mojevrijeme.hr\/magazin\/wp-json\/wp\/v2\/posts"}],"about":[{"href":"https:\/\/www.mojevrijeme.hr\/magazin\/wp-json\/wp\/v2\/types\/post"}],"author":[{"embeddable":true,"href":"https:\/\/www.mojevrijeme.hr\/magazin\/wp-json\/wp\/v2\/users\/1"}],"replies":[{"embeddable":true,"href":"https:\/\/www.mojevrijeme.hr\/magazin\/wp-json\/wp\/v2\/comments?post=146229"}],"version-history":[{"count":18,"href":"https:\/\/www.mojevrijeme.hr\/magazin\/wp-json\/wp\/v2\/posts\/146229\/revisions"}],"predecessor-version":[{"id":146248,"href":"https:\/\/www.mojevrijeme.hr\/magazin\/wp-json\/wp\/v2\/posts\/146229\/revisions\/146248"}],"wp:featuredmedia":[{"embeddable":true,"href":"https:\/\/www.mojevrijeme.hr\/magazin\/wp-json\/wp\/v2\/media\/84325"}],"wp:attachment":[{"href":"https:\/\/www.mojevrijeme.hr\/magazin\/wp-json\/wp\/v2\/media?parent=146229"}],"wp:term":[{"taxonomy":"category","embeddable":true,"href":"https:\/\/www.mojevrijeme.hr\/magazin\/wp-json\/wp\/v2\/categories?post=146229"},{"taxonomy":"post_tag","embeddable":true,"href":"https:\/\/www.mojevrijeme.hr\/magazin\/wp-json\/wp\/v2\/tags?post=146229"}],"curies":[{"name":"wp","href":"https:\/\/api.w.org\/{rel}","templated":true}]}}