{"id":146269,"date":"2025-12-15T10:01:56","date_gmt":"2025-12-15T09:01:56","guid":{"rendered":"https:\/\/www.mojevrijeme.hr\/magazin\/?p=146269"},"modified":"2025-12-15T10:08:17","modified_gmt":"2025-12-15T09:08:17","slug":"zdenko-mama-je-promijenila-pet-privatnih-domova-ne-smijes-im-prigovoriti","status":"publish","type":"post","link":"https:\/\/www.mojevrijeme.hr\/magazin\/2025\/12\/zdenko-mama-je-promijenila-pet-privatnih-domova-ne-smijes-im-prigovoriti\/","title":{"rendered":"Zdenko: &#8216;Mama je promijenila pet privatnih domova, ne smije\u0161 im prigovoriti&#8217;"},"content":{"rendered":"\n<p>Neugodan miris iz zahoda koji se \u0161iri u sobe, preskakanje fizioterapija, preskakanje me\u0111uobroka, nemogu\u0107nost da se korisnici ili njihovi bli\u017enji po\u017eale, sve su to samo neki od problema u domovima za starije o kojima nam \u010desto pi\u0161u \u010ditatelji.<\/p>\n\n\n\n<p><strong>Gospo\u0111a Maja iz Zagreba<\/strong> opisuje: \u201d\u017divim u Zagrebu i \u017eelim podijeliti iskustvo vezano uz privatni dom za starije u kojem boravi moja majka. Znam da mo\u017eda ni\u0161ta ne\u0107emo posti\u0107i pisanjem o doga\u0111anjima u domovima, ali smatram da treba razotkriti lo\u0161e uvjete u ovakvim ustanovama. Smatram da korisnici pla\u0107aju veliki iznos za vrlo lo\u0161u uslugu, a svjedo\u010dim iz prve ruke\u201d, pi\u0161e u uvodu gospo\u0111a Maja.<\/p>\n\n\n\n<h3 class=\"wp-block-heading\">Preska\u010du poslu\u017eiti me\u0111uobroke<\/h3>\n\n\n\n<p>\u201dHrana u domu u kojem je mama zna biti neukusna i nekvalitetna, a me\u0111uobroke, poput jeftinog vo\u0107nog jogurta, \u010desto im jednostavno presko\u010de poslu\u017eiti. Obja\u0161njenje je da nije do\u0161la dostava. I tako danima, zbilja nije u redu da to ne rije\u0161e. Bilo je dana kad je mama hranu dobila na pladnju sumnjive higijene, a uo\u010dila sam da korisnici nikad ne dobiju salvetu\u201d, napominje na\u0161a \u010ditateljica.<\/p><div id=\"mojev-34121883\" class=\"mojev-u-tekstu mojev-entity-placement\" style=\"margin-left: auto;margin-right: auto;text-align: center;\"><div class=\"mojev-adlabel\">oglas<\/div><div style=\"height: 250px;\"><script async src=\"https:\/\/pagead2.googlesyndication.com\/pagead\/js\/adsbygoogle.js?client=ca-pub-8106111766207173\"\r\n     crossorigin=\"anonymous\"><\/script>\r\n<!-- Prikazni 1 u tekstu -->\r\n<ins class=\"adsbygoogle\"\r\n     style=\"display:block\"\r\n     data-ad-client=\"ca-pub-8106111766207173\"\r\n     data-ad-slot=\"8535551207\"\r\n     data-ad-format=\"auto\"\r\n     data-full-width-responsive=\"true\"><\/ins>\r\n<script>\r\n     (adsbygoogle = window.adsbygoogle || []).push({});\r\n<\/script><\/div><\/div><br style=\"clear: both; display: block; float: none;\"\/>\n\n\n\n<p>U sobe, pi\u0161e, ulazi neugodan miris iz zahoda, nema WC papira, sredstava za pranje ruku niti papira za brisanje ruku. \u201dImam dojam da se inspekcija najavi prije dolaska pa se prostor za njih o\u010disti i uredno pripremi, dok svakodnevni uvjeti ostaju neadekvatni\u201d, smatra.<\/p>\n\n\n\n<h3 class=\"wp-block-heading\">Preska\u010du fizioterapije<\/h3>\n\n\n\n<p>Ugovorom je, tvrdi, predvi\u0111eno da korisnici dva puta tjedno imaju fizioterapiju. \u201dU zadnjih \u0161est mjeseci ova usluga nije im pru\u017eena kad, bi se zbrojilo, barem tri mjeseca. Novac za to nije vra\u0107en, niti se radila nadoknada. Brine me i to \u0161to je glavna sestra otresita i arogantna, ne javlja mi se na pozive, a radi od 7 do 15 sati nakon \u010dega je dom bez lije\u010dni\u010dkog nadzora\u201d, svjedo\u010di gospo\u0111a Maja.<\/p>\n\n\n\n<p>Na kraju pisma zaklju\u010duje: \u201dNa\u017ealost, nemam mogu\u0107nost smjestiti majku kod sebe, pa je boravak u ovom domu nu\u017eno zlo. Voljela bih da se uzmu u obzir sva na\u0161a svjedo\u010denja i poduzme ne\u0161to, ipak je rije\u010d o ljudima. Moja pri\u010da mogla bi biti puno du\u017ea, ali zasad sam opisala najva\u017enije probleme\u201d, zaklju\u010duje pismo gospo\u0111a Maja.<\/p>\n\n\n\n<h3 class=\"wp-block-heading\">Zdenko: Mama je promijenila pet privatnih domova<\/h3>\n\n\n\n<p>O negativnom iskustvu i potrebi za vi\u0161e inspekcijskih nadzora pisao nam je i <strong>gospodin Zdenko<\/strong>: \u201dMoja je majka promijenila pet privatnih domova. Za \u017eivota je radila u dr\u017eavnoj pekari, dizala se u 02.15 u no\u0107i da bi stigla na vrijeme na posao. Nije dobila priliku dobiti smje\u0161taj u dr\u017eavnom domu, za koje smatram da su adekvatniji od privatnih jer imaju vi\u0161e sadr\u017eaja te vi\u0161e \u0161kolovanih djelatnika\u201d, pi\u0161e gospodin Zdenko.<\/p>\n\n\n\n<p>\u201dGdje god sam prigovorio zbog raznoraznih nedostataka, izbacili su nas. Mislim da bi se trebalo vi\u0161e ulagati u izgradnju novih dr\u017eavnih domova, ali i da bi zbog nedostatka dr\u017eavnih trebalo subvencionirati privatne domove da na\u0161i dragi roditelji imaju kvalitetniju njegu. Ovako mo\u017eemo samo pjevati onu pjesmu \u201dLupi petama\u201d od Prljavog kazali\u0161ta\u201d, zaklju\u010duje gospodin Zdenko.<\/p>\n\n\n\n<p>Pi\u0161ite nam i vi o iskustvima s domom za starije.<\/p>\n\n\n\n<div id=\"crveno\"><\/p>\n\n\n\n<h3 class=\"wp-block-heading\">Zanima nas va\u0161a pri\u010da<\/h3>\n\n\n\n<p>\u017delite li i vi, posve anonimno, podijeliti svoje iskustvo i vi\u0111enje ove teme s nama i na\u0161im \u010ditateljima, mo\u017eete to u\u010diniti putem web obrasca <a rel=\"noreferrer noopener\" href=\"https:\/\/www.mojevrijeme.hr\/magazin\/povjerljivo\/\" target=\"_blank\">Povjerljivo<\/a>. Napi\u0161ite svoju pri\u010du!<\/p>\n\n\n\n<p><\/div>\n<div id=\"mojev-115798412\" class=\"mojev-kraj-teksta mojev-entity-placement\" style=\"margin-bottom: 20px;margin-left: auto;margin-right: auto;text-align: center;\"><div class=\"mojev-adlabel\">oglas<\/div><div style=\"height: 250px;\"><script async src=\"https:\/\/pagead2.googlesyndication.com\/pagead\/js\/adsbygoogle.js?client=ca-pub-8106111766207173\"\r\n     crossorigin=\"anonymous\"><\/script>\r\n<!-- Display-1 -->\r\n<ins class=\"adsbygoogle\"\r\n     style=\"display:block\"\r\n     data-ad-client=\"ca-pub-8106111766207173\"\r\n     data-ad-slot=\"1465712950\"\r\n     data-ad-format=\"auto\"\r\n     data-full-width-responsive=\"true\"><\/ins>\r\n<script>\r\n     (adsbygoogle = window.adsbygoogle || []).push({});\r\n<\/script><\/div><\/div>","protected":false},"excerpt":{"rendered":"<p>Jasno je da su iskustva i stavovi korisnika ili njihovih bli\u017enjih \u010desto subjektivni, vo\u0111eni brigom za voljene, no mnoge \u010dinjenice koje iznose upu\u0107uju na nu\u017enost pobolj\u0161anja uvjeta u domovima za stare i nemo\u0107ne.<\/p>\n","protected":false},"author":17,"featured_media":117265,"comment_status":"closed","ping_status":"closed","sticky":false,"template":"","format":"standard","meta":{"footnotes":""},"categories":[3552],"tags":[2669,4321],"class_list":["post-146269","post","type-post","status-publish","format-standard","has-post-thumbnail","hentry","category-povjerljivo","tag-domovi","tag-privatni-domovi"],"_links":{"self":[{"href":"https:\/\/www.mojevrijeme.hr\/magazin\/wp-json\/wp\/v2\/posts\/146269","targetHints":{"allow":["GET"]}}],"collection":[{"href":"https:\/\/www.mojevrijeme.hr\/magazin\/wp-json\/wp\/v2\/posts"}],"about":[{"href":"https:\/\/www.mojevrijeme.hr\/magazin\/wp-json\/wp\/v2\/types\/post"}],"author":[{"embeddable":true,"href":"https:\/\/www.mojevrijeme.hr\/magazin\/wp-json\/wp\/v2\/users\/17"}],"replies":[{"embeddable":true,"href":"https:\/\/www.mojevrijeme.hr\/magazin\/wp-json\/wp\/v2\/comments?post=146269"}],"version-history":[{"count":4,"href":"https:\/\/www.mojevrijeme.hr\/magazin\/wp-json\/wp\/v2\/posts\/146269\/revisions"}],"predecessor-version":[{"id":146274,"href":"https:\/\/www.mojevrijeme.hr\/magazin\/wp-json\/wp\/v2\/posts\/146269\/revisions\/146274"}],"wp:featuredmedia":[{"embeddable":true,"href":"https:\/\/www.mojevrijeme.hr\/magazin\/wp-json\/wp\/v2\/media\/117265"}],"wp:attachment":[{"href":"https:\/\/www.mojevrijeme.hr\/magazin\/wp-json\/wp\/v2\/media?parent=146269"}],"wp:term":[{"taxonomy":"category","embeddable":true,"href":"https:\/\/www.mojevrijeme.hr\/magazin\/wp-json\/wp\/v2\/categories?post=146269"},{"taxonomy":"post_tag","embeddable":true,"href":"https:\/\/www.mojevrijeme.hr\/magazin\/wp-json\/wp\/v2\/tags?post=146269"}],"curies":[{"name":"wp","href":"https:\/\/api.w.org\/{rel}","templated":true}]}}