{"id":147294,"date":"2026-01-05T18:51:45","date_gmt":"2026-01-05T17:51:45","guid":{"rendered":"https:\/\/www.mojevrijeme.hr\/magazin\/?p=147294"},"modified":"2026-01-05T18:53:11","modified_gmt":"2026-01-05T17:53:11","slug":"konzum-dva-tjedna-nije-objavljivao-maloprodajne-cjenike-zbog-tehnicke-greske","status":"publish","type":"post","link":"https:\/\/www.mojevrijeme.hr\/magazin\/2026\/01\/konzum-dva-tjedna-nije-objavljivao-maloprodajne-cjenike-zbog-tehnicke-greske\/","title":{"rendered":"Konzum dva tjedna nije objavljivao maloprodajne cjenike &#8211; zbog tehni\u010dke gre\u0161ke"},"content":{"rendered":"\n<p>Korisnici portala i aplikacije <strong>Koliko.HR<\/strong> protekla dva tjedna nisu mogli pratiti maloprodajne cijene u poslovnicama <strong>Konzuma<\/strong> jer taj trgova\u010dki lanac od 24. prosinca 2025. nije objavljivao potpune cjenike. Od tog datuma cijene su bile dostupne za svega \u010detiri Konzumove poslovnice u cijeloj Hrvatskoj, objavio je <a href=\"https:\/\/koliko.hr\/2026\/01\/05\/konzum-dva-tjedna-nije-objavljivao-cjenike-kazu-zbog-tehnicke-greske\/\">Koliko.HR<\/a>,<\/p>\n\n\n\n<p>Iz Slu\u017ebe korporativnih komunikacija Konzuma odgovorili su da je rije\u010d o tehni\u010dkoj gre\u0161ci. &#8220;Do\u0161lo je do tehni\u010dke gre\u0161ke prilikom objavljivanja cjenika, \u010dijem smo rje\u0161avanju odmah pristupili kako bi svi podaci bili dostupni u \u0161to kra\u0107em roku\u201c, naveli su u pisanom odgovoru.<\/p>\n\n\n\n<p>Tijekom dana\u0161njeg dana (5. sije\u010dnja) Konzum je objavio dana\u0161nje cjenike, no cjenici za prethodne dane u razdoblju u kojem nisu bili javno dostupni jo\u0161 uvijek nedostaju. &#8220;Od Konzuma smo zatra\u017eili njihovu objavu kako bi na\u0161i korisnici i \u010ditatelji mogli kontinuirano pratiti kretanje cijena te kako bismo i sami mogli precizno izra\u010dunati potro\u0161a\u010dku ko\u0161aricu za svoje redovito mjese\u010dno izvje\u0161\u0107e&#8221;, objavio je Koliko.HR.<\/p><div id=\"mojev-1445896048\" class=\"mojev-u-tekstu mojev-entity-placement\" style=\"margin-left: auto;margin-right: auto;text-align: center;\"><div class=\"mojev-adlabel\">oglas<\/div><div style=\"height: 250px;\"><script async src=\"https:\/\/pagead2.googlesyndication.com\/pagead\/js\/adsbygoogle.js?client=ca-pub-8106111766207173\"\r\n     crossorigin=\"anonymous\"><\/script>\r\n<!-- Prikazni 1 u tekstu -->\r\n<ins class=\"adsbygoogle\"\r\n     style=\"display:block\"\r\n     data-ad-client=\"ca-pub-8106111766207173\"\r\n     data-ad-slot=\"8535551207\"\r\n     data-ad-format=\"auto\"\r\n     data-full-width-responsive=\"true\"><\/ins>\r\n<script>\r\n     (adsbygoogle = window.adsbygoogle || []).push({});\r\n<\/script><\/div><\/div><br style=\"clear: both; display: block; float: none;\"\/>\n\n\n\n<p>Podsjetimo, <strong>Vlada Republike Hrvatske<\/strong> propisala je obaveznu objavu va\u017ee\u0107ih maloprodajnih cjenika na mre\u017enim stranicama trgovaca (NN, 75\/2025). Mjera je uvedena &#8220;radi pra\u0107enja u\u010dinaka promjena pojedinih cijena, kako bi potro\u0161a\u010di mogli donositi informirane odluke, u svrhu za\u0161tite njihovih ekonomskih prava te u cilju otklanjanja \u0161tetnih posljedica na tr\u017ei\u0161tu u pogledu opskrbe potro\u0161a\u010da odre\u0111enim proizvodima u trgovini na malo na podru\u010dju Republike Hrvatske&#8221;.<\/p>\n\n\n\n<p>Kako je ranije izvijestio Dr\u017eavni inspektorat, a vezano za&nbsp; provedene kontrole objave cjenika na mre\u017enim stranicama trgovaca&nbsp;iz kategorija supermarket, hipermarket, diskontna prodavaonica te Cash&amp;Carry,&nbsp; utvr\u0111eno je da 13 trgovaca nije ispunilo sve obveze vezano uz objavu cjenika, dok su pojedini inspekcijski nadzori u tijeku. <a href=\"https:\/\/www.facebook.com\/sharer\/sharer.php?u=https%3A%2F%2Fkoliko.hr%2F2026%2F01%2F05%2Ftrgovci-ne-postuju-odluku-o-ogranicenju-cijena-i-informiranju%2F\" target=\"_blank\" rel=\"noreferrer noopener\"><\/a><\/p>\n<div id=\"mojev-2897029818\" class=\"mojev-kraj-teksta mojev-entity-placement\" style=\"margin-bottom: 20px;margin-left: auto;margin-right: auto;text-align: center;\"><div class=\"mojev-adlabel\">oglas<\/div><div style=\"height: 250px;\"><script async src=\"https:\/\/pagead2.googlesyndication.com\/pagead\/js\/adsbygoogle.js?client=ca-pub-8106111766207173\"\r\n     crossorigin=\"anonymous\"><\/script>\r\n<!-- Display-1 -->\r\n<ins class=\"adsbygoogle\"\r\n     style=\"display:block\"\r\n     data-ad-client=\"ca-pub-8106111766207173\"\r\n     data-ad-slot=\"1465712950\"\r\n     data-ad-format=\"auto\"\r\n     data-full-width-responsive=\"true\"><\/ins>\r\n<script>\r\n     (adsbygoogle = window.adsbygoogle || []).push({});\r\n<\/script><\/div><\/div>","protected":false},"excerpt":{"rendered":"<p>Od Konzuma je zatra\u017eeno dodatno poja\u0161njenje, ali i retroaktivna objava podataka koji nedostaju kako bi se osigurao kontinuitet pra\u0107enja cijena.<\/p>\n","protected":false},"author":1,"featured_media":147295,"comment_status":"closed","ping_status":"closed","sticky":false,"template":"","format":"standard","meta":{"footnotes":""},"categories":[9],"tags":[1137,4704,2139],"class_list":["post-147294","post","type-post","status-publish","format-standard","has-post-thumbnail","hentry","category-vijesti","tag-cijene","tag-kolikohr","tag-konzum"],"_links":{"self":[{"href":"https:\/\/www.mojevrijeme.hr\/magazin\/wp-json\/wp\/v2\/posts\/147294","targetHints":{"allow":["GET"]}}],"collection":[{"href":"https:\/\/www.mojevrijeme.hr\/magazin\/wp-json\/wp\/v2\/posts"}],"about":[{"href":"https:\/\/www.mojevrijeme.hr\/magazin\/wp-json\/wp\/v2\/types\/post"}],"author":[{"embeddable":true,"href":"https:\/\/www.mojevrijeme.hr\/magazin\/wp-json\/wp\/v2\/users\/1"}],"replies":[{"embeddable":true,"href":"https:\/\/www.mojevrijeme.hr\/magazin\/wp-json\/wp\/v2\/comments?post=147294"}],"version-history":[{"count":4,"href":"https:\/\/www.mojevrijeme.hr\/magazin\/wp-json\/wp\/v2\/posts\/147294\/revisions"}],"predecessor-version":[{"id":147299,"href":"https:\/\/www.mojevrijeme.hr\/magazin\/wp-json\/wp\/v2\/posts\/147294\/revisions\/147299"}],"wp:featuredmedia":[{"embeddable":true,"href":"https:\/\/www.mojevrijeme.hr\/magazin\/wp-json\/wp\/v2\/media\/147295"}],"wp:attachment":[{"href":"https:\/\/www.mojevrijeme.hr\/magazin\/wp-json\/wp\/v2\/media?parent=147294"}],"wp:term":[{"taxonomy":"category","embeddable":true,"href":"https:\/\/www.mojevrijeme.hr\/magazin\/wp-json\/wp\/v2\/categories?post=147294"},{"taxonomy":"post_tag","embeddable":true,"href":"https:\/\/www.mojevrijeme.hr\/magazin\/wp-json\/wp\/v2\/tags?post=147294"}],"curies":[{"name":"wp","href":"https:\/\/api.w.org\/{rel}","templated":true}]}}