{"id":147306,"date":"2026-01-06T10:26:52","date_gmt":"2026-01-06T09:26:52","guid":{"rendered":"https:\/\/www.mojevrijeme.hr\/magazin\/?p=147306"},"modified":"2026-01-06T11:02:56","modified_gmt":"2026-01-06T10:02:56","slug":"stanisic-ne-bih-dala-da-me-operira-kirurg-stariji-od-65-takvi-lijecnici-trebaju-volontirati","status":"publish","type":"post","link":"https:\/\/www.mojevrijeme.hr\/magazin\/2026\/01\/stanisic-ne-bih-dala-da-me-operira-kirurg-stariji-od-65-takvi-lijecnici-trebaju-volontirati\/","title":{"rendered":"Stani\u0161i\u0107: Ne bih dala da me operira kirurg stariji od 65, ti lije\u010dnici trebaju volontirati"},"content":{"rendered":"\n<p><strong>Vi\u0161nja Stani\u0161i\u0107<\/strong>, predsjednica Sindikata umirovljenika Hrvatske (SUH), komentirala je nove mogu\u0107nosti rada u mirovini prema kojima se umirovljenicima omogu\u0107uje rad u punom radnom vremenu uz isplatu polovice mirovine.<\/p>\n\n\n\n<p>U programu <a href=\"https:\/\/n1info.hr\/vijesti\/kako-zive-umirovljenici-u-hrvatskoj-i-sto-ih-ocekuje-u-2026\/\">N1<\/a> televizije upozorila je na pogre\u0161ne pretpostavke o interesu umirovljenika i stvarnim mogu\u0107nostima rada. &#8220;Kad se govori o 40 tisu\u0107a umirovljenika koji rade, treba re\u0107i da je to tek oko 3,5 posto ukupnog broja umirovljenika. To je stvarno minimum\u201c, rekla je i dodala da produljenje \u017eivotnog vijeka ne zna\u010di i izostanak biolo\u0161kih ograni\u010denja. &#8220;Istina je da se \u017eivotni vijek produljio, ali starost se ne mo\u017ee izbje\u0107i&#8221;, naglasila je.<\/p>\n\n\n\n<p>Posebno je istaknula da se u javnosti pogre\u0161no sugerira kako je odluka o radu u mirovini isklju\u010divo na umirovljenicima. &#8220;Treba demistificirati tvrdnju da rad ovisi o umirovljeniku. Ne ovisi. Rad ovisi o poslodavcu.&#8221;<\/p><div id=\"mojev-2718159858\" class=\"mojev-u-tekstu mojev-entity-placement\" style=\"margin-left: auto;margin-right: auto;text-align: center;\"><div class=\"mojev-adlabel\">oglas<\/div><div style=\"height: 250px;\"><script async src=\"https:\/\/pagead2.googlesyndication.com\/pagead\/js\/adsbygoogle.js?client=ca-pub-8106111766207173\"\r\n     crossorigin=\"anonymous\"><\/script>\r\n<!-- Prikazni 1 u tekstu -->\r\n<ins class=\"adsbygoogle\"\r\n     style=\"display:block\"\r\n     data-ad-client=\"ca-pub-8106111766207173\"\r\n     data-ad-slot=\"8535551207\"\r\n     data-ad-format=\"auto\"\r\n     data-full-width-responsive=\"true\"><\/ins>\r\n<script>\r\n     (adsbygoogle = window.adsbygoogle || []).push({});\r\n<\/script><\/div><\/div><br style=\"clear: both; display: block; float: none;\"\/>\n\n\n\n<p>Stani\u0161i\u0107 je naglasila da oni koji danas rade u mirovini to uglavnom \u010dine iz potrebe, i to u deficitarnim zanimanjima. &#8220;Tra\u017ee se prodava\u010di, gra\u0111evinski radnici, radnici u ugostiteljstvu. To su te\u0161ki fizi\u010dki poslovi koje ljudi stariji od 65 godina \u010desto vi\u0161e ne mogu obavljati&#8221;, rekla je dodaju\u0107i da \u0107e novi model rada u praksi biti pogodan ponajprije onima u &#8220;finijim&#8221; intelektualnim zanimanjima. &#8220;To sigurno ne\u0107e mo\u0107i biti tete u vrti\u0107ima ni u\u010ditelji koje su djeca iscrpila nakon 40 godina sta\u017ea&#8221;, objasnila je. &#8220;To je za umna zanimanja, ali i to umno je vrlo diskutabilno&#8221;, nastavlja.<\/p>\n\n\n\n<h2 class=\"wp-block-heading\">Kirurzi, \u0161oferi&#8230;<\/h2>\n\n\n\n<p>Govore\u0107i o poslovima s visokom razinom odgovornosti, Stani\u0161i\u0107 ka\u017ee: &#8220;Osobno ne bih nikada dopustila da me operira kirurg stariji od 65 godina.&#8221; Pritom je podsjetila na uobi\u010dajene kognitivne promjene koje dolaze s godinama.&#8221;Svi se trudimo ostati prisebni, ali zaboravljamo gdje smo ne\u0161to ostavili, ne mo\u017eemo se sjetiti odakle poznajemo nekoga koga sretnemo na ulici. To su normalne pojave starenja&#8221;, rekla je. &#8220;Za to sam da stariji lije\u010dnici poma\u017eu i savjetuju mla\u0111e kolege. To bi bilo izvrsno. Ako netko to \u017eeli, bilo bi lijepo od njega da volontira.&#8221;<\/p>\n\n\n\n<p>U tom kontekstu u emisiji je otvorena i tema nedavne te\u0161ke prometne nesre\u0107e u kojoj su sudjelovala dva profesionalna voza\u010da starija od 65 godina, pri \u010demu je voditeljica pitanje formulirala na na\u010din koji <em>ageisti\u010dki <\/em>povezuje dob voza\u010da s uzrokom nesre\u0107e. &#8220;Profesionalnim voza\u010dima slabe refleksi. To moramo priznati. Ne mo\u017eemo izbje\u0107i starost niti posljedice starenja&#8221;, prihvatila je tu tezu Stani\u0161i\u0107 apostrofiraju\u0107i biolo\u0161ke promjene koje s godinama poga\u0111aju sve ljude.<\/p>\n\n\n\n<h2 class=\"wp-block-heading\">Manje u\u017eitka u mirovini<\/h2>\n\n\n\n<p>&#8220;Problem je u tome \u0161to Vlada ne\u0107e otvoreno re\u0107i \u0161to zapravo \u017eeli. Ljudi koji \u0107e nastaviti raditi u mirovini pla\u0107at \u0107e doprinose i sve \u0107e manje u\u017eivati u svojoj mirovini&#8221;, rekla je, podsjetiv\u0161i da se sustav temelji na generacijskoj solidarnosti. &#8220;Imamo populaciju koja u mirovini \u017eivi i po 30 godina i koja je ve\u0107 potro\u0161ila doprinose koje je upla\u0107ivala. To ljudi ne shva\u0107aju&#8221;, kazala je. <\/p>\n\n\n\n<p>Istovremeno, oni koji danas odlaze u mirovinu sa 65 godina, a od kojih se o\u010dekuje da rade do 68. ili 70. godine, vrlo \u0107e malo koristiti pravo koje su desetlje\u0107ima stjecali. &#8220;\u010cak i ako do\u017eive 80 ili 90 godina, kvaliteta \u017eivota u tim godinama vi\u0161e nije ista. To su visoke godine u kojima se ne mo\u017ee priu\u0161titi u\u017eivanje u mirovini. To je cilj Vlade, da dana\u0161nji umirovljenici \u0161to manje u\u017eivaju u mirovini&#8221;, zaklju\u010dila je Stani\u0161i\u0107.<\/p>\n\n\n\n<div id=\"crveno\"><\/p>\n\n\n\n<h3 class=\"wp-block-heading\">Zanima nas va\u0161a pri\u010da<\/h3>\n\n\n\n<p>\u017delite li i vi, posve anonimno, podijeliti svoje iskustvo i vi\u0111enje ove teme s nama i na\u0161im \u010ditateljima, mo\u017eete to u\u010diniti putem web obrasca <a rel=\"noreferrer noopener\" href=\"https:\/\/www.mojevrijeme.hr\/magazin\/povjerljivo\/\" target=\"_blank\">Povjerljivo<\/a>. Napi\u0161ite svoju pri\u010du!<\/p>\n\n\n\n<p><\/div>\n<div id=\"mojev-4259853741\" class=\"mojev-kraj-teksta mojev-entity-placement\" style=\"margin-bottom: 20px;margin-left: auto;margin-right: auto;text-align: center;\"><div class=\"mojev-adlabel\">oglas<\/div><div style=\"height: 250px;\"><script async src=\"https:\/\/pagead2.googlesyndication.com\/pagead\/js\/adsbygoogle.js?client=ca-pub-8106111766207173\"\r\n     crossorigin=\"anonymous\"><\/script>\r\n<!-- Display-1 -->\r\n<ins class=\"adsbygoogle\"\r\n     style=\"display:block\"\r\n     data-ad-client=\"ca-pub-8106111766207173\"\r\n     data-ad-slot=\"1465712950\"\r\n     data-ad-format=\"auto\"\r\n     data-full-width-responsive=\"true\"><\/ins>\r\n<script>\r\n     (adsbygoogle = window.adsbygoogle || []).push({});\r\n<\/script><\/div><\/div>","protected":false},"excerpt":{"rendered":"<p>Predsjednica sindikata umirovljenika Hrvatske, Vi\u0161nja Stani\u0161i\u0107, upozorava da je rad u mirovini dobar za one u finijim zanimanjima, no da \u0107e svi ostali raditi iz puke potrebe.<\/p>\n","protected":false},"author":1,"featured_media":145128,"comment_status":"closed","ping_status":"closed","sticky":false,"template":"","format":"standard","meta":{"footnotes":""},"categories":[9],"tags":[1342,1684],"class_list":["post-147306","post","type-post","status-publish","format-standard","has-post-thumbnail","hentry","category-vijesti","tag-rad-uz-mirovinu","tag-visnja-stanisic"],"_links":{"self":[{"href":"https:\/\/www.mojevrijeme.hr\/magazin\/wp-json\/wp\/v2\/posts\/147306","targetHints":{"allow":["GET"]}}],"collection":[{"href":"https:\/\/www.mojevrijeme.hr\/magazin\/wp-json\/wp\/v2\/posts"}],"about":[{"href":"https:\/\/www.mojevrijeme.hr\/magazin\/wp-json\/wp\/v2\/types\/post"}],"author":[{"embeddable":true,"href":"https:\/\/www.mojevrijeme.hr\/magazin\/wp-json\/wp\/v2\/users\/1"}],"replies":[{"embeddable":true,"href":"https:\/\/www.mojevrijeme.hr\/magazin\/wp-json\/wp\/v2\/comments?post=147306"}],"version-history":[{"count":19,"href":"https:\/\/www.mojevrijeme.hr\/magazin\/wp-json\/wp\/v2\/posts\/147306\/revisions"}],"predecessor-version":[{"id":147332,"href":"https:\/\/www.mojevrijeme.hr\/magazin\/wp-json\/wp\/v2\/posts\/147306\/revisions\/147332"}],"wp:featuredmedia":[{"embeddable":true,"href":"https:\/\/www.mojevrijeme.hr\/magazin\/wp-json\/wp\/v2\/media\/145128"}],"wp:attachment":[{"href":"https:\/\/www.mojevrijeme.hr\/magazin\/wp-json\/wp\/v2\/media?parent=147306"}],"wp:term":[{"taxonomy":"category","embeddable":true,"href":"https:\/\/www.mojevrijeme.hr\/magazin\/wp-json\/wp\/v2\/categories?post=147306"},{"taxonomy":"post_tag","embeddable":true,"href":"https:\/\/www.mojevrijeme.hr\/magazin\/wp-json\/wp\/v2\/tags?post=147306"}],"curies":[{"name":"wp","href":"https:\/\/api.w.org\/{rel}","templated":true}]}}