{"id":14748,"date":"2018-04-23T16:39:40","date_gmt":"2018-04-23T14:39:40","guid":{"rendered":"https:\/\/www.mojevrijeme.hr\/magazin\/?p=14748"},"modified":"2019-06-06T15:39:48","modified_gmt":"2019-06-06T13:39:48","slug":"desa-bakovic-je-prodala-stan-kako-bi-stipendirala-siromasnu-djecu","status":"publish","type":"post","link":"https:\/\/www.mojevrijeme.hr\/magazin\/2018\/04\/desa-bakovic-je-prodala-stan-kako-bi-stipendirala-siromasnu-djecu\/","title":{"rendered":"Desa Bakovi\u0107 (101) je prodala stan kako bi stipendirala siroma\u0161nu djecu"},"content":{"rendered":"<p><strong>Ku\u0107a ljudskih prava<\/strong>\u00a0u Zagrebu bila je pravo mjesto za proslavu 101. ro\u0111endana <strong>Dese Bakovi\u0107<\/strong>. Tamo je naime predstavljen Fond \u201eDesa i Jerko Bakovi\u0107\u201c, osmi\u0161ljen u Zakladi Solidarna. Jer, davno je gospo\u0111a Bakovi\u0107 odlu\u010dila prodati stan, a prihod prodaje usmjeriti prema \u0161kolovanju siroma\u0161ne djece. Bila je to i \u017eelja njenog pokojnog supruga Jerka, pre\u017eivjelog logora\u0161a iz Jasenovca.\u00a0Desa i Jerko u braku su proveli vi\u0161e od 60 godina. Otkad je Jerko umro u 96. godini \u017eivota, posljednjih osam godina udovica \u017eivi sama.<\/p>\n<p>Ovakav praznik filantropije rijedak je u Hrvatskoj, i kako doznajemo omogu\u0107io je 31 stipendiju u\u010denika starih od 10 do 18 godina, i to iz nerazvijenih sredina Like, Gorskog Kotara, Korduna\u2026 Me\u0111u njima je i djevoj\u010dica romske nacionalnosti koja \u017eeli postati policajka. Kako se u \u0161koli za romsku djecu nije u\u010dio engleski jezik, Fond \u0107e joj osigurati taj dio \u0161kolovanja da bi mogla upisati \u017eeljenu srednju \u0161kolu.<\/p>\n<p>&#8220;To su djeca \u017eeljna znanja, kreativnosti i mogu\u0107nosti nastavka \u0161kolovanja u ve\u0107im sredinama, koja su izlo\u017eena siroma\u0161tvu i izolaciji, izazovima \u017eivljenja s kroni\u010dnim bolestima i invaliditetom, polo\u017eaju srpske i romske nacionalne manjine, iskustvima obiteljskog nasilja kao i djeca zatvorenika te djeca koja nemaju adekvatnu roditeljsku skrb&#8221;, kazala je ravnateljica Soldirane Marina \u0160krabalo.\u00a0Zaklada \u0107e se pobrinuti da se vrijednost fonda uve\u0107a te da se ne iscrpi jednokratnim stipendijama. To pak zna\u010di da ga i drugi donatori mogu \u201epoja\u010dati\u201c.<\/p><div id=\"mojev-2504659152\" class=\"mojev-u-tekstu mojev-entity-placement\" style=\"margin-left: auto;margin-right: auto;text-align: center;\"><div class=\"mojev-adlabel\">oglas<\/div><div style=\"height: 250px;\"><script async src=\"https:\/\/pagead2.googlesyndication.com\/pagead\/js\/adsbygoogle.js?client=ca-pub-8106111766207173\"\r\n     crossorigin=\"anonymous\"><\/script>\r\n<!-- Prikazni 1 u tekstu -->\r\n<ins class=\"adsbygoogle\"\r\n     style=\"display:block\"\r\n     data-ad-client=\"ca-pub-8106111766207173\"\r\n     data-ad-slot=\"8535551207\"\r\n     data-ad-format=\"auto\"\r\n     data-full-width-responsive=\"true\"><\/ins>\r\n<script>\r\n     (adsbygoogle = window.adsbygoogle || []).push({});\r\n<\/script><\/div><\/div><br style=\"clear: both; display: block; float: none;\"\/>\n<h3>Tko je bio Jerko Bakovi\u0107?<\/h3>\n<p>Godine 1941., nakon \u0161to su od usta\u0161kog terora stradale obje mu sestre, komunist i ilegalac Jerko Bakovi\u0107 zavr\u0161io je u Jasenovcu. \u201eKad samo pomislim \u0161to je u Jasenovcu pro\u0161ao. \u010cetrdeset i \u0161est kila je imao kad je pu\u0161ten. Devet su ga mjeseci dr\u017eali tamo\u201d, kazala je za Jutarnji list Desa. <strong>Sestre Rajka<\/strong> i <strong>Zdenka Bakovi\u0107<\/strong> poznate su partizanske heroine \u010dije su biste postavljene kraj Kina Europe u Prolazu sestara Bakovi\u0107. Ime im je s tog starinskog pasa\u017ea bilo skinuto 1990. godine i tek je nedavno vra\u0107eno.<\/p>\n<p>\u201eKad napravim neki potez koji mi se \u010dini koristan, ljudski po\u0161ten, lebdim od sre\u0107e\u201c, novinarima je rekla Desa Bakovi\u0107.<\/p>\n<div id=\"crveno\">(<strong>6. lipnja 2019.)<\/strong> Zaklada Solidarna izvijestila je da je Desa Bakovi\u0107 preminula 28. svibnja 2019.godine. &#8220;Danas se uz pomo\u0107 fonda stipendira\u00a029 stipendista i stipendistica koji su, uz njihove obitelji i \u0161iru javnost, iznimno zahvalni na velikodu\u0161noj pomo\u0107i obitelji Bakovi\u0107. Sa sigurno\u0161\u0107u mo\u017eemo re\u0107i da nas je gospo\u0111a Desa Bakovi\u0107 svojom dobrotom i nesebi\u010dno\u0161\u0107u zauvijek zadu\u017eila. Njoj u \u010dast, Zaklada Solidarna nastavit \u0107e pomagati potrebitoj djeci u ostvarenju njihovih snova&#8221;, objavila je Solidarna. <\/div>\n<div id=\"mojev-1436010212\" class=\"mojev-kraj-teksta mojev-entity-placement\" style=\"margin-bottom: 20px;margin-left: auto;margin-right: auto;text-align: center;\"><div class=\"mojev-adlabel\">oglas<\/div><div style=\"height: 250px;\"><script async src=\"https:\/\/pagead2.googlesyndication.com\/pagead\/js\/adsbygoogle.js?client=ca-pub-8106111766207173\"\r\n     crossorigin=\"anonymous\"><\/script>\r\n<!-- Display-1 -->\r\n<ins class=\"adsbygoogle\"\r\n     style=\"display:block\"\r\n     data-ad-client=\"ca-pub-8106111766207173\"\r\n     data-ad-slot=\"1465712950\"\r\n     data-ad-format=\"auto\"\r\n     data-full-width-responsive=\"true\"><\/ins>\r\n<script>\r\n     (adsbygoogle = window.adsbygoogle || []).push({});\r\n<\/script><\/div><\/div>","protected":false},"excerpt":{"rendered":"<p>Desa i Jerko u braku su proveli vi\u0161e od 60 godina. Otkad je Jerko umro u 96. godini \u017eivota, posljednjih osam godina udovica \u017eivi sama. Kad samo pomislim \u0161to je u Jasenovcu pro\u0161ao. \u010cetrdeset i \u0161est kila je imao kad je pu\u0161ten<\/p>\n","protected":false},"author":1,"featured_media":14749,"comment_status":"closed","ping_status":"closed","sticky":false,"template":"","format":"standard","meta":{"footnotes":""},"categories":[9],"tags":[1205,919],"class_list":["post-14748","post","type-post","status-publish","format-standard","has-post-thumbnail","hentry","category-vijesti","tag-filantropija","tag-oporuka"],"_links":{"self":[{"href":"https:\/\/www.mojevrijeme.hr\/magazin\/wp-json\/wp\/v2\/posts\/14748","targetHints":{"allow":["GET"]}}],"collection":[{"href":"https:\/\/www.mojevrijeme.hr\/magazin\/wp-json\/wp\/v2\/posts"}],"about":[{"href":"https:\/\/www.mojevrijeme.hr\/magazin\/wp-json\/wp\/v2\/types\/post"}],"author":[{"embeddable":true,"href":"https:\/\/www.mojevrijeme.hr\/magazin\/wp-json\/wp\/v2\/users\/1"}],"replies":[{"embeddable":true,"href":"https:\/\/www.mojevrijeme.hr\/magazin\/wp-json\/wp\/v2\/comments?post=14748"}],"version-history":[{"count":0,"href":"https:\/\/www.mojevrijeme.hr\/magazin\/wp-json\/wp\/v2\/posts\/14748\/revisions"}],"wp:featuredmedia":[{"embeddable":true,"href":"https:\/\/www.mojevrijeme.hr\/magazin\/wp-json\/wp\/v2\/media\/14749"}],"wp:attachment":[{"href":"https:\/\/www.mojevrijeme.hr\/magazin\/wp-json\/wp\/v2\/media?parent=14748"}],"wp:term":[{"taxonomy":"category","embeddable":true,"href":"https:\/\/www.mojevrijeme.hr\/magazin\/wp-json\/wp\/v2\/categories?post=14748"},{"taxonomy":"post_tag","embeddable":true,"href":"https:\/\/www.mojevrijeme.hr\/magazin\/wp-json\/wp\/v2\/tags?post=14748"}],"curies":[{"name":"wp","href":"https:\/\/api.w.org\/{rel}","templated":true}]}}