{"id":147596,"date":"2026-01-12T10:37:13","date_gmt":"2026-01-12T09:37:13","guid":{"rendered":"https:\/\/www.mojevrijeme.hr\/magazin\/?p=147596"},"modified":"2026-01-12T10:37:14","modified_gmt":"2026-01-12T09:37:14","slug":"fortuna-umirovljenici-zele-raditi-zele-biti-ukljuceni-i-u-mirovini","status":"publish","type":"post","link":"https:\/\/www.mojevrijeme.hr\/magazin\/2026\/01\/fortuna-umirovljenici-zele-raditi-zele-biti-ukljuceni-i-u-mirovini\/","title":{"rendered":"Fortuna: Umirovljenici \u017eele raditi, \u017eele biti uklju\u010deni i u mirovini"},"content":{"rendered":"\n<p>S po\u010detkom ove godine na snagu su stupile nove odredbe Zakona o mirovinskom osiguranju prema kojima umirovljenici mogu raditi na puno radno vrijeme, uz zadr\u017eavanja polovice mirovine. Neki smatraju da je to pravedno, dok drugi odbijaju svaku mogu\u0107nost rada u mirovinu, osim ako nije nu\u017enost pre\u017eivljavanja.<\/p>\n\n\n\n<p><strong>Mladen \u0160oprek<\/strong> tako za <a href=\"https:\/\/net.hr\/danas\/rtl-danas\/pola-mirovine-i-puno-radno-vrijeme-pogledajte-kako-izgleda-zivot-taksista-umirovljenika-91d8f0c8-ef18-11f0-9a51-9600040c8f8e\" target=\"_blank\" rel=\"noreferrer noopener\">RTL<\/a> ka\u017ee da je radio 38 godina, a posljednjih sedam je u mirovini. Rije\u010d o taksistu s malom mirovinom, toliko malom da su od nje, obja\u0161njava, nakon pla\u0107anja re\u017eija ne mo\u017ee kupiti niti \u010davle. Radio je Mladen sva\u0161ta u \u017eivotu. Ka\u017ee da je bio radnik u tvornici autobusa, bio je i ugostitelj, servisirao je automobile, a i hrvatski je branitelj. Iako ne obja\u0161njava kako i za\u0161to, ka\u017ee da mu je mirovina 470 eura. Zbog toga nije prestao raditi ni nakon odlaska u mirovinu i nije jedini.<\/p>\n\n\n\n<p><strong>Ljiljana Koli\u010di\u0107<\/strong>\u00a0iz Zagreba ka\u017ee da uz 41 godinu sta\u017ea prima mirovinu manju od 600 eura te i dalje radi nekoliko sati dnevno. &#8220;Imam 41 godinu sta\u017ea, a mirovina nije ni 600 eura. Mislim da sam vam sve rekla&#8221;, poru\u010duje. Na pitanje koliko radi, odgovara da je na poslu pet-\u0161est sati. &#8220;Normalno da mi je te\u0161ko. Kad i noge bole i ki\u010dma boli, sve boli&#8221;, dodaje.<\/p><div id=\"mojev-877037586\" class=\"mojev-u-tekstu mojev-entity-placement\" style=\"margin-left: auto;margin-right: auto;text-align: center;\"><div class=\"mojev-adlabel\">oglas<\/div><div style=\"height: 250px;\"><script async src=\"https:\/\/pagead2.googlesyndication.com\/pagead\/js\/adsbygoogle.js?client=ca-pub-8106111766207173\"\r\n     crossorigin=\"anonymous\"><\/script>\r\n<!-- Prikazni 1 u tekstu -->\r\n<ins class=\"adsbygoogle\"\r\n     style=\"display:block\"\r\n     data-ad-client=\"ca-pub-8106111766207173\"\r\n     data-ad-slot=\"8535551207\"\r\n     data-ad-format=\"auto\"\r\n     data-full-width-responsive=\"true\"><\/ins>\r\n<script>\r\n     (adsbygoogle = window.adsbygoogle || []).push({});\r\n<\/script><\/div><\/div><br style=\"clear: both; display: block; float: none;\"\/>\n\n\n\n<p>No neki od umirovljenika rade jer se vole osje\u0107ati korisno i \u017eivo. Umirovljenik <strong>Josip Cvita\u0161<\/strong>\u00a0iz Zagreba ka\u017ee da mu rad nije naporan: &#8220;U\u017eivam u stvaranju ne\u010dega, a kad se vide rezultati onda mi bude drago.&#8221;<\/p>\n\n\n\n<p>Potvr\u0111uje to i <strong>Vi\u0161nja Fortuna<\/strong>, predsjednica Matice umirovljenika Hrvatske. Obja\u0161njava da da razlog rada nije uvijek samo financijski: &#8220;Nije to samo stvar niske mirovine, nego \u017eele biti uklju\u010deni. \u017dele biti u svijetu rada. Ne \u017eele biti isklju\u010deni. Oni jesu umirovljenici, ali su itekako dobrodo\u0161li svi oni koji ho\u0107e i \u017eele raditi.\u201d<\/p>\n\n\n\n<p><strong>Ivanka Margeti\u0107<\/strong>, predsjednica Matice umirovljenika Maksimir, dodaje da mjera razli\u010dito utje\u010de na ljude ovisno o visini mirovine: \u201cNetko tko ima ve\u0107u mirovinu, to mu je dodatni plus da mo\u017ee lak\u0161e \u017eivjeti i da si priu\u0161ti ne\u0161to \u0161to nije mogao. Ako ima malu mirovinu, to mu je itekako va\u017eno. Ako mo\u017eete raditi. Te\u0161ko onima koji ne mogu.\u201d<a href=\"https:\/\/net.hr\/danas\/rtl-direkt\/analizirali-smo-zivimo-li-bolje-i-je-li-standard-gradana-narastao-94789f95-ecd0-11f0-9a51-9600040c8f8e\"><\/a><\/p>\n\n\n\n<div id=\"crveno\"><\/p>\n\n\n\n<h3 class=\"wp-block-heading\">Zanima nas va\u0161a pri\u010da<\/h3>\n\n\n\n<p>\u017delite li i vi, posve anonimno, podijeliti svoje iskustvo i vi\u0111enje ove teme s nama i na\u0161im \u010ditateljima, mo\u017eete to u\u010diniti putem web obrasca <a rel=\"noreferrer noopener\" href=\"https:\/\/www.mojevrijeme.hr\/magazin\/povjerljivo\/\" target=\"_blank\">Povjerljivo<\/a>. Napi\u0161ite svoju pri\u010du!<\/p>\n\n\n\n<p><\/div>\n<div id=\"mojev-1028624583\" class=\"mojev-kraj-teksta mojev-entity-placement\" style=\"margin-bottom: 20px;margin-left: auto;margin-right: auto;text-align: center;\"><div class=\"mojev-adlabel\">oglas<\/div><div style=\"height: 250px;\"><script async src=\"https:\/\/pagead2.googlesyndication.com\/pagead\/js\/adsbygoogle.js?client=ca-pub-8106111766207173\"\r\n     crossorigin=\"anonymous\"><\/script>\r\n<!-- Display-1 -->\r\n<ins class=\"adsbygoogle\"\r\n     style=\"display:block\"\r\n     data-ad-client=\"ca-pub-8106111766207173\"\r\n     data-ad-slot=\"1465712950\"\r\n     data-ad-format=\"auto\"\r\n     data-full-width-responsive=\"true\"><\/ins>\r\n<script>\r\n     (adsbygoogle = window.adsbygoogle || []).push({});\r\n<\/script><\/div><\/div>","protected":false},"excerpt":{"rendered":"<p>Dio umirovljenika radi kako bi pre\u017eivio, a dio kako bi ostao aktivan i uklju\u010den, \u0161to potvr\u0111uju i predstavnici umirovljeni\u010dkih udruga: rad u mirovini za neke je pitanje dostojanstva, a za druge pitanje golog opstanka.<\/p>\n","protected":false},"author":1,"featured_media":141509,"comment_status":"closed","ping_status":"closed","sticky":false,"template":"","format":"standard","meta":{"footnotes":""},"categories":[9],"tags":[1342,1221],"class_list":["post-147596","post","type-post","status-publish","format-standard","has-post-thumbnail","hentry","category-vijesti","tag-rad-uz-mirovinu","tag-visnja-fortuna"],"_links":{"self":[{"href":"https:\/\/www.mojevrijeme.hr\/magazin\/wp-json\/wp\/v2\/posts\/147596","targetHints":{"allow":["GET"]}}],"collection":[{"href":"https:\/\/www.mojevrijeme.hr\/magazin\/wp-json\/wp\/v2\/posts"}],"about":[{"href":"https:\/\/www.mojevrijeme.hr\/magazin\/wp-json\/wp\/v2\/types\/post"}],"author":[{"embeddable":true,"href":"https:\/\/www.mojevrijeme.hr\/magazin\/wp-json\/wp\/v2\/users\/1"}],"replies":[{"embeddable":true,"href":"https:\/\/www.mojevrijeme.hr\/magazin\/wp-json\/wp\/v2\/comments?post=147596"}],"version-history":[{"count":3,"href":"https:\/\/www.mojevrijeme.hr\/magazin\/wp-json\/wp\/v2\/posts\/147596\/revisions"}],"predecessor-version":[{"id":147599,"href":"https:\/\/www.mojevrijeme.hr\/magazin\/wp-json\/wp\/v2\/posts\/147596\/revisions\/147599"}],"wp:featuredmedia":[{"embeddable":true,"href":"https:\/\/www.mojevrijeme.hr\/magazin\/wp-json\/wp\/v2\/media\/141509"}],"wp:attachment":[{"href":"https:\/\/www.mojevrijeme.hr\/magazin\/wp-json\/wp\/v2\/media?parent=147596"}],"wp:term":[{"taxonomy":"category","embeddable":true,"href":"https:\/\/www.mojevrijeme.hr\/magazin\/wp-json\/wp\/v2\/categories?post=147596"},{"taxonomy":"post_tag","embeddable":true,"href":"https:\/\/www.mojevrijeme.hr\/magazin\/wp-json\/wp\/v2\/tags?post=147596"}],"curies":[{"name":"wp","href":"https:\/\/api.w.org\/{rel}","templated":true}]}}