{"id":147655,"date":"2026-01-13T09:43:11","date_gmt":"2026-01-13T08:43:11","guid":{"rendered":"https:\/\/www.mojevrijeme.hr\/magazin\/?p=147655"},"modified":"2026-01-13T09:44:16","modified_gmt":"2026-01-13T08:44:16","slug":"novi-izracun-mirovine-je-moguc-no-treba-strogo-paziti-na-korake","status":"publish","type":"post","link":"https:\/\/www.mojevrijeme.hr\/magazin\/2026\/01\/novi-izracun-mirovine-je-moguc-no-treba-strogo-paziti-na-korake\/","title":{"rendered":"Novi izra\u010dun mirovine je mogu\u0107, no treba strogo paziti na korake"},"content":{"rendered":"\n<p>Novi izra\u010dun mirovine atraktivna je mogu\u0107nost, no da bi se ostvarila, valja ispuniti strogo pripisane korake. Tako se u Pravno savjetovali\u0161te Sindikata umirovljenika Hrvatske (<a href=\"http:\/\/www.suh.hr\" target=\"_blank\" rel=\"noreferrer noopener\">SUH<\/a>) javila umirovljenica koja se umirovila u velja\u010di 2023. godine, a sada joj je novi izra\u010dun odbijen.<\/p>\n\n\n\n<p>&#8220;Potom sam radila sa skra\u0107enim radnim vremenom do 20 sati tjedno na temelju tri uzastopna ugovora o radu na odre\u0111eno vrijeme od po godinu dana. Posljednji ugovor \u0107e iste\u0107i 28. velja\u010de 2026. U o\u017eujku 2025. podnijela sam zahtjev za prera\u010dun mirovine jer sam ve\u0107 navr\u0161ila jednu godinu dodatnog sta\u017ea na temelju rada u trajanju od 2 godine sa skra\u0107enim radnim vremenom do 20 sati tjedno&#8221;, ka\u017ee ova zaposlena umirovljenica. <\/p>\n\n\n\n<p>No zahtjev joj je odbijen pa od pravnika SUH-a tra\u017ei obja\u0161njenje za\u0161to je tomu tako. &#8220;Kada \u0107u ostvariti pravo na ponovni izra\u010dun mirovine? Moj poslodavac je zainteresiran za nastavak suradnje te namjeravam jo\u0161 neko vrijeme raditi, ali bih \u017eeljela iskoristiti i mogu\u0107nost novog izra\u010duna mirovine&#8221;, ka\u017ee. <\/p><div id=\"mojev-3865710722\" class=\"mojev-u-tekstu mojev-entity-placement\" style=\"margin-left: auto;margin-right: auto;text-align: center;\"><div class=\"mojev-adlabel\">oglas<\/div><div style=\"height: 250px;\"><script async src=\"https:\/\/pagead2.googlesyndication.com\/pagead\/js\/adsbygoogle.js?client=ca-pub-8106111766207173\"\r\n     crossorigin=\"anonymous\"><\/script>\r\n<!-- Prikazni 1 u tekstu -->\r\n<ins class=\"adsbygoogle\"\r\n     style=\"display:block\"\r\n     data-ad-client=\"ca-pub-8106111766207173\"\r\n     data-ad-slot=\"8535551207\"\r\n     data-ad-format=\"auto\"\r\n     data-full-width-responsive=\"true\"><\/ins>\r\n<script>\r\n     (adsbygoogle = window.adsbygoogle || []).push({});\r\n<\/script><\/div><\/div><br style=\"clear: both; display: block; float: none;\"\/>\n\n\n\n<p>Ova umirovljenica je ispunila uvjet za prera\u010dun mirovine, a to je dodatna godina sta\u017ea, no trebala je prekinuti radni odnos makar na jedan dan, odgovaraju iz SUH-a. &#8220;Poslodavac vas je trebao odjaviti s danom od kojeg tra\u017eite prera\u010dun mirovine te napraviti prekid radnog odnosa od barem jednog dana, nakon \u010dega Vas je mogao ponovno prijaviti na mirovinsko osiguranje&#8221;, stoji u odgovoru. <\/p>\n\n\n\n<p>&#8220;Podnijeli ste zahtjev za prera\u010dun mirovine u vrijeme kada je jo\u0161 uvijek bio na snazi Zakon o mirovinskom osiguranju iz 2013. godine, koji uklju\u010duje mnoge izmjene i dopune. U obliku u kojem je va\u017eio na dan 21. o\u017eujka 2025., \u010dlanak 100. stavak 3. propisuje da se korisniku starosne mirovine mo\u017ee, nakon prestanka zaposlenja, odnosno obavljanja djelatnosti po osnovi koje je obvezno osiguran na mirovinsko osiguranje, odrediti nova mirovina, i to prema ukupno navr\u0161enom mirovinskom sta\u017eu i ostvarenim vrijednosnim bodovima prije i poslije ostvarivanja prava na starosnu mirovinu&#8221;, obrazla\u017eu pravnici SUH-a. <\/p>\n\n\n\n<p>S obzirom da ovoj umirovljenici tre\u0107i po redu ugovor o radu na odre\u0111eno vrijeme od godinu dana uskoro isti\u010de po\u010detkom 2026. godine, prema va\u017ee\u0107em Zakonu o radu ne\u0107e mo\u0107i sklopiti sljede\u0107i konsekutivni ugovor o radu. Prilika je to, ka\u017ee u SUHU, da podnese novi zahtjev za prera\u010dun mirovine nakon \u0161to je poslodavac odjavi s mirovinskog osiguranja.<\/p>\n\n\n\n<p>&#8220;Ako va\u0161 poslodavac bude i nadalje zainteresiran za suradnju, prema va\u017ee\u0107em Zakonu o radu morat \u0107ete napraviti pauzu od 6 mjeseci prije eventualnog sklapanja nove serije ugovora o radu na odre\u0111eno vrijeme od godinu dana&#8221;, poru\u010duju iz SUH-a.<\/p>\n<div id=\"mojev-3243352089\" class=\"mojev-kraj-teksta mojev-entity-placement\" style=\"margin-bottom: 20px;margin-left: auto;margin-right: auto;text-align: center;\"><div class=\"mojev-adlabel\">oglas<\/div><div style=\"height: 250px;\"><script async src=\"https:\/\/pagead2.googlesyndication.com\/pagead\/js\/adsbygoogle.js?client=ca-pub-8106111766207173\"\r\n     crossorigin=\"anonymous\"><\/script>\r\n<!-- Display-1 -->\r\n<ins class=\"adsbygoogle\"\r\n     style=\"display:block\"\r\n     data-ad-client=\"ca-pub-8106111766207173\"\r\n     data-ad-slot=\"1465712950\"\r\n     data-ad-format=\"auto\"\r\n     data-full-width-responsive=\"true\"><\/ins>\r\n<script>\r\n     (adsbygoogle = window.adsbygoogle || []).push({});\r\n<\/script><\/div><\/div>","protected":false},"excerpt":{"rendered":"<p>POdnijela je zahtjev za novi izra\u010dun mirovine, no dobila je odbijenicu. SUH savjetuje umirovljenici kako ostvariti pravo koje joj pripada.<\/p>\n","protected":false},"author":1,"featured_media":104537,"comment_status":"closed","ping_status":"closed","sticky":false,"template":"","format":"standard","meta":{"footnotes":""},"categories":[9],"tags":[3926,18,1000,167],"class_list":["post-147655","post","type-post","status-publish","format-standard","has-post-thumbnail","hentry","category-vijesti","tag-izracun-mirovine","tag-mirovine","tag-pravo","tag-sindikat-umirovljenika"],"_links":{"self":[{"href":"https:\/\/www.mojevrijeme.hr\/magazin\/wp-json\/wp\/v2\/posts\/147655","targetHints":{"allow":["GET"]}}],"collection":[{"href":"https:\/\/www.mojevrijeme.hr\/magazin\/wp-json\/wp\/v2\/posts"}],"about":[{"href":"https:\/\/www.mojevrijeme.hr\/magazin\/wp-json\/wp\/v2\/types\/post"}],"author":[{"embeddable":true,"href":"https:\/\/www.mojevrijeme.hr\/magazin\/wp-json\/wp\/v2\/users\/1"}],"replies":[{"embeddable":true,"href":"https:\/\/www.mojevrijeme.hr\/magazin\/wp-json\/wp\/v2\/comments?post=147655"}],"version-history":[{"count":3,"href":"https:\/\/www.mojevrijeme.hr\/magazin\/wp-json\/wp\/v2\/posts\/147655\/revisions"}],"predecessor-version":[{"id":147659,"href":"https:\/\/www.mojevrijeme.hr\/magazin\/wp-json\/wp\/v2\/posts\/147655\/revisions\/147659"}],"wp:featuredmedia":[{"embeddable":true,"href":"https:\/\/www.mojevrijeme.hr\/magazin\/wp-json\/wp\/v2\/media\/104537"}],"wp:attachment":[{"href":"https:\/\/www.mojevrijeme.hr\/magazin\/wp-json\/wp\/v2\/media?parent=147655"}],"wp:term":[{"taxonomy":"category","embeddable":true,"href":"https:\/\/www.mojevrijeme.hr\/magazin\/wp-json\/wp\/v2\/categories?post=147655"},{"taxonomy":"post_tag","embeddable":true,"href":"https:\/\/www.mojevrijeme.hr\/magazin\/wp-json\/wp\/v2\/tags?post=147655"}],"curies":[{"name":"wp","href":"https:\/\/api.w.org\/{rel}","templated":true}]}}