{"id":147677,"date":"2026-01-13T12:38:34","date_gmt":"2026-01-13T11:38:34","guid":{"rendered":"https:\/\/www.mojevrijeme.hr\/magazin\/?p=147677"},"modified":"2026-01-13T12:40:11","modified_gmt":"2026-01-13T11:40:11","slug":"ne-morate-stedjeti-za-mirovinu-stize-obilje-za-sve","status":"publish","type":"post","link":"https:\/\/www.mojevrijeme.hr\/magazin\/2026\/01\/ne-morate-stedjeti-za-mirovinu-stize-obilje-za-sve\/","title":{"rendered":"&#8216;Ne morate \u0161tedjeti za mirovinu, sti\u017ee obilje za sve&#8217;"},"content":{"rendered":"\n<p>Najbogatiji \u010dovjek svijeta i nekada\u0161nji bliski suradnik ameri\u010dkog predsjednika Donalda Trumpa, <strong>Elon Musk<\/strong>, misli da \u0107e u budu\u0107nosti \u0161tednja za mirovinu postati suvi\u0161na. Tvrdi da \u0107e ubrzani tehnolo\u0161ki napredak dovesti do obilja resursa i svojevrsnog univerzalnog visokog dohotka za sve.<\/p>\n\n\n\n<p>Govore\u0107i u podcastu <em>Moonshots with Peter Diamandis<\/em>, Musk je naveo da bi razvoj umjetne inteligencije, energetike i robotike mogao stvoriti svijet bez oskudice dobara i usluga. Prema njegovim rije\u010dima, takav bi sustav omogu\u0107io dostupniju zdravstveni skrb, dostupniju nego \u0161to je itko ima danas. I to ba\u0161 za sve ljude u roku od pet godina.<\/p>\n\n\n\n<p>&#8220;Ako je ijedna od ovih stvari koje govorimo istinita, \u0161tednja za mirovinu postat \u0107e neva\u017ena&#8221;, rekao je ovaj tehnolo\u0161ki mogul dodav\u0161i da ljudi ne bi trebali brinuti o odvajanju novca za mirovinu za 10 ili 20 godina jer, kako tvrdi, to ne\u0107e biti va\u017eno.<\/p><div id=\"mojev-4083070128\" class=\"mojev-u-tekstu mojev-entity-placement\" style=\"margin-left: auto;margin-right: auto;text-align: center;\"><div class=\"mojev-adlabel\">oglas<\/div><div style=\"height: 250px;\"><script async src=\"https:\/\/pagead2.googlesyndication.com\/pagead\/js\/adsbygoogle.js?client=ca-pub-8106111766207173\"\r\n     crossorigin=\"anonymous\"><\/script>\r\n<!-- Prikazni 1 u tekstu -->\r\n<ins class=\"adsbygoogle\"\r\n     style=\"display:block\"\r\n     data-ad-client=\"ca-pub-8106111766207173\"\r\n     data-ad-slot=\"8535551207\"\r\n     data-ad-format=\"auto\"\r\n     data-full-width-responsive=\"true\"><\/ins>\r\n<script>\r\n     (adsbygoogle = window.adsbygoogle || []).push({});\r\n<\/script><\/div><\/div><br style=\"clear: both; display: block; float: none;\"\/>\n\n\n\n<p>Istodobno je upozorio da bi prijelazno razdoblje prema takvom dru\u0161tvu moglo biti \u201eneravno\u201c, uz rizik od dru\u0161tvenih napetosti i gubitka osje\u0107aja svrhe. &#8220;Ako dobijete sve \u0161to \u017eelite, je li to doista budu\u0107nost koju \u017eelite?&#8221; upitao je.<\/p>\n\n\n\n<p>Muskove procjene su u o\u0161trom kontrastu s trenuta\u010dnim gospodarskim okolnostima u Sjedinjenim Dr\u017eavama, koje obilje\u017eavaju povi\u0161ena inflacija, visoke kamatne stope i spor rast pla\u0107a. Dok njegove kompanije prednja\u010de u razvoju novih tehnologija, vizija svijeta bez potrebe za mirovinskom \u0161tednjom predstavlja radikalan odmak od postoje\u0107eg ekonomskog modela.<\/p>\n\n\n\n<p>Ako bi se takav scenarij ostvario, mogao bi temeljito promijeniti poimanje rada, prihoda i mirovine. No, kako i sam Musk priznaje, put do takve budu\u0107nosti mogao bi biti obilje\u017een ozbiljnim dru\u0161tvenim i ekonomskim izazovima.<\/p>\n<div id=\"mojev-3956622498\" class=\"mojev-kraj-teksta mojev-entity-placement\" style=\"margin-bottom: 20px;margin-left: auto;margin-right: auto;text-align: center;\"><div class=\"mojev-adlabel\">oglas<\/div><div style=\"height: 250px;\"><script async src=\"https:\/\/pagead2.googlesyndication.com\/pagead\/js\/adsbygoogle.js?client=ca-pub-8106111766207173\"\r\n     crossorigin=\"anonymous\"><\/script>\r\n<!-- Display-1 -->\r\n<ins class=\"adsbygoogle\"\r\n     style=\"display:block\"\r\n     data-ad-client=\"ca-pub-8106111766207173\"\r\n     data-ad-slot=\"1465712950\"\r\n     data-ad-format=\"auto\"\r\n     data-full-width-responsive=\"true\"><\/ins>\r\n<script>\r\n     (adsbygoogle = window.adsbygoogle || []).push({});\r\n<\/script><\/div><\/div>","protected":false},"excerpt":{"rendered":"<p>Elon Musk tvrdi da bi ubrzani razvoj umjetne inteligencije, robotike i energetike mogao u\u010diniti \u0161tednju za mirovinu suvi\u0161nom, jer bi budu\u0107e dru\u0161tvo obilja omogu\u0107ilo univerzalni visoki dohodak i dostupnost usluga za sve. Ipak, upozorava da bi prijelaz prema takvom sustavu mogao biti dru\u0161tveno i ekonomski turbulentan.<\/p>\n","protected":false},"author":1,"featured_media":138091,"comment_status":"closed","ping_status":"closed","sticky":false,"template":"","format":"standard","meta":{"footnotes":""},"categories":[9],"tags":[4485,18,3901],"class_list":["post-147677","post","type-post","status-publish","format-standard","has-post-thumbnail","hentry","category-vijesti","tag-elon-musk","tag-mirovine","tag-mirovinska-stednja"],"_links":{"self":[{"href":"https:\/\/www.mojevrijeme.hr\/magazin\/wp-json\/wp\/v2\/posts\/147677","targetHints":{"allow":["GET"]}}],"collection":[{"href":"https:\/\/www.mojevrijeme.hr\/magazin\/wp-json\/wp\/v2\/posts"}],"about":[{"href":"https:\/\/www.mojevrijeme.hr\/magazin\/wp-json\/wp\/v2\/types\/post"}],"author":[{"embeddable":true,"href":"https:\/\/www.mojevrijeme.hr\/magazin\/wp-json\/wp\/v2\/users\/1"}],"replies":[{"embeddable":true,"href":"https:\/\/www.mojevrijeme.hr\/magazin\/wp-json\/wp\/v2\/comments?post=147677"}],"version-history":[{"count":5,"href":"https:\/\/www.mojevrijeme.hr\/magazin\/wp-json\/wp\/v2\/posts\/147677\/revisions"}],"predecessor-version":[{"id":147682,"href":"https:\/\/www.mojevrijeme.hr\/magazin\/wp-json\/wp\/v2\/posts\/147677\/revisions\/147682"}],"wp:featuredmedia":[{"embeddable":true,"href":"https:\/\/www.mojevrijeme.hr\/magazin\/wp-json\/wp\/v2\/media\/138091"}],"wp:attachment":[{"href":"https:\/\/www.mojevrijeme.hr\/magazin\/wp-json\/wp\/v2\/media?parent=147677"}],"wp:term":[{"taxonomy":"category","embeddable":true,"href":"https:\/\/www.mojevrijeme.hr\/magazin\/wp-json\/wp\/v2\/categories?post=147677"},{"taxonomy":"post_tag","embeddable":true,"href":"https:\/\/www.mojevrijeme.hr\/magazin\/wp-json\/wp\/v2\/tags?post=147677"}],"curies":[{"name":"wp","href":"https:\/\/api.w.org\/{rel}","templated":true}]}}