{"id":147785,"date":"2026-01-15T11:33:26","date_gmt":"2026-01-15T10:33:26","guid":{"rendered":"https:\/\/www.mojevrijeme.hr\/magazin\/?p=147785"},"modified":"2026-01-15T11:47:26","modified_gmt":"2026-01-15T10:47:26","slug":"marija-mirovine-trebaju-biti-jednake-svi-moramo-jesti","status":"publish","type":"post","link":"https:\/\/www.mojevrijeme.hr\/magazin\/2026\/01\/marija-mirovine-trebaju-biti-jednake-svi-moramo-jesti\/","title":{"rendered":"Marija: Mirovine trebaju biti jednake, svi moramo jesti"},"content":{"rendered":"\n<p>Sindikat umirovljenika Hrvatske predlo\u017eio je uvo\u0111enje razli\u010ditih stopa uskla\u0111ivanja mirovina prema visini primanja: mirovine iznad 800 eura dobivale bi isklju\u010divo redovno uskla\u0111ivanje, dok bi one ni\u017ee rasle za 110 ili 120 posto redovnog uskla\u0111ivanja.<\/p>\n\n\n\n<p>Ideja je, kako navode u Sindikatu, usmjerena na ubla\u017eavanje siroma\u0161tva me\u0111u umirovljenicima. Iako se mirovine po predlo\u017eenom modelu ne bi izjedna\u010dile, realna razlika me\u0111u njima bi se smanjivala, a po\u010detni omjer bi se izgubio. Reakcije na\u0161ih \u010ditatelja pokazuju su mnogi spremni podr\u017eati takvu ideju, no brojni su umirovljenici koji misle da svi trebaju imati jednak koeficijent uskla\u0111ivanja.<\/p>\n\n\n\n<h2 class=\"wp-block-heading\">Marija i Ru\u017eica: Podr\u017eavamo!<\/h2>\n\n\n\n<p><strong>Marija<\/strong>, koja navodi da je 15 godina radila na &#8220;mu\u0161kom i odgovornom&#8221; poslu, otvoreno podupire prijedlog SUH-a. Dapa\u010de, osobno se zauzima za radikalnije izmjene pa kroz subjektivno-emotivne slike predla\u017ee umirovljeni\u010dku uravnilovku. <\/p><div id=\"mojev-1814110237\" class=\"mojev-u-tekstu mojev-entity-placement\" style=\"margin-left: auto;margin-right: auto;text-align: center;\"><div class=\"mojev-adlabel\">oglas<\/div><div style=\"height: 250px;\"><script async src=\"https:\/\/pagead2.googlesyndication.com\/pagead\/js\/adsbygoogle.js?client=ca-pub-8106111766207173\"\r\n     crossorigin=\"anonymous\"><\/script>\r\n<!-- Prikazni 1 u tekstu -->\r\n<ins class=\"adsbygoogle\"\r\n     style=\"display:block\"\r\n     data-ad-client=\"ca-pub-8106111766207173\"\r\n     data-ad-slot=\"8535551207\"\r\n     data-ad-format=\"auto\"\r\n     data-full-width-responsive=\"true\"><\/ins>\r\n<script>\r\n     (adsbygoogle = window.adsbygoogle || []).push({});\r\n<\/script><\/div><\/div><br style=\"clear: both; display: block; float: none;\"\/>\n\n\n\n<p>&#8220;Sve ve\u0107i broj umirovljenika kopa po sme\u0107u. To je sramotno. I ja bih morala kopati po kontejnerima da mi dijete ne poma\u017ee&#8221;, ka\u017ee. Posebno nagla\u0161ava da rasprava o pravednosti \u010desto zanemaruje temeljne \u017eivotne potrebe: &#8220;Neki vidim ne \u017eele izjedna\u010denje mirovina, ali svi moramo jesti, bez obzira u kakvim ku\u0107ama ili stanovima \u017eivimo.&#8221;<\/p>\n\n\n\n<p>Marija uz to otvara i osjetljivo pitanje stjecanja nekretnina. &#8220;Mnogi su dobili stanove besplatno, ja sam svoj kupila. Netko \u017eivi u velikom stanu ili ku\u0107i koju je naslijedio, a netko otpla\u0107uje ili je jedva otplatio kredit&#8221;, isti\u010de zaklju\u010duju\u0107i da politi\u010dke promjene kroz desetlje\u0107a nisu promijenile polo\u017eaj radnika.<\/p>\n\n\n\n<p><strong>Ru\u017eica <\/strong>tako\u0111er podupire ja\u010de &#8220;uskla\u0111ivanje&#8221; ni\u017eih mirovina, Ni ona ne priznaje vezu izme\u0111u sta\u017ea, uplata u mirovinsko osiguranje i mirovina. &#8220;Mislim da bi manje mirovine trebale rasti, primjerice, za 3,6 posto, a ve\u0107e za tri posto&#8221;, navodi. Smatra da nisu svi imali jednake mogu\u0107nosti pa one koji su odradili 40 i vi\u0161e godina naziva privilegiranima. &#8220;Nisu svi imali privilegije raditi 40 godina. Obi\u010dno su to imali oni u dr\u017eavnim firmama.&#8221; Dodaje da ni obrazovanje nije jamstvo dostojne mirovine: &#8220;Ljudi zavr\u0161e fakultet i danas imaju 400 eura.&#8221;<\/p>\n\n\n\n<p>Umirovljenica <strong>Albina<\/strong> tek kratko poru\u010duje: &#8220;Gospoda s velikim penzijama se bune. Kao da oni imaju ve\u0107i \u017eeludac od nas malih sa manjim penzijama. Mislim da su sve mirovine iznad 600 eura zara\u0111ene na nepo\u0161ten na\u010din i kroz privilegije. Zna se koliku penziju imaju radnici.&#8221;<\/p>\n\n\n\n<h2 class=\"wp-block-heading\">Ana i Nada: Ne pristajemo!<\/h2>\n\n\n\n<p>S druge strane, dio umirovljenika prijedlog smatra nepravednim i opasnim presedanom. <strong>Ana<\/strong>, s visokom stru\u010dnom spremom, 43 godine, kako ka\u017ee, odgovorno odra\u0111enog sta\u017ea i mirovinom od 1.050 eura, tvrdi da se time izravno potkopava na\u010delo na kojem po\u010diva mirovinski sustav: &#8220;Prijedlog ide za tim da oni koji su najmanje radili i imaju najni\u017ee mirovine dobiju najve\u0107i postotak uskla\u0111enja&#8221;. Kao tipi\u010dne primjere navodi umirovljenike s kratkim sta\u017eem, poljoprivrednike, dio obrtnika i radnike kod privatnika kojima su se upla\u0107ivale minimalni doprinosi.<\/p>\n\n\n\n<p>&#8220;Obrtnici su \u010desto \u017eivjeli daleko boljim standardom, a radnici su dobivali razlike \u2018na ruke\u2019 i tada se nisu bunili&#8221;, navodi, uz napomenu da je dio ljudi bez posla ostao privatizacijom u poznijim godinama, dok su neki oti\u0161li u prijevremenu mirovinu s visokim otpremninama. &#8220;Te\u0161ko je razumjeti prijedlog koji kroz vrijeme \u017eeli pribli\u017eiti najni\u017ee mirovine onima koji su 35, 40 i vi\u0161e godina uredno upla\u0107ivali doprinose&#8221;, zaklju\u010duje i dodaje da za sve s niskim prihodima ve\u0107 postoji sustav socijalne skrbi.<\/p>\n\n\n\n<p>Umirovljenica <strong>Nada <\/strong>dodatno zao\u0161trava raspravu podsje\u0107aju\u0107i na praksu sive ekonomije i stambene sigurnosti: &#8220;Znam masu ljudi koji su cijeli radni vijek dobivali minimalac, a ostalo <em>ispod banka<\/em>, kako se ka\u017ee u Dalmaciji. Sada se tra\u017ei da svi imamo jednake mirovine, bez obzira na to tko je \u0161to i koliko upla\u0107ivao.&#8221;<\/p>\n\n\n\n<p>Izravno uspore\u0111uje i \u017eivotne okolnosti. &#8220;Za\u0161to bih ja, sa zavr\u0161enim fakultetom, dvjema specijalizacijama i subspecijalizacijom, imala istu mirovinu kao netko tko je primao pla\u0107u &#8216;na crno&#8217; i mo\u017eda pritom dobio stan ili ku\u0107u bez kredita?&#8221; pita. Nagla\u0161ava da je vi\u0161e od 39 godina uredno pla\u0107ala poreze i doprinose, radila bez petka i svetka, s de\u017eurstvima od 24 sata te poru\u010duje: &#8220;Ne mogu i ne pristajem na ideju da svi imamo jednake mirovine.&#8221;<\/p>\n\n\n\n<h2 class=\"wp-block-heading\">\u0160pika: Nepravedno<\/h2>\n\n\n\n<p>U raspravu na na\u0161oj stranici Facebooka uklju\u010dio se i predsjednik Bloka umirovljenici zajedno (BUZ). &#8220;Predlo\u017eenim na\u010dinom bi se dogodila samo jo\u0161 jedna nova nepravda kojih je i bez ovog ve\u0107 previ\u0161e u mirovinskom sustavu. Dijeliti ve\u0107u financijsku pomo\u0107 onima sa najni\u017eim mirovinama, a najmanju onima sa ve\u0107ima je u redu. Ali naru\u0161avanje po\u010detnih odnosa razli\u010ditih mirovina nije dobro niti pravedno&#8221;, napisao je <strong>Milivoj \u0160pika<\/strong>.<\/p>\n\n\n\n<p>Iz Sindikata navode da razli\u010dite stope uskla\u0111ivanja nisu novost i koristi ih nekoliko EU zemalja. \u201cItalija koja za mirovine izdvaja najve\u0107i udio BDP-a od svih EU zemalja, tako\u0111er ima socijalni element pri uskla\u0111ivanju te onima s ni\u017eim mirovinama omogu\u0107uje povoljnije stope uskla\u0111ivanja mirovina nego onima s vi\u0161im mirovinama\u201d, poru\u010duju iz SUH-a. Vi\u0161e pro\u010ditajte na <a href=\"https:\/\/www.mojevrijeme.hr\/magazin\/2026\/01\/sindikat-trazimo-da-se-manje-mirovine-uskladuju-po-vecoj-stopi\/\">ovoj poveznici<\/a>.<\/p>\n\n\n\n<div id=\"crveno\"><\/p>\n\n\n\n<h3 class=\"wp-block-heading\">Zanima nas va\u0161a pri\u010da<\/h3>\n\n\n\n<p>\u017delite li i vi, posve anonimno, podijeliti svoje iskustvo i vi\u0111enje ove teme s nama i na\u0161im \u010ditateljima, mo\u017eete to u\u010diniti putem web obrasca <a rel=\"noreferrer noopener\" href=\"https:\/\/www.mojevrijeme.hr\/magazin\/povjerljivo\/\" target=\"_blank\">Povjerljivo<\/a>. Napi\u0161ite svoju pri\u010du!<\/p>\n\n\n\n<p><\/div>\n\n\n\n<p><\/p>\n<div id=\"mojev-2759153003\" class=\"mojev-kraj-teksta mojev-entity-placement\" style=\"margin-bottom: 20px;margin-left: auto;margin-right: auto;text-align: center;\"><div class=\"mojev-adlabel\">oglas<\/div><div style=\"height: 250px;\"><script async src=\"https:\/\/pagead2.googlesyndication.com\/pagead\/js\/adsbygoogle.js?client=ca-pub-8106111766207173\"\r\n     crossorigin=\"anonymous\"><\/script>\r\n<!-- Display-1 -->\r\n<ins class=\"adsbygoogle\"\r\n     style=\"display:block\"\r\n     data-ad-client=\"ca-pub-8106111766207173\"\r\n     data-ad-slot=\"1465712950\"\r\n     data-ad-format=\"auto\"\r\n     data-full-width-responsive=\"true\"><\/ins>\r\n<script>\r\n     (adsbygoogle = window.adsbygoogle || []).push({});\r\n<\/script><\/div><\/div>","protected":false},"excerpt":{"rendered":"<p>Prijedlog SUH-a o razli\u010ditom uskla\u0111ivanju mirovina, ovisno o visini same mirovine, podijelio je umirovljenike. Jedni ga podupiru zbog siroma\u0161tva i nejednakih \u017eivotnih uvjeta, drugi upozoravaju da se time bri\u0161e veza izme\u0111u sta\u017ea, uplata i visine mirovine.<\/p>\n","protected":false},"author":1,"featured_media":141379,"comment_status":"closed","ping_status":"closed","sticky":false,"template":"","format":"standard","meta":{"footnotes":""},"categories":[9],"tags":[167,971],"class_list":["post-147785","post","type-post","status-publish","format-standard","has-post-thumbnail","hentry","category-vijesti","tag-sindikat-umirovljenika","tag-uskladivanje-mirovina"],"_links":{"self":[{"href":"https:\/\/www.mojevrijeme.hr\/magazin\/wp-json\/wp\/v2\/posts\/147785","targetHints":{"allow":["GET"]}}],"collection":[{"href":"https:\/\/www.mojevrijeme.hr\/magazin\/wp-json\/wp\/v2\/posts"}],"about":[{"href":"https:\/\/www.mojevrijeme.hr\/magazin\/wp-json\/wp\/v2\/types\/post"}],"author":[{"embeddable":true,"href":"https:\/\/www.mojevrijeme.hr\/magazin\/wp-json\/wp\/v2\/users\/1"}],"replies":[{"embeddable":true,"href":"https:\/\/www.mojevrijeme.hr\/magazin\/wp-json\/wp\/v2\/comments?post=147785"}],"version-history":[{"count":16,"href":"https:\/\/www.mojevrijeme.hr\/magazin\/wp-json\/wp\/v2\/posts\/147785\/revisions"}],"predecessor-version":[{"id":147803,"href":"https:\/\/www.mojevrijeme.hr\/magazin\/wp-json\/wp\/v2\/posts\/147785\/revisions\/147803"}],"wp:featuredmedia":[{"embeddable":true,"href":"https:\/\/www.mojevrijeme.hr\/magazin\/wp-json\/wp\/v2\/media\/141379"}],"wp:attachment":[{"href":"https:\/\/www.mojevrijeme.hr\/magazin\/wp-json\/wp\/v2\/media?parent=147785"}],"wp:term":[{"taxonomy":"category","embeddable":true,"href":"https:\/\/www.mojevrijeme.hr\/magazin\/wp-json\/wp\/v2\/categories?post=147785"},{"taxonomy":"post_tag","embeddable":true,"href":"https:\/\/www.mojevrijeme.hr\/magazin\/wp-json\/wp\/v2\/tags?post=147785"}],"curies":[{"name":"wp","href":"https:\/\/api.w.org\/{rel}","templated":true}]}}