{"id":147822,"date":"2026-01-17T11:40:30","date_gmt":"2026-01-17T10:40:30","guid":{"rendered":"https:\/\/www.mojevrijeme.hr\/magazin\/?p=147822"},"modified":"2026-01-17T11:40:31","modified_gmt":"2026-01-17T10:40:31","slug":"pucka-pravobraniteljica-rast-socijalnih-naknada-ne-prati-troskove-zivota","status":"publish","type":"post","link":"https:\/\/www.mojevrijeme.hr\/magazin\/2026\/01\/pucka-pravobraniteljica-rast-socijalnih-naknada-ne-prati-troskove-zivota\/","title":{"rendered":"Pu\u010dka pravobraniteljica: Rast socijalnih naknada ne prati tro\u0161kove \u017eivota"},"content":{"rendered":"\n<p>Pu\u010dka pravobraniteljica <strong>Tena \u0160imonovi\u0107 Einwalter<\/strong> upozorila je Ministarstvo rada, mirovinskog sustava, obitelji i socijalne politike da predlo\u017eeno pove\u0107anje osnovice za izra\u010dun naknada iz sustava socijalne skrbi ne prati rast cijena te ne omogu\u0107ava podmirenje osnovnih \u017eivotnih potreba.<\/p>\n\n\n\n<p>Na to je ukazala u okviru javnog savjetovanja o prijedlozima odluka o osnovicama za izra\u010dun zajam\u010dene minimalne naknade i drugih socijalnih naknada, otvorenog 9. sije\u010dnja 2026. godine. Prema prijedlogu, osnovica za zajam\u010denu minimalnu naknadu trebala bi porasti za 10 eura, sa 160 na 170 eura. Iako je svako pove\u0107anje dobrodo\u0161lo, pravobraniteljica nagla\u0161ava da naknade moraju osigurati dostojanstven \u017eivot, \u0161to trenuta\u010dno nije slu\u010daj.<\/p>\n\n\n\n<p>Nakon ovog pove\u0107anja, radno sposobnom samcu zajam\u010dena minimalna naknada porasla bi sa 160 na 170 eura, dok bi starijoj osobi koja \u017eivi sama i radno nesposobnom samcu porasla sa 206 na 221 euro, odnosno za 15 eura u godinu dana. Ti iznosi i dalje su znatno ispod praga rizika od siroma\u0161tva za jedno\u010dlano ku\u0107anstvo od 617 eura, podatka koji je objavio Dr\u017eavni zavod za statistiku.<\/p><div id=\"mojev-339083736\" class=\"mojev-u-tekstu mojev-entity-placement\" style=\"margin-left: auto;margin-right: auto;text-align: center;\"><div class=\"mojev-adlabel\">oglas<\/div><div style=\"height: 250px;\"><script async src=\"https:\/\/pagead2.googlesyndication.com\/pagead\/js\/adsbygoogle.js?client=ca-pub-8106111766207173\"\r\n     crossorigin=\"anonymous\"><\/script>\r\n<!-- Prikazni 1 u tekstu -->\r\n<ins class=\"adsbygoogle\"\r\n     style=\"display:block\"\r\n     data-ad-client=\"ca-pub-8106111766207173\"\r\n     data-ad-slot=\"8535551207\"\r\n     data-ad-format=\"auto\"\r\n     data-full-width-responsive=\"true\"><\/ins>\r\n<script>\r\n     (adsbygoogle = window.adsbygoogle || []).push({});\r\n<\/script><\/div><\/div><br style=\"clear: both; display: block; float: none;\"\/>\n\n\n\n<p>Dodatno, prema istra\u017eivanju portala za usporedbu cijena <strong><a href=\"http:\/\/koliko.hr\">Koliko.HR<\/a><\/strong>, provedenom u suradnji s Hrvatskom udrugom za za\u0161titu potro\u0161a\u010da, temeljna potro\u0161a\u010dka ko\u0161arica za samca u studenom je iznosila 250 eura, \u0161to daleko nadma\u0161uje predlo\u017eenu visinu zajam\u010dene minimalne naknade.<\/p>\n\n\n\n<p>Kod ku\u0107anstava, pove\u0107anje osnovice zna\u010dilo bi da \u0107e, primjerice, obitelji s dvoje odraslih i dvoje djece zajam\u010dena minimalna naknada porasti ukupno izme\u0111u 33 i 38 eura. Tako bi ukupni iznos iznosio izme\u0111u 561 i 646 eura, \u0161to je tako\u0111er daleko ispod praga rizika od siroma\u0161tva za \u010detvero\u010dlano ku\u0107anstvo od 1.296 eura. Istodobno, &#8220;ko\u0161arica za pre\u017eivljavanje&#8221; za \u010detvero\u010dlanu obitelj iznosi oko 486 eura, dok standardna ko\u0161arica dose\u017ee 721 euro.<\/p>\n\n\n\n<p>Pravobraniteljica upozorava i na druge naknade iz sustava socijalne skrbi, za koje je predvi\u0111en rast osnovice sa 75 na 80 eura, uz ocjenu da nije jasno na temelju kojih kriterija i procjena potreba je taj rast odre\u0111en.<\/p>\n\n\n\n<p>U kontekstu \u0161irih europskih analiza, <strong>Europska komisija<\/strong> u svojim je izvje\u0161\u0107ima istaknula da je utjecaj socijalnih transfera na smanjenje siroma\u0161tva u Hrvatskoj kriti\u010dan, odnosno znatno ispod prosjeka Europske unije, te naglasila potrebu pomnog pra\u0107enja njihovog u\u010dinka u uvjetima visokih tro\u0161kova \u017eivota.<\/p>\n\n\n\n<p>Posebne kritike upu\u0107ene su i na\u010dinu provedbe javnog savjetovanja, koje je trajalo samo tri dana, od 9. do 11. sije\u010dnja. Pravobraniteljica smatra da je to nedovoljno i neprimjereno za dokumente koji se donose jednom godi\u0161nje, uz poruku da procedure nisu zapo\u010dete na vrijeme te da nije bilo stvarne namjere uklju\u010diti gra\u0111ane, udruge i stru\u010dnjake u raspravu.<\/p>\n<div id=\"mojev-1947648707\" class=\"mojev-kraj-teksta mojev-entity-placement\" style=\"margin-bottom: 20px;margin-left: auto;margin-right: auto;text-align: center;\"><div class=\"mojev-adlabel\">oglas<\/div><div style=\"height: 250px;\"><script async src=\"https:\/\/pagead2.googlesyndication.com\/pagead\/js\/adsbygoogle.js?client=ca-pub-8106111766207173\"\r\n     crossorigin=\"anonymous\"><\/script>\r\n<!-- Display-1 -->\r\n<ins class=\"adsbygoogle\"\r\n     style=\"display:block\"\r\n     data-ad-client=\"ca-pub-8106111766207173\"\r\n     data-ad-slot=\"1465712950\"\r\n     data-ad-format=\"auto\"\r\n     data-full-width-responsive=\"true\"><\/ins>\r\n<script>\r\n     (adsbygoogle = window.adsbygoogle || []).push({});\r\n<\/script><\/div><\/div>","protected":false},"excerpt":{"rendered":"<p>I nakon rasta, zajam\u010dena minimalna naknada ostaje daleko ispod praga rizika od siroma\u0161tva, kao i ispod stvarnih tro\u0161kova \u017eivota, \u0161to potvr\u0111uju i podaci o cijenama potro\u0161a\u010dkih ko\u0161arica portala Koliko.HR. Uz kritiku preniskih iznosa, pravobraniteljica je upozorila i na neprihvatljivo kratko javno savjetovanje koje se obavlja tek kao formalnost.<\/p>\n","protected":false},"author":1,"featured_media":136419,"comment_status":"closed","ping_status":"closed","sticky":false,"template":"","format":"standard","meta":{"footnotes":""},"categories":[9],"tags":[4704,237,2646,4309],"class_list":["post-147822","post","type-post","status-publish","format-standard","has-post-thumbnail","hentry","category-vijesti","tag-kolikohr","tag-siromastvo","tag-tena-einwalter","tag-zajamcena-minimalna-naknada"],"_links":{"self":[{"href":"https:\/\/www.mojevrijeme.hr\/magazin\/wp-json\/wp\/v2\/posts\/147822","targetHints":{"allow":["GET"]}}],"collection":[{"href":"https:\/\/www.mojevrijeme.hr\/magazin\/wp-json\/wp\/v2\/posts"}],"about":[{"href":"https:\/\/www.mojevrijeme.hr\/magazin\/wp-json\/wp\/v2\/types\/post"}],"author":[{"embeddable":true,"href":"https:\/\/www.mojevrijeme.hr\/magazin\/wp-json\/wp\/v2\/users\/1"}],"replies":[{"embeddable":true,"href":"https:\/\/www.mojevrijeme.hr\/magazin\/wp-json\/wp\/v2\/comments?post=147822"}],"version-history":[{"count":2,"href":"https:\/\/www.mojevrijeme.hr\/magazin\/wp-json\/wp\/v2\/posts\/147822\/revisions"}],"predecessor-version":[{"id":147824,"href":"https:\/\/www.mojevrijeme.hr\/magazin\/wp-json\/wp\/v2\/posts\/147822\/revisions\/147824"}],"wp:featuredmedia":[{"embeddable":true,"href":"https:\/\/www.mojevrijeme.hr\/magazin\/wp-json\/wp\/v2\/media\/136419"}],"wp:attachment":[{"href":"https:\/\/www.mojevrijeme.hr\/magazin\/wp-json\/wp\/v2\/media?parent=147822"}],"wp:term":[{"taxonomy":"category","embeddable":true,"href":"https:\/\/www.mojevrijeme.hr\/magazin\/wp-json\/wp\/v2\/categories?post=147822"},{"taxonomy":"post_tag","embeddable":true,"href":"https:\/\/www.mojevrijeme.hr\/magazin\/wp-json\/wp\/v2\/tags?post=147822"}],"curies":[{"name":"wp","href":"https:\/\/api.w.org\/{rel}","templated":true}]}}