{"id":147825,"date":"2026-01-17T14:29:27","date_gmt":"2026-01-17T13:29:27","guid":{"rendered":"https:\/\/www.mojevrijeme.hr\/magazin\/?p=147825"},"modified":"2026-01-17T16:19:32","modified_gmt":"2026-01-17T15:19:32","slug":"radmila-imam-48-godina-staza-uzivam-u-poslu-i-zivotu","status":"publish","type":"post","link":"https:\/\/www.mojevrijeme.hr\/magazin\/2026\/01\/radmila-imam-48-godina-staza-uzivam-u-poslu-i-zivotu\/","title":{"rendered":"Radmila: Imam 48 godina sta\u017ea, u\u017eivam u poslu i \u017eivotu"},"content":{"rendered":"\n<p>Kad u svibnju navr\u0161i 70 godina, zagreba\u010dka umirovljenica <strong>Radmila Nuja<\/strong> \u0107e, uz dodatni sta\u017e koji je prikupila u 13 godina otkad radi uz mirovinu, ste\u0107i uvjete za novi izra\u010dun. Bude li povoljan, razmislit \u0107e o povla\u010denju iz privatnog posla.<\/p>\n\n\n\n<p>Zasad i dalje intenzivno radi, iako prima prosje\u010dnu hrvatsku mirovinu. Razlog je, kako ka\u017ee, \u0161to voli \u017eivjeti punim plu\u0107ima \u2013 provoditi ljeta u ku\u0107i na Korani, i\u0107i na izlete s prijateljicama te odlaziti u toplice preko umirovljeni\u010dke udruge. Sve to, isti\u010de, ima svoju cijenu. \u201dS mirovinom od 720 eura mogla bih pre\u017eivjeti, ali ne bih mogla odr\u017eavati vikendicu ni automobil, niti putovati. Za samca u mirovini, kakvih je u Hrvatskoj mnogo, sve je to luksuz. Zato radim i ne kukam\u201c, ka\u017ee.<\/p>\n\n\n\n<h3 class=\"wp-block-heading\">Prva mirovina svega 2913 kuna<\/h3>\n\n\n\n<p>Na nastavak rada u svom knjigovodstvenom servisu odlu\u010dila se \u010dim je te 2013. godine vidjela prvi izra\u010dun mirovine koji je glasio na 2.913 kuna. \u201cBilo mi je jasno da s takvom penzijom ne\u0107u mo\u0107i normalno \u017eivjeti, ili barem ne u\u017eivati. Najprije sam radila kao prokuristica, a kad se kasnije otvorila mogu\u0107nost rada na pola radnog vremena uz mirovinu, odlu\u010dila sam se za to. Cijelo to vrijeme i\u0161ao mi je sta\u017e koji bi se trebao uva\u017eiti kod reizra\u010duna. No moram re\u0107i da nisam previ\u0161e optimisti\u010dna jer sam \u010dula za negativna iskustva\u201c, napominje.<\/p><div id=\"mojev-1240082055\" class=\"mojev-u-tekstu mojev-entity-placement\" style=\"margin-left: auto;margin-right: auto;text-align: center;\"><div class=\"mojev-adlabel\">oglas<\/div><div style=\"height: 250px;\"><script async src=\"https:\/\/pagead2.googlesyndication.com\/pagead\/js\/adsbygoogle.js?client=ca-pub-8106111766207173\"\r\n     crossorigin=\"anonymous\"><\/script>\r\n<!-- Prikazni 1 u tekstu -->\r\n<ins class=\"adsbygoogle\"\r\n     style=\"display:block\"\r\n     data-ad-client=\"ca-pub-8106111766207173\"\r\n     data-ad-slot=\"8535551207\"\r\n     data-ad-format=\"auto\"\r\n     data-full-width-responsive=\"true\"><\/ins>\r\n<script>\r\n     (adsbygoogle = window.adsbygoogle || []).push({});\r\n<\/script><\/div><\/div><br style=\"clear: both; display: block; float: none;\"\/>\n\n\n\n<h3 class=\"wp-block-heading\">Samohrana majka <\/h3>\n\n\n\n<p>Pri\u010da nam i da je kao samohrana majka vlastitim naporima podigla dvoje djece. \u201dBiv\u0161i suprug, danas pokojni, nikad nije bio odgovoran \u0161to se ti\u010de posla \u2013 malo je radio, malo nije. To nas je i razdvojilo dok su djeca bila mala. Jedina financijska pomo\u0107 od njega bila je kad sam godinu dana bila bez posla i tada mi je davao po 100 maraka mjese\u010dno koje su mi pokrivale re\u017eije. Djeca i ja smo u tom razdoblju \u017eivjeli od skromne socijalne pomo\u0107i, u ogromnom egzistencijalnom strahu. Kad sam se ponovno zaposlila, nikad vi\u0161e nisam dopustila da mi se tako ne\u0161to ponovi\u201c, prisje\u0107a se.<\/p>\n\n\n\n<h3 class=\"wp-block-heading\">Od financijske savjetnice do vlasnice firme<\/h3>\n\n\n\n<p>Zaposlila se potom u tvrtki \u010diji je vlasnik bio financijski savjetnik zaposlen u RIF-u (Ra\u010dunovodstvo i financije), u kojoj je ubrzo stekla veliko iskustvo. To ju je ohrabrilo da ve\u0107 idu\u0107e godine pokrene vlastiti knjigovodstveni servis \u201dSalomon\u201d, koji posluje ve\u0107 32 godine. \u201dDeset godina radila sam dva posla istovremeno i to je bilo vrlo plodno razdoblje moje karijere. Kasnije sam vodila samo vlastiti posao, i to od ku\u0107e, \u0161to ima svojih prednosti i mana. \u010covjeku s vremenom dojadi biti doma po cijele dane, ali nastojim biti stalno aktivna, da se ne otu\u0111im os svijeta\u201c, ka\u017ee.<\/p>\n\n\n\n<h3 class=\"wp-block-heading\">Privatni posao zna\u010dio je odricanja<\/h3>\n\n\n\n<p>Vo\u0111enje vlastitog posla, isti\u010de, zna\u010dilo je mnoga odricanja. \u201dI kad idem u vikendicu na Korani, posao uvijek nosim sa sobom. Tek sam si prije dvije godine priu\u0161tila dvotjedni odmor u hotelu u Ba\u0161kom Polju gdje uz puni pansion nisam morala ni\u0161ta raditi. Nisam znala \u0161to bih sa sobom i opustila sam se samo zahvaljuju\u0107i mojoj otka\u010denoj 85-godi\u0161njoj prijateljici <strong>Ru\u017eici<\/strong>, koja me nagovorila \u010dak i na nudizam\u201c, govori kroz smijeh.<\/p>\n\n\n\n<p>Otkriva nam veselo i da je ponosna baka petero unu\u010dadi. Troje joj je podario sin <strong>Denis<\/strong>, koji \u017eivi i radi u Londonu, a dvoje k\u0107i <strong>Maja<\/strong>, koja \u017eivi u Zagrebu. \u201dS k\u0107erinom obitelji vi\u0111am se \u010de\u0161\u0107e jer su mi bli\u017ee pa \u010desto dolaze, a kod njih sam provela i Bo\u017ei\u0107. Nakon slavlja sam se pak malo povukla na vikendicu kako bih udahnula svje\u017eeg zraka, bilo je ljekovito za du\u0161u i tijelo. No nakon tjedan dana mi je dojadilo lo\u017eiti drva pa sam se vratila\u201c, ka\u017ee.<\/p>\n\n\n\n<h3 class=\"wp-block-heading\">Te\u017eak rastanak od ljubimca<\/h3>\n\n\n\n<p>Potom joj se lice ozbiljilo, ka\u017ee da joj je studeni donio tu\u017enu prekretnicu jer je nakon 17 godina morala uspavati svog ljubimca, bi\u0161ona Feliksa. \u201dTuga za njim se ni\u010dim ne mo\u017ee opisati. Bio je moj spas od samo\u0107e, motivator, moja ljubav. Uz njega sam postala dio genijalne kvartovske pse\u0107e ekipe s kojom se i dalje dru\u017eim. Bojim se nabaviti novog psi\u0107a jer sam u godinama i \u0161to ako jednog dana ne budem mogla brinuti o njemu? To bi mi jo\u0161 jednom slomilo srce\u201c, iskreno priznaje.<\/p>\n\n\n\n<h3 class=\"wp-block-heading\">Preure\u0111enje \u017eivotnog prostora kao najdra\u017ei hobi<\/h3>\n\n\n\n<p>Osim \u0161etnji kvartom, planinarenja i odlazaka u toplice s udrugom umirovljenika, Radmila ima jo\u0161 jednu strast \u2013 ure\u0111enje interijera. \u201dNajvi\u0161e volim fotelje, imam ih svih oblika i boja. Puno toga naru\u010dujem online, obilazim du\u0107ane s namje\u0161tajem, a posebno volim odlazak u Ikeu s prijateljicom i susjedom Beti. Nikad nam ne dosadi razgledavanje i ru\u010dak, znale smo i\u0107i gotovo jednom tjedno. To su ti na\u0161i mali gu\u0161ti\u201c, rekla je ova vedra umirovljenica i poduzetnica.<\/p>\n<div id=\"mojev-110463428\" class=\"mojev-kraj-teksta mojev-entity-placement\" style=\"margin-bottom: 20px;margin-left: auto;margin-right: auto;text-align: center;\"><div class=\"mojev-adlabel\">oglas<\/div><div style=\"height: 250px;\"><script async src=\"https:\/\/pagead2.googlesyndication.com\/pagead\/js\/adsbygoogle.js?client=ca-pub-8106111766207173\"\r\n     crossorigin=\"anonymous\"><\/script>\r\n<!-- Display-1 -->\r\n<ins class=\"adsbygoogle\"\r\n     style=\"display:block\"\r\n     data-ad-client=\"ca-pub-8106111766207173\"\r\n     data-ad-slot=\"1465712950\"\r\n     data-ad-format=\"auto\"\r\n     data-full-width-responsive=\"true\"><\/ins>\r\n<script>\r\n     (adsbygoogle = window.adsbygoogle || []).push({});\r\n<\/script><\/div><\/div>","protected":false},"excerpt":{"rendered":"<p>Radmila Nuja ove godine slavi 70. ro\u0111endan, a iza sebe ima impresivnih 48 godina radnog sta\u017ea. Prima mirovinu, ali jo\u0161 uvijek uspje\u0161no radi kao prokuristica u knjigovodstvenom servisu koji je pokrenula prije tri desetlje\u0107a.<\/p>\n","protected":false},"author":15,"featured_media":147839,"comment_status":"closed","ping_status":"closed","sticky":false,"template":"","format":"standard","meta":{"footnotes":""},"categories":[2],"tags":[957,1342],"class_list":["post-147825","post","type-post","status-publish","format-standard","has-post-thumbnail","hentry","category-mozaik","tag-mirovina","tag-rad-uz-mirovinu"],"_links":{"self":[{"href":"https:\/\/www.mojevrijeme.hr\/magazin\/wp-json\/wp\/v2\/posts\/147825","targetHints":{"allow":["GET"]}}],"collection":[{"href":"https:\/\/www.mojevrijeme.hr\/magazin\/wp-json\/wp\/v2\/posts"}],"about":[{"href":"https:\/\/www.mojevrijeme.hr\/magazin\/wp-json\/wp\/v2\/types\/post"}],"author":[{"embeddable":true,"href":"https:\/\/www.mojevrijeme.hr\/magazin\/wp-json\/wp\/v2\/users\/15"}],"replies":[{"embeddable":true,"href":"https:\/\/www.mojevrijeme.hr\/magazin\/wp-json\/wp\/v2\/comments?post=147825"}],"version-history":[{"count":14,"href":"https:\/\/www.mojevrijeme.hr\/magazin\/wp-json\/wp\/v2\/posts\/147825\/revisions"}],"predecessor-version":[{"id":147847,"href":"https:\/\/www.mojevrijeme.hr\/magazin\/wp-json\/wp\/v2\/posts\/147825\/revisions\/147847"}],"wp:featuredmedia":[{"embeddable":true,"href":"https:\/\/www.mojevrijeme.hr\/magazin\/wp-json\/wp\/v2\/media\/147839"}],"wp:attachment":[{"href":"https:\/\/www.mojevrijeme.hr\/magazin\/wp-json\/wp\/v2\/media?parent=147825"}],"wp:term":[{"taxonomy":"category","embeddable":true,"href":"https:\/\/www.mojevrijeme.hr\/magazin\/wp-json\/wp\/v2\/categories?post=147825"},{"taxonomy":"post_tag","embeddable":true,"href":"https:\/\/www.mojevrijeme.hr\/magazin\/wp-json\/wp\/v2\/tags?post=147825"}],"curies":[{"name":"wp","href":"https:\/\/api.w.org\/{rel}","templated":true}]}}