{"id":147859,"date":"2026-01-18T09:28:39","date_gmt":"2026-01-18T08:28:39","guid":{"rendered":"https:\/\/www.mojevrijeme.hr\/magazin\/?p=147859"},"modified":"2026-01-18T09:28:40","modified_gmt":"2026-01-18T08:28:40","slug":"spika-o-inkluzivnom-dodatku-lazni-invalidi-imaju-zlatnu-ulaznicu","status":"publish","type":"post","link":"https:\/\/www.mojevrijeme.hr\/magazin\/2026\/01\/spika-o-inkluzivnom-dodatku-lazni-invalidi-imaju-zlatnu-ulaznicu\/","title":{"rendered":"\u0160pika o inkluzivnom dodatku: La\u017eni invalidi imaju zlatnu ulaznicu"},"content":{"rendered":"\n<p><strong>Milivoj \u0160pika<\/strong>, predsjednik Bloka umirovljenici zajedno (BUZ), optu\u017eio je Vladu RH da je inkluzivni dodatak pretvoren u &#8220;novu nagradu za stare prevare&#8221;, upozoravaju\u0107i da pravo na taj dodatak ostvaruju i osobe koje su invalidske mirovine stekle na temelju la\u017eirane ili kupljene dokumentacije.<\/p>\n\n\n\n<p>&#8220;Pitate li se imaju li pravo na inkluzivni dodatak i oni koji su \u2018ju\u010der\u2019 ili prije vi\u0161e godina \u2018kupili\u2019 invalidsku mirovinu kod raznih \u2018dr. Rubala\u2019? Odgovor je &#8211; da. Upravo je to jedan od klju\u010dnih previda na koji Plenkovi\u0107 i Pileti\u0107 ili nisu ra\u010dunali ili su svjesno zatvarali o\u010di dok su u predizborno vrijeme obe\u0107avali inkluzivni dodatak kao \u010din socijalne pravednosti\u201c, poru\u010dio je \u0160pika, izravno prozivaju\u0107i premijera i resornog ministra.<\/p>\n\n\n\n<p>\u0160pika tvrdi da je ironija sustava &#8220;brutalna&#8221; jer su mnogi la\u017eni invalidi danas administrativno u boljem polo\u017eaju od stvarnih.<\/p><div id=\"mojev-3231445661\" class=\"mojev-u-tekstu mojev-entity-placement\" style=\"margin-left: auto;margin-right: auto;text-align: center;\"><div class=\"mojev-adlabel\">oglas<\/div><div style=\"height: 250px;\"><script async src=\"https:\/\/pagead2.googlesyndication.com\/pagead\/js\/adsbygoogle.js?client=ca-pub-8106111766207173\"\r\n     crossorigin=\"anonymous\"><\/script>\r\n<!-- Prikazni 1 u tekstu -->\r\n<ins class=\"adsbygoogle\"\r\n     style=\"display:block\"\r\n     data-ad-client=\"ca-pub-8106111766207173\"\r\n     data-ad-slot=\"8535551207\"\r\n     data-ad-format=\"auto\"\r\n     data-full-width-responsive=\"true\"><\/ins>\r\n<script>\r\n     (adsbygoogle = window.adsbygoogle || []).push({});\r\n<\/script><\/div><\/div><br style=\"clear: both; display: block; float: none;\"\/>\n\n\n\n<p>&#8220;Mnogi koji su svoj \u2018invaliditet\u2019 stekli preko veze, mita ili korumpiranih lije\u010dni\u010dkih nalaza danas imaju potpuniju, zapravo besprijekornu dokumentaciju od ljudi sa stvarnim, te\u0161kim invaliditetom. Njihovi papiri su savr\u0161eni jer su tako i dizajnirani: da pro\u0111u sustav bez pitanja. Upravo ti papiri danas postaju zlatna ulaznica za inkluzivni dodatak&#8221;, navodi.<\/p>\n\n\n\n<p>Posebno upozorava da se u postupku ne procjenjuje stvarno stanje osobe, nego isklju\u010divo dokumentacija, \u0161to daje jasnu prednost onima koji su sustav ve\u0107 jednom prevarili. &#8220;Ne vje\u0161ta\u010di se osoba, nego papir. A papir je, zahvaljuju\u0107i ranijoj korupciji, savr\u0161en. Zato se njihovi predmeti rje\u0161avaju brzo i bez zapinjanja, dok stvarni invalidi zapinju na jednom zarezu, jednoj potvrdi i \u010dekaju mjesecima, pa i vi\u0161e od godine dana&#8221;, isti\u010de.<\/p>\n\n\n\n<p>Financijske posljedice naziva politi\u010dkim i fiskalnim proma\u0161ajem velikih razmjera. &#8220;Planiranih 580 milijuna eura pokazalo se smije\u0161no nedostatnim. Ve\u0107 se govori o iznosima ve\u0107im od milijardu eura, a kraj se ne nazire. Dr\u017eava tako desetlje\u0107ima pla\u0107a mirovine na temelju krivotvorenih nalaza, a sada tim istim ljudima otvara vrata maksimalnih iznosa inkluzivnog dodatka&#8221;, poru\u010duje.<\/p>\n\n\n\n<p>Zaklju\u010dno, \u0160pika dodaje da ne vjeruje u ozbiljan obra\u010dun s la\u017enim invalidima jer bi to zna\u010dilo i politi\u010dku odgovornost onih koji su sustav godinama tolerirali.<\/p>\n\n\n\n<p>&#8220;Obra\u010dun s la\u017enim invalidima zna\u010dio bi obra\u010dun vlasti sa samom sobom, a to se u Hrvatskoj ne doga\u0111a. Inkluzivni dodatak mora biti pravo onih kojima je stvarno potreban, a ne nova nagrada za stare prevare. Pravda za osobe s invaliditetom po\u010dinje \u010di\u0161\u0107enjem sustava, a ne njegovim dodatnim financijskim pumpanjem bez odgovornosti&#8221;, poru\u010dio je.<\/p>\n<div id=\"mojev-1826467264\" class=\"mojev-kraj-teksta mojev-entity-placement\" style=\"margin-bottom: 20px;margin-left: auto;margin-right: auto;text-align: center;\"><div class=\"mojev-adlabel\">oglas<\/div><div style=\"height: 250px;\"><script async src=\"https:\/\/pagead2.googlesyndication.com\/pagead\/js\/adsbygoogle.js?client=ca-pub-8106111766207173\"\r\n     crossorigin=\"anonymous\"><\/script>\r\n<!-- Display-1 -->\r\n<ins class=\"adsbygoogle\"\r\n     style=\"display:block\"\r\n     data-ad-client=\"ca-pub-8106111766207173\"\r\n     data-ad-slot=\"1465712950\"\r\n     data-ad-format=\"auto\"\r\n     data-full-width-responsive=\"true\"><\/ins>\r\n<script>\r\n     (adsbygoogle = window.adsbygoogle || []).push({});\r\n<\/script><\/div><\/div>","protected":false},"excerpt":{"rendered":"<p>Ne samo da dr\u017eava desetlje\u0107ima ispla\u0107uje mirovine temeljem la\u017eiranih ili krivotvorenih lije\u010dni\u010dkih nalaza, nego sada otvara vrata i maksimalnim iznosima inkluzivnog dodatka upravo onima koji su sustav ve\u0107 jednom prevarili, tvrdi predsjednik Bloka umirovljenici zajedno.<\/p>\n","protected":false},"author":1,"featured_media":117409,"comment_status":"closed","ping_status":"closed","sticky":false,"template":"","format":"standard","meta":{"footnotes":""},"categories":[9],"tags":[4299,854],"class_list":["post-147859","post","type-post","status-publish","format-standard","has-post-thumbnail","hentry","category-vijesti","tag-inkluzivni-dodatak","tag-milivoj-spika"],"_links":{"self":[{"href":"https:\/\/www.mojevrijeme.hr\/magazin\/wp-json\/wp\/v2\/posts\/147859","targetHints":{"allow":["GET"]}}],"collection":[{"href":"https:\/\/www.mojevrijeme.hr\/magazin\/wp-json\/wp\/v2\/posts"}],"about":[{"href":"https:\/\/www.mojevrijeme.hr\/magazin\/wp-json\/wp\/v2\/types\/post"}],"author":[{"embeddable":true,"href":"https:\/\/www.mojevrijeme.hr\/magazin\/wp-json\/wp\/v2\/users\/1"}],"replies":[{"embeddable":true,"href":"https:\/\/www.mojevrijeme.hr\/magazin\/wp-json\/wp\/v2\/comments?post=147859"}],"version-history":[{"count":1,"href":"https:\/\/www.mojevrijeme.hr\/magazin\/wp-json\/wp\/v2\/posts\/147859\/revisions"}],"predecessor-version":[{"id":147860,"href":"https:\/\/www.mojevrijeme.hr\/magazin\/wp-json\/wp\/v2\/posts\/147859\/revisions\/147860"}],"wp:featuredmedia":[{"embeddable":true,"href":"https:\/\/www.mojevrijeme.hr\/magazin\/wp-json\/wp\/v2\/media\/117409"}],"wp:attachment":[{"href":"https:\/\/www.mojevrijeme.hr\/magazin\/wp-json\/wp\/v2\/media?parent=147859"}],"wp:term":[{"taxonomy":"category","embeddable":true,"href":"https:\/\/www.mojevrijeme.hr\/magazin\/wp-json\/wp\/v2\/categories?post=147859"},{"taxonomy":"post_tag","embeddable":true,"href":"https:\/\/www.mojevrijeme.hr\/magazin\/wp-json\/wp\/v2\/tags?post=147859"}],"curies":[{"name":"wp","href":"https:\/\/api.w.org\/{rel}","templated":true}]}}