{"id":147930,"date":"2026-01-20T06:45:23","date_gmt":"2026-01-20T05:45:23","guid":{"rendered":"https:\/\/www.mojevrijeme.hr\/magazin\/?p=147930"},"modified":"2026-01-20T06:46:02","modified_gmt":"2026-01-20T05:46:02","slug":"brzi-test-iz-kapljice-krvi-pokazuje-rizik-od-alzheimera","status":"publish","type":"post","link":"https:\/\/www.mojevrijeme.hr\/magazin\/2026\/01\/brzi-test-iz-kapljice-krvi-pokazuje-rizik-od-alzheimera\/","title":{"rendered":"Brzi test iz kapljice krvi pokazuje rizik od Alzheimera"},"content":{"rendered":"\n<p>Me\u0111unarodno istra\u017eivanje ispituje mo\u017ee li se Alzheimerova bolest u budu\u0107nosti prepoznati jednostavnim testom iz kapljice krvi uzete iz prsta. U projektu sudjeluje tisu\u0107u dobrovoljaca starijih od 60 godina iz Ujedinjenog Kraljevstva, Sjedinjenih Ameri\u010dkih Dr\u017eava i Kanade, a cilj je otkriti biomarkere u krvi povezane s razvojem bolesti.<\/p>\n\n\n\n<p>Istra\u017eivanje <em>Bio-Hermes-002<\/em> vode medicinska istra\u017eiva\u010dka zaklada <em>LifeArc <\/em>i <em>Global Alzheimer&#8217;s Platform Foundation<\/em>, uz potporu <em>UK Dementia Research Institute<\/em>. Znanstvenici analiziraju prisutnost i koncentraciju triju proteina u krvi za koje se smatra da su povezani s Alzheimerovom bole\u0161\u0107u.<\/p>\n\n\n\n<p>Direktorica strate\u0161kog planiranja u <em>LifeArcu<\/em>, dr. <strong>Giovanna Lalli<\/strong>, pojasnila je da je pra\u0107enjem razina biomarkera mogu\u0107e procijeniti postoji li pove\u0107an rizik od razvoja bolesti. Dosada\u0161nja istra\u017eivanja pokazala su da se patolo\u0161ki proteini <strong>amiloid <\/strong>i tau <strong>mogu<\/strong> nakupljati u mozgu i vi\u0161e od 15 godina prije nego \u0161to se pojave prvi simptomi Alzheimerove bolesti, naj\u010de\u0161\u0107eg oblika demencije.<\/p><div id=\"mojev-3532696208\" class=\"mojev-u-tekstu mojev-entity-placement\" style=\"margin-left: auto;margin-right: auto;text-align: center;\"><div class=\"mojev-adlabel\">oglas<\/div><div style=\"height: 250px;\"><script async src=\"https:\/\/pagead2.googlesyndication.com\/pagead\/js\/adsbygoogle.js?client=ca-pub-8106111766207173\"\r\n     crossorigin=\"anonymous\"><\/script>\r\n<!-- Prikazni 1 u tekstu -->\r\n<ins class=\"adsbygoogle\"\r\n     style=\"display:block\"\r\n     data-ad-client=\"ca-pub-8106111766207173\"\r\n     data-ad-slot=\"8535551207\"\r\n     data-ad-format=\"auto\"\r\n     data-full-width-responsive=\"true\"><\/ins>\r\n<script>\r\n     (adsbygoogle = window.adsbygoogle || []).push({});\r\n<\/script><\/div><\/div><br style=\"clear: both; display: block; float: none;\"\/>\n\n\n\n<p>Svi sudionici istra\u017eivanja prolaze i trenuta\u010dne zlatne standarde dijagnostike, koji uklju\u010duju specijalizirano PET snimanje mozga s radioaktivnim kontrastom ili lumbalnu punkciju kojom se uzima uzorak cerebrospinalne teku\u0107ine. Takvi postupci su skupi, dugotrajni i invazivni, a danas se nude tek malom dijelu oboljelih, javlja BBC.<\/p>\n\n\n\n<p>Jedan od sudionika, londonski lije\u010dnik obiteljske medicine <strong>Michael Sandberg<\/strong>, u istra\u017eivanje se uklju\u010dio nakon \u0161to je svjedo\u010dio postupnom propadanju svoje majke oboljele od Alzheimerove bolesti. Njegovi rezultati, i na snimanju mozga i na testu iz kapljice krvi, bili su negativni. Ka\u017ee da mu je to donijelo veliko olak\u0161anje nakon iskustva koje je imao u obitelji.<\/p>\n\n\n\n<p>Stru\u010dnjaci isti\u010du da bi jednostavan test iz prsta mogao zna\u010dajno promijeniti na\u010din na koji se bolest otkriva. Profesorica <strong>Fiona Carragher<\/strong> iz Alzheimerove udruge upozorila je da, s obzirom na ograni\u010denu dostupnost dijagnosti\u010dkih testova, postavljanje to\u010dne dijagnoze danas \u010desto traje predugo. S novim terapijama koje su u razvoju, nagla\u0161ava, rana i precizna dijagnoza postaje klju\u010dna.<\/p>\n\n\n\n<p>U istra\u017eivanju sudjeluju i osobe s normalnim kognitivnim funkcijama, osobe s blagim kognitivnim o\u0161te\u0107enjima te oboljeli u ranoj fazi Alzheimerove bolesti. Najmanje \u010detvrtina dobrovoljaca dolazi iz skupina koje su ina\u010de slabije zastupljene u klini\u010dkim istra\u017eivanjima. Do sada je uklju\u010deno 883 sudionika, a vi\u0161e od 360 ih je zavr\u0161ilo sve predvi\u0111ene testove. Zavr\u0161etak istra\u017eivanja o\u010dekuje se 2028. godine.<\/p>\n\n\n\n<p>Neuroradiologinja <strong>Emer MacSweeney<\/strong>, koja u Ujedinjenom Kraljevstvu sudjeluje u regrutiranju dobrovoljaca, isti\u010de da bi uspjeh ovog istra\u017eivanja mogao zna\u010diti dostupnu i to\u010dnu metodu za otkrivanje abnormalnih proteinskih promjena u mozgu bez slo\u017eenih i skupih pretraga. Znanstvenici se nadaju da bi takvi testovi u budu\u0107nosti mogli postati i alat za probir starije populacije na demenciju.<\/p>\n<div id=\"mojev-2732295651\" class=\"mojev-kraj-teksta mojev-entity-placement\" style=\"margin-bottom: 20px;margin-left: auto;margin-right: auto;text-align: center;\"><div class=\"mojev-adlabel\">oglas<\/div><div style=\"height: 250px;\"><script async src=\"https:\/\/pagead2.googlesyndication.com\/pagead\/js\/adsbygoogle.js?client=ca-pub-8106111766207173\"\r\n     crossorigin=\"anonymous\"><\/script>\r\n<!-- Display-1 -->\r\n<ins class=\"adsbygoogle\"\r\n     style=\"display:block\"\r\n     data-ad-client=\"ca-pub-8106111766207173\"\r\n     data-ad-slot=\"1465712950\"\r\n     data-ad-format=\"auto\"\r\n     data-full-width-responsive=\"true\"><\/ins>\r\n<script>\r\n     (adsbygoogle = window.adsbygoogle || []).push({});\r\n<\/script><\/div><\/div>","protected":false},"excerpt":{"rendered":"<p>Pro\u0161le godine ameri\u010dki regulatori odobrili su krvni test koji se temelji na klasi\u010dnom va\u0111enju krvi iglom. Prednost testa iz kapljice krvi u tome je \u0161to bi se mogao provoditi i kod ku\u0107e, a uzorak slati po\u0161tom u laboratorij, bez potrebe za posebnim uvjetima \u010duvanja.<\/p>\n","protected":false},"author":1,"featured_media":85978,"comment_status":"closed","ping_status":"closed","sticky":false,"template":"","format":"standard","meta":{"footnotes":""},"categories":[3],"tags":[138,34],"class_list":["post-147930","post","type-post","status-publish","format-standard","has-post-thumbnail","hentry","category-zdravlje","tag-alzheimerova-bolest","tag-demencija"],"_links":{"self":[{"href":"https:\/\/www.mojevrijeme.hr\/magazin\/wp-json\/wp\/v2\/posts\/147930","targetHints":{"allow":["GET"]}}],"collection":[{"href":"https:\/\/www.mojevrijeme.hr\/magazin\/wp-json\/wp\/v2\/posts"}],"about":[{"href":"https:\/\/www.mojevrijeme.hr\/magazin\/wp-json\/wp\/v2\/types\/post"}],"author":[{"embeddable":true,"href":"https:\/\/www.mojevrijeme.hr\/magazin\/wp-json\/wp\/v2\/users\/1"}],"replies":[{"embeddable":true,"href":"https:\/\/www.mojevrijeme.hr\/magazin\/wp-json\/wp\/v2\/comments?post=147930"}],"version-history":[{"count":2,"href":"https:\/\/www.mojevrijeme.hr\/magazin\/wp-json\/wp\/v2\/posts\/147930\/revisions"}],"predecessor-version":[{"id":147932,"href":"https:\/\/www.mojevrijeme.hr\/magazin\/wp-json\/wp\/v2\/posts\/147930\/revisions\/147932"}],"wp:featuredmedia":[{"embeddable":true,"href":"https:\/\/www.mojevrijeme.hr\/magazin\/wp-json\/wp\/v2\/media\/85978"}],"wp:attachment":[{"href":"https:\/\/www.mojevrijeme.hr\/magazin\/wp-json\/wp\/v2\/media?parent=147930"}],"wp:term":[{"taxonomy":"category","embeddable":true,"href":"https:\/\/www.mojevrijeme.hr\/magazin\/wp-json\/wp\/v2\/categories?post=147930"},{"taxonomy":"post_tag","embeddable":true,"href":"https:\/\/www.mojevrijeme.hr\/magazin\/wp-json\/wp\/v2\/tags?post=147930"}],"curies":[{"name":"wp","href":"https:\/\/api.w.org\/{rel}","templated":true}]}}