{"id":147968,"date":"2026-01-23T11:34:58","date_gmt":"2026-01-23T10:34:58","guid":{"rendered":"https:\/\/www.mojevrijeme.hr\/magazin\/?p=147968"},"modified":"2026-01-23T13:52:50","modified_gmt":"2026-01-23T12:52:50","slug":"suvarovaci-na-okupu-brankin-razred-se-druzi-i-45-godina-nakon-mature","status":"publish","type":"post","link":"https:\/\/www.mojevrijeme.hr\/magazin\/2026\/01\/suvarovaci-na-okupu-brankin-razred-se-druzi-i-45-godina-nakon-mature\/","title":{"rendered":"\u0160uvarovaci na okupu: Brankin razred dru\u017ei se i 45 godina nakon mature"},"content":{"rendered":"\n<p>Nekad su zajedno u\u010dili, prepisivali, izlazili, kasnili na zadnji no\u0107ni tramvaj i zaljubljivali se. Danas, \u010detiri i pol desetlje\u0107a kasnije, biv\u0161i kolege iz zagreba\u010dke jezi\u010dne gimnazije jo\u0161 se povremeno dru\u017ee u manjim grupama i razgovaraju o brakovima, djeci, unucima, hobijima, reumi i drugim \u017eivotnim boljkama. A ove \u0107e se godine ponovo okupiti cijeli razred.<\/p>\n\n\n\n<p><strong>Branka Dimi\u0107<\/strong> (63), danas nastavnica tjelesnog odgoja koja je jezi\u010dnu gimnaziju zavr\u0161ila 1981. godine, o razredu i skoroj proslavi 45. godi\u0161njice mature govori posebno uzbu\u0111eno: &#8220;Iako vremena nisu opu\u0161tena kao nekad, svi se veselimo susretu. S mnogima sam se \u010dula i veseli me \u0161to moja generacija iz srednje jo\u0161 uvijek uspijeva zadr\u017eati pozitivan duh.&#8221;<\/p>\n\n\n\n<h2 class=\"wp-block-heading\">Iz ere \u0160uvarove reforme \u0161kolstva<\/h2>\n\n\n\n<p>U razgovoru se gospo\u0111a Branka prisjetila i specifi\u010dnog \u0161kolskog sustava koji je tada vladao u Hrvatskoj. &#8220;Bili smo takozvani \u0160uvarovci i prva dva razreda srednje \u0161kole morali smo svi poha\u0111ati op\u0107i smjer u \u0161kolama, i to prema mjestu stanovanja. Tek zadnje dvije godine birali smo usmjerenja, a na\u0161 razred bio je jezi\u010dni smjer za suradnike u nastavi za koje se, zanimljivo, do danas nisu stvorili uvjeti u \u0161kolstvu&#8221;, napominje.<\/p><div id=\"mojev-4248764915\" class=\"mojev-u-tekstu mojev-entity-placement\" style=\"margin-left: auto;margin-right: auto;text-align: center;\"><div class=\"mojev-adlabel\">oglas<\/div><div style=\"height: 250px;\"><script async src=\"https:\/\/pagead2.googlesyndication.com\/pagead\/js\/adsbygoogle.js?client=ca-pub-8106111766207173\"\r\n     crossorigin=\"anonymous\"><\/script>\r\n<!-- Prikazni 1 u tekstu -->\r\n<ins class=\"adsbygoogle\"\r\n     style=\"display:block\"\r\n     data-ad-client=\"ca-pub-8106111766207173\"\r\n     data-ad-slot=\"8535551207\"\r\n     data-ad-format=\"auto\"\r\n     data-full-width-responsive=\"true\"><\/ins>\r\n<script>\r\n     (adsbygoogle = window.adsbygoogle || []).push({});\r\n<\/script><\/div><\/div><br style=\"clear: both; display: block; float: none;\"\/>\n\n\n\n<p>U razredu ih je, otkriva, bilo 35, od \u010dega samo dva de\u010dka koji se nikad nisu \u017ealili na tretman koji su u\u017eivali me\u0111u djevojkama. &#8220;Budu\u0107i da su bili u velikoj manjini na cijeloj \u0161koli, bili su zanimljivi i na dobrom glasu. Mislim da im je bilo odli\u010dno s nama&#8221;, nasmijala se na\u0161a sugovornica.<\/p>\n\n\n\n<h2 class=\"wp-block-heading\">Prijateljstva za cijeli \u017eivot<\/h2>\n\n\n\n<p>&#8220;Mi cure smo \u0161kicale de\u010dke iz \u0161kole pod odmorom i smi\u0161ljale taktike osvajanja. Rodile su se i poneke ljubavi, dvije su \u010dak zavr\u0161ile brakom&#8221;, prisje\u0107a se na\u0161a sugovonica \u0161kolskih ljubavi i prijateljstava. &#8220;I mnoga prijateljstva odr\u017eala su se do danas, a posebno bih istaknula nas pet prijateljica koje i dalje zajedno rekreativno vje\u017ebamo i odlazimo u kazali\u0161ta. Ostali se tako\u0111er dru\u017ee, a me\u0111u nama ima i vi\u0161e radnih kolega koji rade u \u0161kolama kao nastavnici stranih jezika\u201d, doznajemo.<\/p>\n\n\n\n<figure class=\"wp-block-image size-large\"><img loading=\"lazy\" decoding=\"async\" width=\"740\" height=\"444\" src=\"https:\/\/www.mojevrijeme.hr\/magazin\/wp-content\/uploads\/2026\/01\/razred-740x444.jpg\" alt=\"\" class=\"wp-image-148093\" srcset=\"https:\/\/www.mojevrijeme.hr\/magazin\/wp-content\/uploads\/2026\/01\/razred-740x444.jpg 740w, https:\/\/www.mojevrijeme.hr\/magazin\/wp-content\/uploads\/2026\/01\/razred-636x382.jpg 636w, https:\/\/www.mojevrijeme.hr\/magazin\/wp-content\/uploads\/2026\/01\/razred-768x461.jpg 768w, https:\/\/www.mojevrijeme.hr\/magazin\/wp-content\/uploads\/2026\/01\/razred-1536x922.jpg 1536w, https:\/\/www.mojevrijeme.hr\/magazin\/wp-content\/uploads\/2026\/01\/razred-1500x900.jpg 1500w, https:\/\/www.mojevrijeme.hr\/magazin\/wp-content\/uploads\/2026\/01\/razred-1600x960.jpg 1600w, https:\/\/www.mojevrijeme.hr\/magazin\/wp-content\/uploads\/2026\/01\/razred-590x354.jpg 590w, https:\/\/www.mojevrijeme.hr\/magazin\/wp-content\/uploads\/2026\/01\/razred-400x240.jpg 400w, https:\/\/www.mojevrijeme.hr\/magazin\/wp-content\/uploads\/2026\/01\/razred.jpg 2000w\" sizes=\"auto, (max-width: 740px) 100vw, 740px\" \/><figcaption class=\"wp-element-caption\">Razredna fotografija (privatni album)<\/figcaption><\/figure>\n\n\n\n<h2 class=\"wp-block-heading\">Roditelji nisu opravdavali izostanke<\/h2>\n\n\n\n<p>Me\u0111u u\u010denicima je, prisje\u0107a se, nekad vladao druk\u010diji osje\u0107aj odgovornosti u odnosu na danas. \u201cTada nije postojala mogu\u0107nost da roditelji opravdavaju izostanke s nastave toliko kao danas, zapravo, ne sje\u0107am se da je to ikome od nas palo na pamet. Dolazak u \u0161kolu, na aktivnosti, u\u010denje i uspjeh bili su isklju\u010divo na\u0161a odgovornost, a ne roditeljska. Znali smo koje su na\u0161e obaveze i ispunjavali ih sami, jer smo ih sami i odabrali. Tada su i profesori bili opu\u0161teniji i vi\u0161e svoji, a mi smo ih cijenili i voljeli, ma koliko zahtjevni bili\u201c, rekla je gospo\u0111a Dimi\u0107 koja paralelu s dana\u0161njim \u0161kolstvom mo\u017ee povu\u0107i i kao nastavnica i kao majka odrasle k\u0107eri.<\/p>\n\n\n\n<h2 class=\"wp-block-heading\">Izlasci u Saloon, Kulu\u0161i\u0107, Zve\u010dku, Jabuku<\/h2>\n\n\n\n<p>Krajem tih sedamdesetih i po\u010detkom osamdesetih u Zagrebu se izlazilo na mjesta o kojima se i danas pri\u010da sa strahopo\u0161tovanjem. &#8220;Izlazilo se u kina ili disco klubove. Nalazili bismo se naj\u010de\u0161\u0107e u 19 sati na Trgu pod vurom, kod Znanja ili Rukotvorina, koje vi\u0161e ne postoje. Popularna mjesta izlazaka bila su Saloon, Karaka, Punta, Kulu\u0161i\u0107, Zve\u010dka, SC, Big Ben, Jabuka, kao i privatni tulumi. Vani smo smjeli ostati najdulje do 23 sata ili do zadnjeg tramvaja, a ako nismo stigli na tramvaj, \u017eurili smo ku\u0107i pje\u0161ice. Samo rijetki su tada i\u0161li taksijem&#8221;, ka\u017ee.<\/p>\n\n\n\n<figure class=\"wp-block-image size-large\"><img loading=\"lazy\" decoding=\"async\" width=\"740\" height=\"444\" src=\"https:\/\/www.mojevrijeme.hr\/magazin\/wp-content\/uploads\/2026\/01\/razred-na-okupu-740x444.jpg\" alt=\"\" class=\"wp-image-148096\" srcset=\"https:\/\/www.mojevrijeme.hr\/magazin\/wp-content\/uploads\/2026\/01\/razred-na-okupu-740x444.jpg 740w, https:\/\/www.mojevrijeme.hr\/magazin\/wp-content\/uploads\/2026\/01\/razred-na-okupu-636x382.jpg 636w, https:\/\/www.mojevrijeme.hr\/magazin\/wp-content\/uploads\/2026\/01\/razred-na-okupu-768x461.jpg 768w, https:\/\/www.mojevrijeme.hr\/magazin\/wp-content\/uploads\/2026\/01\/razred-na-okupu-1536x922.jpg 1536w, https:\/\/www.mojevrijeme.hr\/magazin\/wp-content\/uploads\/2026\/01\/razred-na-okupu-1500x900.jpg 1500w, https:\/\/www.mojevrijeme.hr\/magazin\/wp-content\/uploads\/2026\/01\/razred-na-okupu-1600x960.jpg 1600w, https:\/\/www.mojevrijeme.hr\/magazin\/wp-content\/uploads\/2026\/01\/razred-na-okupu-590x354.jpg 590w, https:\/\/www.mojevrijeme.hr\/magazin\/wp-content\/uploads\/2026\/01\/razred-na-okupu-400x240.jpg 400w, https:\/\/www.mojevrijeme.hr\/magazin\/wp-content\/uploads\/2026\/01\/razred-na-okupu.jpg 2000w\" sizes=\"auto, (max-width: 740px) 100vw, 740px\" \/><figcaption class=\"wp-element-caption\">Okupljanje razreda danas (privatni album)<\/figcaption><\/figure>\n\n\n\n<h2 class=\"wp-block-heading\">Sporija svakodnevica<\/h2>\n\n\n\n<p>Dodaje da je svakodnevica op\u0107enito bila sporija i kao da je bila pomaknuta tri sata unatrag u odnosu na danas. &#8220;Nismo znali za mobitele niti internet. Na\u0161i su roditelji imali vi\u0161e vremena za obitelj jer su radili od sedam do 15 sati. Bili su opu\u0161teniji, pa smo i mi mladi \u017eivot do\u017eivljavali opu\u0161tenijim.&#8221;<\/p>\n\n\n\n<p>&#8220;Opu\u0161teno sam i\u0161la i u Tre\u0161nju gdje sam plesala balet, a ponekad bih se iskrala ranije s nastave kako bih gledala baletne predstave u HNK. Ne sje\u0107am se nikakvog velikog stresa&#8221;, povjerava nam gospo\u0111a Branka i dodaje da i danas redovito posje\u0107uje HNK s ekipom prijateljica iz razreda.<\/p>\n\n\n\n<h2 class=\"wp-block-heading\">Razrednica Zlata Kip\u010di\u0107 vitalna i u 93. godini \u017eivota<\/h2>\n\n\n\n<p>Posebno mjesto u sje\u0107anju svih u\u010denika ovog razreda zauzimaju razrednice. &#8220;Profesorica <strong>Zlata Kip\u010di\u0107<\/strong> danas ima 92 godine, ba\u0161 smo nedavno razgovarale. Mnogi je rado pamtimo, iako je bila stroga, onaj pravi tip profesorice koja puno daje i puno tra\u017ei. Druga razrednica, tada mlada <strong>Gordana Mr\u0111en<\/strong>, pu\u0161tala nas je da Kafku interpretiramo glumatanjem zbog neznanja, o \u010demu se i danas prepri\u010davaju urnebesni detalji. Na mene je pak osobno najvi\u0161e utjecala profesorica tjelesnog <strong>Zlata Petrovi\u0107<\/strong>, na \u010diji sam nagovor upisala Kineziolo\u0161ki fakultet&#8221;, ka\u017ee. O divnoj profesorici Zlati Kip\u010di\u0107 pisali smo <a href=\"https:\/\/www.mojevrijeme.hr\/magazin\/2022\/12\/zlata-kipcic-89-nakon-suprugove-smrti-dugo-sam-trazila-smisao-u-samackom-zivotu\/\">ovdje<\/a>.<\/p>\n\n\n\n<figure class=\"wp-block-image size-large\"><img loading=\"lazy\" decoding=\"async\" width=\"740\" height=\"444\" src=\"https:\/\/www.mojevrijeme.hr\/magazin\/wp-content\/uploads\/2026\/01\/kipcic-740x444.jpg\" alt=\"\" class=\"wp-image-148094\" srcset=\"https:\/\/www.mojevrijeme.hr\/magazin\/wp-content\/uploads\/2026\/01\/kipcic-740x444.jpg 740w, https:\/\/www.mojevrijeme.hr\/magazin\/wp-content\/uploads\/2026\/01\/kipcic-636x382.jpg 636w, https:\/\/www.mojevrijeme.hr\/magazin\/wp-content\/uploads\/2026\/01\/kipcic-768x461.jpg 768w, https:\/\/www.mojevrijeme.hr\/magazin\/wp-content\/uploads\/2026\/01\/kipcic-1536x922.jpg 1536w, https:\/\/www.mojevrijeme.hr\/magazin\/wp-content\/uploads\/2026\/01\/kipcic-1500x900.jpg 1500w, https:\/\/www.mojevrijeme.hr\/magazin\/wp-content\/uploads\/2026\/01\/kipcic-1600x960.jpg 1600w, https:\/\/www.mojevrijeme.hr\/magazin\/wp-content\/uploads\/2026\/01\/kipcic-590x354.jpg 590w, https:\/\/www.mojevrijeme.hr\/magazin\/wp-content\/uploads\/2026\/01\/kipcic-400x240.jpg 400w, https:\/\/www.mojevrijeme.hr\/magazin\/wp-content\/uploads\/2026\/01\/kipcic.jpg 2000w\" sizes=\"auto, (max-width: 740px) 100vw, 740px\" \/><figcaption class=\"wp-element-caption\">Profesorica Kip\u010di\u0107 i u\u010denice na maturalnom putovanju 1980. godine (privatni album)<\/figcaption><\/figure>\n\n\n\n<h2 class=\"wp-block-heading\">Od Zagreba preko Graza do Madrida<\/h2>\n\n\n\n<p>Generacija se, doznajemo, rasula po razli\u010ditim fakultetima, ve\u0107inom su upisivali Filozofski i U\u010diteljski, ali i Muzi\u010dku i Likovnu akademiju, Ekonomiju, PMF te Kineziolo\u0161ki fakultet.<\/p>\n\n\n\n<p>&#8220;Velik dio nas radi u obrazovnom sustavu, bilo kao profesori na fakultetima, nastavnici stranih jezika, u\u010ditelji razredne nastave, pedagozi, psiholozi. Imamo i defektologinju, profesionalnu glazbenicu, prevoditelja, znanstvenicu i uspje\u0161ne poduzetnice. A neke je \u017eivot odveo u inozemstvo pa na\u0161i kolege osim po Hrvatskoj \u017eive u Grazu, Madridu, Frankfurtu, Bruxellesu&#8221;, otkriva.<\/p>\n\n\n\n<figure class=\"wp-block-image size-large\"><img loading=\"lazy\" decoding=\"async\" width=\"740\" height=\"444\" src=\"https:\/\/www.mojevrijeme.hr\/magazin\/wp-content\/uploads\/2026\/01\/branka-dimic-740x444.jpg\" alt=\"Branka Dimi\u0107 pozira ispred grtalice.\" class=\"wp-image-148097\" srcset=\"https:\/\/www.mojevrijeme.hr\/magazin\/wp-content\/uploads\/2026\/01\/branka-dimic-740x444.jpg 740w, https:\/\/www.mojevrijeme.hr\/magazin\/wp-content\/uploads\/2026\/01\/branka-dimic-636x382.jpg 636w, https:\/\/www.mojevrijeme.hr\/magazin\/wp-content\/uploads\/2026\/01\/branka-dimic-768x461.jpg 768w, https:\/\/www.mojevrijeme.hr\/magazin\/wp-content\/uploads\/2026\/01\/branka-dimic-1536x922.jpg 1536w, https:\/\/www.mojevrijeme.hr\/magazin\/wp-content\/uploads\/2026\/01\/branka-dimic-1500x900.jpg 1500w, https:\/\/www.mojevrijeme.hr\/magazin\/wp-content\/uploads\/2026\/01\/branka-dimic-1600x960.jpg 1600w, https:\/\/www.mojevrijeme.hr\/magazin\/wp-content\/uploads\/2026\/01\/branka-dimic-590x354.jpg 590w, https:\/\/www.mojevrijeme.hr\/magazin\/wp-content\/uploads\/2026\/01\/branka-dimic-400x240.jpg 400w, https:\/\/www.mojevrijeme.hr\/magazin\/wp-content\/uploads\/2026\/01\/branka-dimic.jpg 2000w\" sizes=\"auto, (max-width: 740px) 100vw, 740px\" \/><figcaption class=\"wp-element-caption\">Branka Dimi\u0107 (privatni album)<\/figcaption><\/figure>\n\n\n\n<p>I za kraj smo ovu svestranu diplomiranu kineziologinju, zaljubljenu i u kajakarenje, planinarenje i fotografiju, pitali \u0161to bi danas poru\u010dila onoj sebi iz srednjo\u0161kolskih dana, a ona uz osmijeh odgovara: &#8220;Branka, ostani ba\u0161 ovakva kakva jesi. Trebat \u0107e ti ta opu\u0161tenost.&#8221; Ka\u017ee jo\u0161 da je vrijeme obrisalo mnogo sje\u0107anja, ali da je u njoj ostao posebno lijep osje\u0107aj koji pokazuje da su srednjo\u0161kolski dani bili ba\u0161 dobri. I to puno zna\u010di za cijeli \u017eivot.<\/p>\n<div id=\"mojev-4188677746\" class=\"mojev-kraj-teksta mojev-entity-placement\" style=\"margin-bottom: 20px;margin-left: auto;margin-right: auto;text-align: center;\"><div class=\"mojev-adlabel\">oglas<\/div><div style=\"height: 250px;\"><script async src=\"https:\/\/pagead2.googlesyndication.com\/pagead\/js\/adsbygoogle.js?client=ca-pub-8106111766207173\"\r\n     crossorigin=\"anonymous\"><\/script>\r\n<!-- Display-1 -->\r\n<ins class=\"adsbygoogle\"\r\n     style=\"display:block\"\r\n     data-ad-client=\"ca-pub-8106111766207173\"\r\n     data-ad-slot=\"1465712950\"\r\n     data-ad-format=\"auto\"\r\n     data-full-width-responsive=\"true\"><\/ins>\r\n<script>\r\n     (adsbygoogle = window.adsbygoogle || []).push({});\r\n<\/script><\/div><\/div>","protected":false},"excerpt":{"rendered":"<p>Maturanti zagreba\u010dke jezi\u010dne gimnazije, koja se tada zvala Obrazovni centar za jezike, ove godine obilje\u017eavaju 45. godi\u0161njicu mature. Cijeli \u0107e se razred ponovno okupiti, a uo\u010di proslave razgovarali smo s Brankom Dimi\u0107, diplomiranom kineziologinjom koja se rado prisjetila \u0161kolskih dana.<\/p>\n","protected":false},"author":15,"featured_media":148095,"comment_status":"closed","ping_status":"closed","sticky":false,"template":"","format":"standard","meta":{"footnotes":""},"categories":[9],"tags":[4903,3135,39],"class_list":["post-147968","post","type-post","status-publish","format-standard","has-post-thumbnail","hentry","category-vijesti","tag-branka-dimic","tag-godisnjica-mature","tag-zagreb"],"_links":{"self":[{"href":"https:\/\/www.mojevrijeme.hr\/magazin\/wp-json\/wp\/v2\/posts\/147968","targetHints":{"allow":["GET"]}}],"collection":[{"href":"https:\/\/www.mojevrijeme.hr\/magazin\/wp-json\/wp\/v2\/posts"}],"about":[{"href":"https:\/\/www.mojevrijeme.hr\/magazin\/wp-json\/wp\/v2\/types\/post"}],"author":[{"embeddable":true,"href":"https:\/\/www.mojevrijeme.hr\/magazin\/wp-json\/wp\/v2\/users\/15"}],"replies":[{"embeddable":true,"href":"https:\/\/www.mojevrijeme.hr\/magazin\/wp-json\/wp\/v2\/comments?post=147968"}],"version-history":[{"count":25,"href":"https:\/\/www.mojevrijeme.hr\/magazin\/wp-json\/wp\/v2\/posts\/147968\/revisions"}],"predecessor-version":[{"id":148114,"href":"https:\/\/www.mojevrijeme.hr\/magazin\/wp-json\/wp\/v2\/posts\/147968\/revisions\/148114"}],"wp:featuredmedia":[{"embeddable":true,"href":"https:\/\/www.mojevrijeme.hr\/magazin\/wp-json\/wp\/v2\/media\/148095"}],"wp:attachment":[{"href":"https:\/\/www.mojevrijeme.hr\/magazin\/wp-json\/wp\/v2\/media?parent=147968"}],"wp:term":[{"taxonomy":"category","embeddable":true,"href":"https:\/\/www.mojevrijeme.hr\/magazin\/wp-json\/wp\/v2\/categories?post=147968"},{"taxonomy":"post_tag","embeddable":true,"href":"https:\/\/www.mojevrijeme.hr\/magazin\/wp-json\/wp\/v2\/tags?post=147968"}],"curies":[{"name":"wp","href":"https:\/\/api.w.org\/{rel}","templated":true}]}}