{"id":147976,"date":"2026-01-21T10:44:57","date_gmt":"2026-01-21T09:44:57","guid":{"rendered":"https:\/\/www.mojevrijeme.hr\/magazin\/?p=147976"},"modified":"2026-01-21T10:45:27","modified_gmt":"2026-01-21T09:45:27","slug":"danski-mirovinski-fond-rjesava-se-americkih-drzavnih-obveznica","status":"publish","type":"post","link":"https:\/\/www.mojevrijeme.hr\/magazin\/2026\/01\/danski-mirovinski-fond-rjesava-se-americkih-drzavnih-obveznica\/","title":{"rendered":"Danski mirovinski fond rje\u0161ava se ameri\u010dkih dr\u017eavnih obveznica"},"content":{"rendered":"\n<p>Danski mirovinski fond <strong>Akademiker Pension<\/strong> objavio je u da \u0107e prodati ameri\u010dke dr\u017eavne obveznice zbog, kako navodi, lo\u0161eg upravljanja javnim financijama u Sjedinjenim Ameri\u010dkim Dr\u017eavama.<\/p>\n\n\n\n<p>Fond je pritom naglasio da odluka nije povezana sa sporom izme\u0111u Sjedinjenih Dr\u017eava i Europe oko budu\u0107nosti autonomnog danskog teritorija Grenland \u010diju okupaciju najavljuje ameri\u010dki predsjednik <strong>Donald Trump<\/strong>. Razlog prodaje, prema rije\u010dima glavnog investicijskog direktora fonda <strong>Andersa Scheldea<\/strong>, le\u017ei u stanju ameri\u010dkih javnih financija.<\/p>\n\n\n\n<p>Kako je Shelde izjavio za AFP, takva fiskalna politika navodi fond da razmotri alternativne na\u010dine upravljanja likvidno\u0161\u0107u i rizicima. Iako odluka nije izravno povezana s aktualnim politi\u010dkim napetostima izme\u0111u Sjedinjenih Dr\u017eava i Europe, Shelde je priznao da one nisu ote\u017eale dono\u0161enje takvog poteza.<\/p><div id=\"mojev-2741479956\" class=\"mojev-u-tekstu mojev-entity-placement\" style=\"margin-left: auto;margin-right: auto;text-align: center;\"><div class=\"mojev-adlabel\">oglas<\/div><div style=\"height: 250px;\"><script async src=\"https:\/\/pagead2.googlesyndication.com\/pagead\/js\/adsbygoogle.js?client=ca-pub-8106111766207173\"\r\n     crossorigin=\"anonymous\"><\/script>\r\n<!-- Prikazni 1 u tekstu -->\r\n<ins class=\"adsbygoogle\"\r\n     style=\"display:block\"\r\n     data-ad-client=\"ca-pub-8106111766207173\"\r\n     data-ad-slot=\"8535551207\"\r\n     data-ad-format=\"auto\"\r\n     data-full-width-responsive=\"true\"><\/ins>\r\n<script>\r\n     (adsbygoogle = window.adsbygoogle || []).push({});\r\n<\/script><\/div><\/div><br style=\"clear: both; display: block; float: none;\"\/>\n\n\n\n<p>Akademiker Pension u portfelju ima ne\u0161to vi\u0161e od 85 milijuna eura ameri\u010dkih obveznica, \u0161to je relativno malen dio u odnosu na ukupnu imovinu fonda od oko 25,7 milijardi dolara.<\/p>\n\n\n\n<p>Na marginama Svjetskog gospodarskog forum u Davosu, ameri\u010dki ministar financija Scott Bessent odbacio je tvrdnje da europski ulaga\u010di ciljano prodaju ameri\u010dki dug kao odgovor na interese Washingtona prema Grenlandu. Bessent je upozorio da bi takva strategija mogla destabilizirati financijska tr\u017ei\u0161ta. Poru\u010dio je kako bi svi trebali &#8220;duboko udahnuti&#8221; te ne pridavati preveliku pozornost, kako je rekao, histeri\u010dnim interpretacijama u medijima.<\/p>\n<div id=\"mojev-2387264766\" class=\"mojev-kraj-teksta mojev-entity-placement\" style=\"margin-bottom: 20px;margin-left: auto;margin-right: auto;text-align: center;\"><div class=\"mojev-adlabel\">oglas<\/div><div style=\"height: 250px;\"><script async src=\"https:\/\/pagead2.googlesyndication.com\/pagead\/js\/adsbygoogle.js?client=ca-pub-8106111766207173\"\r\n     crossorigin=\"anonymous\"><\/script>\r\n<!-- Display-1 -->\r\n<ins class=\"adsbygoogle\"\r\n     style=\"display:block\"\r\n     data-ad-client=\"ca-pub-8106111766207173\"\r\n     data-ad-slot=\"1465712950\"\r\n     data-ad-format=\"auto\"\r\n     data-full-width-responsive=\"true\"><\/ins>\r\n<script>\r\n     (adsbygoogle = window.adsbygoogle || []).push({});\r\n<\/script><\/div><\/div>","protected":false},"excerpt":{"rendered":"<p>Iz fonda poru\u010duju da odluka nije povezana s politi\u010dkim napetostima izme\u0111u SAD-a i Europe, ve\u0107 isklju\u010divo s procjenom fiskalnih rizika i potrebe za druk\u010dijim upravljanjem likvidno\u0161\u0107u i rizicima.<\/p>\n","protected":false},"author":1,"featured_media":126381,"comment_status":"closed","ping_status":"closed","sticky":false,"template":"","format":"standard","meta":{"footnotes":""},"categories":[9],"tags":[279,908,1002],"class_list":["post-147976","post","type-post","status-publish","format-standard","has-post-thumbnail","hentry","category-vijesti","tag-danska","tag-donald-trump","tag-mirovinski-fondovi"],"_links":{"self":[{"href":"https:\/\/www.mojevrijeme.hr\/magazin\/wp-json\/wp\/v2\/posts\/147976","targetHints":{"allow":["GET"]}}],"collection":[{"href":"https:\/\/www.mojevrijeme.hr\/magazin\/wp-json\/wp\/v2\/posts"}],"about":[{"href":"https:\/\/www.mojevrijeme.hr\/magazin\/wp-json\/wp\/v2\/types\/post"}],"author":[{"embeddable":true,"href":"https:\/\/www.mojevrijeme.hr\/magazin\/wp-json\/wp\/v2\/users\/1"}],"replies":[{"embeddable":true,"href":"https:\/\/www.mojevrijeme.hr\/magazin\/wp-json\/wp\/v2\/comments?post=147976"}],"version-history":[{"count":3,"href":"https:\/\/www.mojevrijeme.hr\/magazin\/wp-json\/wp\/v2\/posts\/147976\/revisions"}],"predecessor-version":[{"id":147979,"href":"https:\/\/www.mojevrijeme.hr\/magazin\/wp-json\/wp\/v2\/posts\/147976\/revisions\/147979"}],"wp:featuredmedia":[{"embeddable":true,"href":"https:\/\/www.mojevrijeme.hr\/magazin\/wp-json\/wp\/v2\/media\/126381"}],"wp:attachment":[{"href":"https:\/\/www.mojevrijeme.hr\/magazin\/wp-json\/wp\/v2\/media?parent=147976"}],"wp:term":[{"taxonomy":"category","embeddable":true,"href":"https:\/\/www.mojevrijeme.hr\/magazin\/wp-json\/wp\/v2\/categories?post=147976"},{"taxonomy":"post_tag","embeddable":true,"href":"https:\/\/www.mojevrijeme.hr\/magazin\/wp-json\/wp\/v2\/tags?post=147976"}],"curies":[{"name":"wp","href":"https:\/\/api.w.org\/{rel}","templated":true}]}}