{"id":148036,"date":"2026-01-21T18:04:50","date_gmt":"2026-01-21T17:04:50","guid":{"rendered":"https:\/\/www.mojevrijeme.hr\/magazin\/?p=148036"},"modified":"2026-01-21T18:04:57","modified_gmt":"2026-01-21T17:04:57","slug":"hdz-je-prezadovoljan-udvostrucili-smo-place","status":"publish","type":"post","link":"https:\/\/www.mojevrijeme.hr\/magazin\/2026\/01\/hdz-je-prezadovoljan-udvostrucili-smo-place\/","title":{"rendered":"HDZ je prezadovoljan: Udvostru\u010dili smo pla\u0107e"},"content":{"rendered":"\n<p>Hrvatska demokratska zajednica (HDZ) pohvalila se podacima o rastu pla\u0107a, isti\u010du\u0107i da je prosje\u010dna neto pla\u0107a u Hrvatskoj u studenom 2025. dosegla rekordnih 1.498 eura te da je, u odnosu na po\u010detak mandata aktualne Vlade &#8211; udvostru\u010dena.<\/p>\n\n\n\n<p>Pozivaju\u0107i se na najnovije podatke Dr\u017eavni zavod za statistiku, iz HDZ-a navode da je prosje\u010dna neto pla\u0107a na godi\u0161njoj razini nominalno porasla za 9,7 posto, dok je realni rast iznosio 5,7 posto. Na mjese\u010dnoj razini, u odnosu na listopad, pla\u0107a je bila vi\u0161a za 1,9 posto nominalno, odnosno 1,3 posto realno.<\/p>\n\n\n\n<p>Realni rast pla\u0107a onaj koji se dobije kada se od nominalnog pove\u0107anja oduzme stopa inflacije, obja\u0161njavaju HDZ-ovi stru\u010dnjaci.<\/p><div id=\"mojev-1374856268\" class=\"mojev-u-tekstu mojev-entity-placement\" style=\"margin-left: auto;margin-right: auto;text-align: center;\"><div class=\"mojev-adlabel\">oglas<\/div><div style=\"height: 250px;\"><script async src=\"https:\/\/pagead2.googlesyndication.com\/pagead\/js\/adsbygoogle.js?client=ca-pub-8106111766207173\"\r\n     crossorigin=\"anonymous\"><\/script>\r\n<!-- Prikazni 1 u tekstu -->\r\n<ins class=\"adsbygoogle\"\r\n     style=\"display:block\"\r\n     data-ad-client=\"ca-pub-8106111766207173\"\r\n     data-ad-slot=\"8535551207\"\r\n     data-ad-format=\"auto\"\r\n     data-full-width-responsive=\"true\"><\/ins>\r\n<script>\r\n     (adsbygoogle = window.adsbygoogle || []).push({});\r\n<\/script><\/div><\/div><br style=\"clear: both; display: block; float: none;\"\/>\n\n\n\n<p>Posebno nagla\u0161avaju kako je prosje\u010dna neto pla\u0107a od po\u010detka mandata Vlade porasla za 749 eura, \u0161to tuma\u010de kao dokaz uspje\u0161nih ekonomskih politika. Vlada, kako poru\u010duju, nastavlja s mjerama usmjerenima na rast primanja, pove\u0107anje zaposlenosti i ja\u010danje konkurentnosti gospodarstva. <\/p>\n\n\n\n<p>Iz vladaju\u0107e stranke navode da bi prosje\u010dna pla\u0107a, prema ranijim obe\u0107anjima, tijekom 2028. godine trebala dosegnuti 1.600 eura.<\/p>\n<div id=\"mojev-1004205404\" class=\"mojev-kraj-teksta mojev-entity-placement\" style=\"margin-bottom: 20px;margin-left: auto;margin-right: auto;text-align: center;\"><div class=\"mojev-adlabel\">oglas<\/div><div style=\"height: 250px;\"><script async src=\"https:\/\/pagead2.googlesyndication.com\/pagead\/js\/adsbygoogle.js?client=ca-pub-8106111766207173\"\r\n     crossorigin=\"anonymous\"><\/script>\r\n<!-- Display-1 -->\r\n<ins class=\"adsbygoogle\"\r\n     style=\"display:block\"\r\n     data-ad-client=\"ca-pub-8106111766207173\"\r\n     data-ad-slot=\"1465712950\"\r\n     data-ad-format=\"auto\"\r\n     data-full-width-responsive=\"true\"><\/ins>\r\n<script>\r\n     (adsbygoogle = window.adsbygoogle || []).push({});\r\n<\/script><\/div><\/div>","protected":false},"excerpt":{"rendered":"<p>Isti\u010du da je prosje\u010dna neto pla\u0107a u studenom dosegnula rekordnih 1.498 eura te da rast primanja potvr\u0111uje, kako navode, uspje\u0161nost njihove ekonomske politike.<\/p>\n","protected":false},"author":1,"featured_media":127966,"comment_status":"closed","ping_status":"closed","sticky":false,"template":"","format":"standard","meta":{"footnotes":""},"categories":[9],"tags":[665,3563,236],"class_list":["post-148036","post","type-post","status-publish","format-standard","has-post-thumbnail","hentry","category-vijesti","tag-hdz","tag-place","tag-standard"],"_links":{"self":[{"href":"https:\/\/www.mojevrijeme.hr\/magazin\/wp-json\/wp\/v2\/posts\/148036","targetHints":{"allow":["GET"]}}],"collection":[{"href":"https:\/\/www.mojevrijeme.hr\/magazin\/wp-json\/wp\/v2\/posts"}],"about":[{"href":"https:\/\/www.mojevrijeme.hr\/magazin\/wp-json\/wp\/v2\/types\/post"}],"author":[{"embeddable":true,"href":"https:\/\/www.mojevrijeme.hr\/magazin\/wp-json\/wp\/v2\/users\/1"}],"replies":[{"embeddable":true,"href":"https:\/\/www.mojevrijeme.hr\/magazin\/wp-json\/wp\/v2\/comments?post=148036"}],"version-history":[{"count":3,"href":"https:\/\/www.mojevrijeme.hr\/magazin\/wp-json\/wp\/v2\/posts\/148036\/revisions"}],"predecessor-version":[{"id":148039,"href":"https:\/\/www.mojevrijeme.hr\/magazin\/wp-json\/wp\/v2\/posts\/148036\/revisions\/148039"}],"wp:featuredmedia":[{"embeddable":true,"href":"https:\/\/www.mojevrijeme.hr\/magazin\/wp-json\/wp\/v2\/media\/127966"}],"wp:attachment":[{"href":"https:\/\/www.mojevrijeme.hr\/magazin\/wp-json\/wp\/v2\/media?parent=148036"}],"wp:term":[{"taxonomy":"category","embeddable":true,"href":"https:\/\/www.mojevrijeme.hr\/magazin\/wp-json\/wp\/v2\/categories?post=148036"},{"taxonomy":"post_tag","embeddable":true,"href":"https:\/\/www.mojevrijeme.hr\/magazin\/wp-json\/wp\/v2\/tags?post=148036"}],"curies":[{"name":"wp","href":"https:\/\/api.w.org\/{rel}","templated":true}]}}