{"id":148118,"date":"2026-01-27T09:16:51","date_gmt":"2026-01-27T08:16:51","guid":{"rendered":"https:\/\/www.mojevrijeme.hr\/magazin\/?p=148118"},"modified":"2026-01-27T10:01:54","modified_gmt":"2026-01-27T09:01:54","slug":"tastina-ili-pobuna-zasto-toliko-zena-starijih-od-60-objavljuje-selfije","status":"publish","type":"post","link":"https:\/\/www.mojevrijeme.hr\/magazin\/2026\/01\/tastina-ili-pobuna-zasto-toliko-zena-starijih-od-60-objavljuje-selfije\/","title":{"rendered":"Ta\u0161tina ili pobuna: Za\u0161to toliko \u017eena starijih od 60 objavljuje selfije?"},"content":{"rendered":"\n<p>Na dru\u0161tvenim mre\u017eama sve je vi\u0161e <em>selfija <\/em>\u017eena u \u0161ezdesetima, sedamdesetima i starijih. Millree Williams, certificirani \u017eivotni i karijerni trener za osobe u mirovini, za <em><a href=\"https:\/\/sixtyandme.com\/\">SixtyAndMe<\/a><\/em> isti\u010de da ti selfiji zna\u010de mnogo vi\u0161e od pohvala izgledu. Oni gotovo mijenjaju kulturu koja \u010desto ignorira starije \u017eene i proces starenja.<\/p>\n\n\n\n<p>&#8220;Kao \u017eivotni trener radim s mnogim \u017eenama, a u svakodnevnom \u017eivotu okru\u017een sam sestrama, punicama, kolegicama i susjedama. Upravo iz tih razgovora i susreta proiza\u0161lo je jedno zapa\u017eanje koje \u017eelim podijeliti. Ako pro\u0111ete dru\u0161tvenim mre\u017eama, primijetit \u0107ete da \u017eene u pedesetima, \u0161ezdesetima i sedamdesetima sve \u010de\u0161\u0107e objavljuju <em>selfije<\/em>. Na nekima su dotjerane, na drugima le\u017eerne; ponekad djeluju radosno, ponekad zagonetno ili ponosno, a nerijetko i tu\u017eno.&#8221;<\/p>\n\n\n\n<p>&#8220;Kad netko nai\u0111e na takve fotografije, gotovo se neizbje\u017eno rodi pitanje, bilo ono izre\u010deno naglas ili tek u obliku ironi\u010dno podignutih obrva: za\u0161to? Pretpostavka je bez iznimke negativna: ta \u017eena je ta\u0161ta, nesigurna, \u017eeljna pa\u017enje. No za ve\u0107inu zrelih \u017eena takvo tuma\u010denje uop\u0107e ne poga\u0111a bit ovakvih fotografija&#8221;, napominje Williams.<\/p><div id=\"mojev-4071720556\" class=\"mojev-u-tekstu mojev-entity-placement\" style=\"margin-left: auto;margin-right: auto;text-align: center;\"><div class=\"mojev-adlabel\">oglas<\/div><div style=\"height: 250px;\"><script async src=\"https:\/\/pagead2.googlesyndication.com\/pagead\/js\/adsbygoogle.js?client=ca-pub-8106111766207173\"\r\n     crossorigin=\"anonymous\"><\/script>\r\n<!-- Prikazni 1 u tekstu -->\r\n<ins class=\"adsbygoogle\"\r\n     style=\"display:block\"\r\n     data-ad-client=\"ca-pub-8106111766207173\"\r\n     data-ad-slot=\"8535551207\"\r\n     data-ad-format=\"auto\"\r\n     data-full-width-responsive=\"true\"><\/ins>\r\n<script>\r\n     (adsbygoogle = window.adsbygoogle || []).push({});\r\n<\/script><\/div><\/div><br style=\"clear: both; display: block; float: none;\"\/>\n\n\n\n<h2 class=\"wp-block-heading\">Cijeli \u017eivot gledalo ih se kroz uloge<\/h2>\n\n\n\n<p>Ve\u0107ina \u017eena koje danas imaju preko 60 godina nije odrasla u svijetu u kojem su same kreirale vlastiti vizualni identitet. Fotografije su se radile za obiteljske albume, tijekom godi\u0161njeg odmora i na va\u017ene datume. Ona bi se pojavila, nasmijala i nastavila dalje.<\/p>\n\n\n\n<p>&#8220;Desetlje\u0107ima su te \u017eene bile vidljive kroz uloge, prije svegao\u00a0kao ne\u010dija supruga, majka, skrbnica, profesionalka. Rijetko se ih se gledalo jednostavno kao njih same. Selfie mijenja taj obrazac. Sada \u017eena samostalno stvara vlastiti identitet. Namjerno. Svojom voljom. Poru\u010duje: Ovo sam ja, a ovaj trenutak mi puno zna\u010di&#8221;, obja\u0161njava.<\/p>\n\n\n\n<h2 class=\"wp-block-heading\">Realnost nevidljivosti<\/h2>\n\n\n\n<p>\u010cesto u razgovorima s na\u0161im umirovljenicama \u010dujemo da ih, otkako su se umirovile, nitko vi\u0161e nigdje ne poziva te da imaju osje\u0107aj kako su postale nevidljive. Kad iza\u0111u, \u010dini im se da ih se vi\u0161e ne primje\u0107uje, a pohvale koje su nekad primale mijenjaju se ili potpuno izostaju. Javna se pozornost postupno preusmjerava pa su \u017eene \u0161to su starije sve rje\u0111e prisutne i u medijima. Mnoge priznaju da ih svijet vi\u0161e ne primje\u0107uje, a ta se (ne)vidljivost s godinama samo smanjuje.<\/p>\n\n\n\n<p>&#8220;Nevidljivost \u017eena tre\u0107e dobi nije izmi\u0161ljotina. To je kulturni fenomen. Dakle, kad \u017eena u svojim sezdesetima objavi <em>selfie<\/em>, mo\u017eda poru\u010duje ne\u0161to vrlo stvarno a to je da ne \u017eeli nestati. To nije narcizam. To je ljudski&#8221;, napominje Williams.<\/p>\n\n\n\n<h2 class=\"wp-block-heading\">Selfiji kao samoodre\u0111enje, ne samopromocija<\/h2>\n\n\n\n<p>Zrelim \u017eenama <em>selfiji <\/em>rijetko slu\u017ee lovu na <em>lajkove<\/em>, a \u010de\u0161\u0107e su na\u010din da obilje\u017ee neki lijepi trenutak ili samouvjereno poka\u017eu osobnu promjenu kao \u0161to je prihva\u0107anje sijede kose, bora i nekog \u017eivotnog iskustva. U tom smislu, <em>selfie <\/em>nije halospjev izgledu, ve\u0107 je rije\u010d o identitetu. Ne poziva da je gledamo, ve\u0107 govori da je to &#8211; ona.<\/p>\n\n\n\n<p>&#8220;Na\u0161a se kultura mijenja, ali vrlo sporo. I dalje se starije \u017eene rijetko prikazuje u pozitivnom svjetlu. Kad zrele \u017eene dijele <em>selfije<\/em>, one \u010dine ne\u0161to istodobno nenametljivo i mo\u0107no: odbijaju nestati sa scene, mijenjaju poimanje starenja, normaliziraju prisutnost, radost i snagu te nude stvarne uzore, a ne one kakve smo navikli gledati u reklamama. Te fotografije ne vri\u0161te. One jednostavno postoje i ta vidljivost je va\u017ena&#8221;, obja\u0161njava \u017eivotni savjetnik.<\/p>\n\n\n\n<h2 class=\"wp-block-heading\">Samopouzdanje u ovoj \u017eivotnoj fazi nije povr\u0161no ni la\u017eno<\/h2>\n\n\n\n<p>&#8220;Da, neke zrele \u017eene objavljuju selfije jer im to poma\u017ee da osjete samopouzdanje. Nakon desetlje\u0107a tijekom kojih im se, izravno ili neizravno, poru\u010divalo da su starije \u017eene manje relevantne, prakticiranje samoprihva\u0107anja nije razma\u017eenost, nego autokorektivni \u010din. Samopouzdanje u zrelijoj dobi nije tra\u017eenje odobravanja, ve\u0107 mir koji zapo\u010dinje dopu\u0161tanjem da ih se vidi bez isprike&#8221;, dodaje.<\/p>\n\n\n\n<h2 class=\"wp-block-heading\">Generacijski pomak koji zaslu\u017euje po\u0161tovanje<\/h2>\n\n\n\n<p>Mnoge zrele \u017eene rade ne\u0161to \u0161to \u017eenama u zrelim godinama prije nije bilo dopu\u0161teno: zauzimaju prostor, preuzimaju vidljivost, definiraju se bez dopu\u0161tenja. Dru\u0161tvene mre\u017ee samo su alat, ali impuls je dublji od platforme.<\/p>\n\n\n\n<p>&#8220;I zato ako ste ikad napravile <em>selfie <\/em>i oklijevale ga objaviti jer vas je brinulo \u0161to bi drugi mogli misliti, zastanite na trenutak. Postavite si druk\u010dije pitanje: za\u0161to vam i u ovim godinama smeta to \u0161to ste vidljive? Provele ste desetlje\u0107a pokazuju\u0107i se za druge. Zaradile ste pravo da se poka\u017eete sebi. Selfie ne mora dokazivati mladost, ljepotu ili relevantnost. Ponekad on jednostavno poru\u010duje da ste jo\u0161 tu i da va\u0161 put nije zavr\u0161io. A to, u bilo kojoj dobi, zaslu\u017euje po\u0161tovanje&#8221;, sna\u017ena je poruka \u017eivotnog savjetnika.<\/p>\n\n\n\n<p>A vi, snimate li <em>selfije<\/em>? Kako odlu\u010dujete kada i gdje \u0107ete ih snimiti? Objavljujete li ih? \u0160to vam <em>selfiji <\/em>zna\u010de?<\/p>\n\n\n\n<div id=\"crveno\"><\/p>\n\n\n\n<h3 class=\"wp-block-heading\">Zanima nas va\u0161a pri\u010da<\/h3>\n\n\n\n<p>\u017delite li i vi, posve anonimno, podijeliti svoje iskustvo i vi\u0111enje ove teme s nama i na\u0161im \u010ditateljima, mo\u017eete to u\u010diniti putem web obrasca <a rel=\"noreferrer noopener\" href=\"https:\/\/www.mojevrijeme.hr\/magazin\/povjerljivo\/\" target=\"_blank\">Povjerljivo<\/a>. Napi\u0161ite svoju pri\u010du!<\/p>\n\n\n\n<p><\/div>\n<div id=\"mojev-4274269222\" class=\"mojev-kraj-teksta mojev-entity-placement\" style=\"margin-bottom: 20px;margin-left: auto;margin-right: auto;text-align: center;\"><div class=\"mojev-adlabel\">oglas<\/div><div style=\"height: 250px;\"><script async src=\"https:\/\/pagead2.googlesyndication.com\/pagead\/js\/adsbygoogle.js?client=ca-pub-8106111766207173\"\r\n     crossorigin=\"anonymous\"><\/script>\r\n<!-- Display-1 -->\r\n<ins class=\"adsbygoogle\"\r\n     style=\"display:block\"\r\n     data-ad-client=\"ca-pub-8106111766207173\"\r\n     data-ad-slot=\"1465712950\"\r\n     data-ad-format=\"auto\"\r\n     data-full-width-responsive=\"true\"><\/ins>\r\n<script>\r\n     (adsbygoogle = window.adsbygoogle || []).push({});\r\n<\/script><\/div><\/div>","protected":false},"excerpt":{"rendered":"<p>\u017dene u zrelijoj dobi \u010desto su nevidljive u dru\u0161tvu i medijima, unato\u010d bogatom \u017eivotnom iskustvu. Zato sve \u010de\u0161\u0107e dijele selfije na dru\u0161tvenim mre\u017eama \u2013 ne zbog izgleda, kako mnogi pogre\u0161no misle, ve\u0107 da bi pokazale da su i dalje tu.<\/p>\n","protected":false},"author":17,"featured_media":27701,"comment_status":"closed","ping_status":"closed","sticky":false,"template":"","format":"standard","meta":{"footnotes":""},"categories":[2],"tags":[543,1274,126,122],"class_list":["post-148118","post","type-post","status-publish","format-standard","has-post-thumbnail","hentry","category-mozaik","tag-mobiteli","tag-selfie","tag-tehnologija","tag-zene"],"_links":{"self":[{"href":"https:\/\/www.mojevrijeme.hr\/magazin\/wp-json\/wp\/v2\/posts\/148118","targetHints":{"allow":["GET"]}}],"collection":[{"href":"https:\/\/www.mojevrijeme.hr\/magazin\/wp-json\/wp\/v2\/posts"}],"about":[{"href":"https:\/\/www.mojevrijeme.hr\/magazin\/wp-json\/wp\/v2\/types\/post"}],"author":[{"embeddable":true,"href":"https:\/\/www.mojevrijeme.hr\/magazin\/wp-json\/wp\/v2\/users\/17"}],"replies":[{"embeddable":true,"href":"https:\/\/www.mojevrijeme.hr\/magazin\/wp-json\/wp\/v2\/comments?post=148118"}],"version-history":[{"count":3,"href":"https:\/\/www.mojevrijeme.hr\/magazin\/wp-json\/wp\/v2\/posts\/148118\/revisions"}],"predecessor-version":[{"id":148192,"href":"https:\/\/www.mojevrijeme.hr\/magazin\/wp-json\/wp\/v2\/posts\/148118\/revisions\/148192"}],"wp:featuredmedia":[{"embeddable":true,"href":"https:\/\/www.mojevrijeme.hr\/magazin\/wp-json\/wp\/v2\/media\/27701"}],"wp:attachment":[{"href":"https:\/\/www.mojevrijeme.hr\/magazin\/wp-json\/wp\/v2\/media?parent=148118"}],"wp:term":[{"taxonomy":"category","embeddable":true,"href":"https:\/\/www.mojevrijeme.hr\/magazin\/wp-json\/wp\/v2\/categories?post=148118"},{"taxonomy":"post_tag","embeddable":true,"href":"https:\/\/www.mojevrijeme.hr\/magazin\/wp-json\/wp\/v2\/tags?post=148118"}],"curies":[{"name":"wp","href":"https:\/\/api.w.org\/{rel}","templated":true}]}}