{"id":148152,"date":"2026-01-26T07:28:03","date_gmt":"2026-01-26T06:28:03","guid":{"rendered":"https:\/\/www.mojevrijeme.hr\/magazin\/?p=148152"},"modified":"2026-01-26T07:28:04","modified_gmt":"2026-01-26T06:28:04","slug":"smije-li-policija-traziti-lijecnicki-pregled-samo-zbog-dobi-vozaca-evo-sto-kaze-zakon","status":"publish","type":"post","link":"https:\/\/www.mojevrijeme.hr\/magazin\/2026\/01\/smije-li-policija-traziti-lijecnicki-pregled-samo-zbog-dobi-vozaca-evo-sto-kaze-zakon\/","title":{"rendered":"Smije li policija tra\u017eiti lije\u010dni\u010dki pregled samo zbog dobi voza\u010da? Evo \u0161to ka\u017ee zakon"},"content":{"rendered":"\n<p>Umirovljenica koja \u0107e uskoro napuniti 85 godina \u017eeljela je produ\u017eiti voza\u010dku dozvolu B kategorije. No, iznenadilo ju je kada joj je re\u010deno da mora obaviti zdravstveni pregled. &#8220;U javnim medijima je pisalo, a i Sindikat umirovljenika Hrvatske je objavio, da ne trebam i\u0107i na zdravstveni pregled, ali pri telefonskom upitu slu\u017ebenica Policijske uprave tvrdi da trebam i\u0107i na zdravstveni pregled&#8221;, po\u017ealila se pravnicima <a href=\"http:\/\/suh.hr\" data-type=\"link\" data-id=\"suh.hr\" target=\"_blank\" rel=\"noreferrer noopener\">Sindikata<\/a>.<\/p>\n\n\n\n<p>U Pravnom savjetovali\u0161tu SUH-a podsje\u0107aju da je, prema va\u017ee\u0107em Zakonu o sigurnosti prometa na cestama &#8211; \u010dlankom 222. stavkom 2., odre\u0111eno da je voza\u010d du\u017ean podvrgnuti se zdravstvenom pregledu u nekoliko slu\u010dajeva kod produljenja voza\u010dke dozvole.<\/p>\n\n\n\n<p>Primjerice, kada je obveza zdravstvenog pregleda utvr\u0111ena zdravstvenim uvjerenjem na temelju kojeg je voza\u010dka dozvola izdana ili ako vo\u017enju obavlja u profesionalne svrhe. &#8220;Ako je va\u0161a prethodna voza\u010dka dozvola izdana bez obveze zdravstvenog pregleda pri svakom produljenju voza\u010dke dozvole, tada nije potrebno obavljanje lije\u010dni\u010dkog pregleda&#8221;, ka\u017eu SUH-ovi pravnici.<\/p><div id=\"mojev-1318488192\" class=\"mojev-u-tekstu mojev-entity-placement\" style=\"margin-left: auto;margin-right: auto;text-align: center;\"><div class=\"mojev-adlabel\">oglas<\/div><div style=\"height: 250px;\"><script async src=\"https:\/\/pagead2.googlesyndication.com\/pagead\/js\/adsbygoogle.js?client=ca-pub-8106111766207173\"\r\n     crossorigin=\"anonymous\"><\/script>\r\n<!-- Prikazni 1 u tekstu -->\r\n<ins class=\"adsbygoogle\"\r\n     style=\"display:block\"\r\n     data-ad-client=\"ca-pub-8106111766207173\"\r\n     data-ad-slot=\"8535551207\"\r\n     data-ad-format=\"auto\"\r\n     data-full-width-responsive=\"true\"><\/ins>\r\n<script>\r\n     (adsbygoogle = window.adsbygoogle || []).push({});\r\n<\/script><\/div><\/div><br style=\"clear: both; display: block; float: none;\"\/>\n\n\n\n<p>&#8220;Me\u0111utim, prema \u010dlanku 231. stavak 3. istog Zakona, mogu\u0107i su izvanredni zdravstveni pregledi o kojima odluku donosi policijska uprava na temelju diskrecijske ocjene&#8221;, odgovara SUH. To pak zna\u010di da policija mo\u017ee uputiti voza\u010da na zdravstveni pregled ako opravdano sumnja da zbog zdravstvenih razloga vi\u0161e nije sposoban sigurno upravljati vozilom.<\/p>\n\n\n\n<p>&#8220;Takva pretpostavka je mogu\u0107a i s obzirom na dob voza\u010da makar to nije i ne treba biti izri\u010dito navedeno u pravnom propisu jer to ovisi o ocjeni policijske uprave&#8221;, ka\u017eu u Pravnom savjetovali\u0161tu.<\/p>\n<div id=\"mojev-2352717023\" class=\"mojev-kraj-teksta mojev-entity-placement\" style=\"margin-bottom: 20px;margin-left: auto;margin-right: auto;text-align: center;\"><div class=\"mojev-adlabel\">oglas<\/div><div style=\"height: 250px;\"><script async src=\"https:\/\/pagead2.googlesyndication.com\/pagead\/js\/adsbygoogle.js?client=ca-pub-8106111766207173\"\r\n     crossorigin=\"anonymous\"><\/script>\r\n<!-- Display-1 -->\r\n<ins class=\"adsbygoogle\"\r\n     style=\"display:block\"\r\n     data-ad-client=\"ca-pub-8106111766207173\"\r\n     data-ad-slot=\"1465712950\"\r\n     data-ad-format=\"auto\"\r\n     data-full-width-responsive=\"true\"><\/ins>\r\n<script>\r\n     (adsbygoogle = window.adsbygoogle || []).push({});\r\n<\/script><\/div><\/div>","protected":false},"excerpt":{"rendered":"<p>Umirovljenica pred 85. ro\u0111endan zatra\u017eila je produljenje voza\u010dke dozvole, no policija ju je uputila na zdravstveni pregled, iako je vjerovala da to nije obvezno. Pravnici Sindikata umirovljenika Hrvatske obja\u0161njavaju kada pregled doista nije potreban i u kojim slu\u010dajevima policija ipak mo\u017ee donijeti druk\u010diju odluku.<\/p>\n","protected":false},"author":1,"featured_media":97029,"comment_status":"closed","ping_status":"closed","sticky":false,"template":"","format":"standard","meta":{"footnotes":""},"categories":[9],"tags":[566],"class_list":["post-148152","post","type-post","status-publish","format-standard","has-post-thumbnail","hentry","category-vijesti","tag-vozacka-dozvola"],"_links":{"self":[{"href":"https:\/\/www.mojevrijeme.hr\/magazin\/wp-json\/wp\/v2\/posts\/148152","targetHints":{"allow":["GET"]}}],"collection":[{"href":"https:\/\/www.mojevrijeme.hr\/magazin\/wp-json\/wp\/v2\/posts"}],"about":[{"href":"https:\/\/www.mojevrijeme.hr\/magazin\/wp-json\/wp\/v2\/types\/post"}],"author":[{"embeddable":true,"href":"https:\/\/www.mojevrijeme.hr\/magazin\/wp-json\/wp\/v2\/users\/1"}],"replies":[{"embeddable":true,"href":"https:\/\/www.mojevrijeme.hr\/magazin\/wp-json\/wp\/v2\/comments?post=148152"}],"version-history":[{"count":2,"href":"https:\/\/www.mojevrijeme.hr\/magazin\/wp-json\/wp\/v2\/posts\/148152\/revisions"}],"predecessor-version":[{"id":148154,"href":"https:\/\/www.mojevrijeme.hr\/magazin\/wp-json\/wp\/v2\/posts\/148152\/revisions\/148154"}],"wp:featuredmedia":[{"embeddable":true,"href":"https:\/\/www.mojevrijeme.hr\/magazin\/wp-json\/wp\/v2\/media\/97029"}],"wp:attachment":[{"href":"https:\/\/www.mojevrijeme.hr\/magazin\/wp-json\/wp\/v2\/media?parent=148152"}],"wp:term":[{"taxonomy":"category","embeddable":true,"href":"https:\/\/www.mojevrijeme.hr\/magazin\/wp-json\/wp\/v2\/categories?post=148152"},{"taxonomy":"post_tag","embeddable":true,"href":"https:\/\/www.mojevrijeme.hr\/magazin\/wp-json\/wp\/v2\/tags?post=148152"}],"curies":[{"name":"wp","href":"https:\/\/api.w.org\/{rel}","templated":true}]}}