{"id":148210,"date":"2026-01-27T13:05:01","date_gmt":"2026-01-27T12:05:01","guid":{"rendered":"https:\/\/www.mojevrijeme.hr\/magazin\/?p=148210"},"modified":"2026-03-03T15:07:32","modified_gmt":"2026-03-03T14:07:32","slug":"menopauza-je-prirodna-ali-je-rizicnija-nego-sto-se-dosad-mislilo","status":"publish","type":"post","link":"https:\/\/www.mojevrijeme.hr\/magazin\/2026\/01\/menopauza-je-prirodna-ali-je-rizicnija-nego-sto-se-dosad-mislilo\/","title":{"rendered":"Menopauza je prirodna, ali je rizi\u010dnija nego \u0161to se dosad mislilo"},"content":{"rendered":"\n<p>Menopauza je povezana s promjenama u mozgu sli\u010dnima onima koje se vi\u0111aju kod Alzheimerove bolesti, pokazuje veliko britansko istra\u017eivanje. Gubitak sive tvari u dijelovima mozga zadu\u017eenima za pam\u0107enje i emocije mogao bi djelomi\u010dno objasniti za\u0161to \u017eene u prosjeku imaju ve\u0107i rizik od demencije nego mu\u0161karci.<\/p>\n\n\n\n<p>Istra\u017eivanje je obuhvatilo gotovo 125.000 \u017eena, od kojih je oko 11.000 obavilo magnetsku rezonanciju mozga. Rezultati su objavljeni u znanstvenom \u010dasopisu <em>Psychological Medicine<\/em>. Na\u017ealost, pokazalo se da primjena hormonske nadomjesne terapije (HRT) nije sprije\u010dila gubitak sive tvari.<\/p>\n\n\n\n<p>Profesorica <strong>Barbara Sahakian<\/strong>, voditeljica istra\u017eivanja sa Sveu\u010dili\u0161ta Cambridge, izjavila je da su regije mozga u kojima su uo\u010dene promjene iste one koje su \u010desto zahva\u0107ene Alzheimerovom bole\u0161\u0107u, prenosi BBC. &#8220;Menopauza bi mogla u\u010diniti ove \u017eene ranjivijima kasnije u \u017eivotu. Iako to nije cijela pri\u010da, mo\u017ee pomo\u0107i objasniti za\u0161to gotovo dvostruko vi\u0161e \u017eena nego mu\u0161karaca razvije demenciju&#8221;, rekla je Sahakian.<\/p><div id=\"mojev-3350016702\" class=\"mojev-u-tekstu mojev-entity-placement\" style=\"margin-left: auto;margin-right: auto;text-align: center;\"><div class=\"mojev-adlabel\">oglas<\/div><div style=\"height: 250px;\"><script async src=\"https:\/\/pagead2.googlesyndication.com\/pagead\/js\/adsbygoogle.js?client=ca-pub-8106111766207173\"\r\n     crossorigin=\"anonymous\"><\/script>\r\n<!-- Prikazni 1 u tekstu -->\r\n<ins class=\"adsbygoogle\"\r\n     style=\"display:block\"\r\n     data-ad-client=\"ca-pub-8106111766207173\"\r\n     data-ad-slot=\"8535551207\"\r\n     data-ad-format=\"auto\"\r\n     data-full-width-responsive=\"true\"><\/ins>\r\n<script>\r\n     (adsbygoogle = window.adsbygoogle || []).push({});\r\n<\/script><\/div><\/div><br style=\"clear: both; display: block; float: none;\"\/>\n\n\n\n<p>Promjene u mozgu zabilje\u017eene su u hipokampusu, podru\u010dju klju\u010dnom za u\u010denje i pam\u0107enje, te entorinalnom korteksu va\u017enom za stvaranje sje\u0107anja i prostornu orijentaciju. Uz to, zahva\u0107en je i prednji cingularni korteks koji sudjeluje u koncentraciji i regulaciji emocija.<\/p>\n\n\n\n<h2 class=\"wp-block-heading\">\u0160to je siva tvar?<\/h2>\n\n\n\n<p>Siva i bijela tvar zajedno \u010dine osnovnu strukturu mozga i le\u0111ne mo\u017edine. Siva tvar sastoji se od tijela \u017eiv\u010danih stanica i njihovih dendrita, dok bijelu tvar \u010dine dugi aksoni koji prenose \u017eiv\u010dane impulse prema udaljenijim dijelovima mozga i le\u0111ne mo\u017edine.<\/p>\n\n\n\n<p>Profesor <strong>Channa Jayasena<\/strong>, stru\u010dnjak za hormone, istaknuo je da se o u\u010dinku hormonske nadomjesne terapije na zdravlje mozga u menopauzi i dalje raspravlja. &#8220;Starija klini\u010dka ispitivanja, poput istra\u017eivanja <em>Women\u2019s Health Initiative<\/em>, nisu dala kona\u010dne odgovore. No rije\u010d je o va\u017enom zdravstvenom pitanju koje poga\u0111a milijune \u017eena u Ujedinjenom Kraljevstvu i zaslu\u017euje dodatnu pa\u017enju&#8221;, rekao je ovaj znanstvenik \u010dija je mati\u010dna institucija <em>Imperial College London<\/em>. <\/p>\n\n\n\n<p><strong>Michelle Dyson<\/strong> iz <strong>Alzheimerovog udru\u017eenja <\/strong>navela je da \u017eene \u010dine oko dvije tre\u0107ine osoba koje u Ujedinjenom Kraljevstvu \u017eive s Alzheimerovom bole\u0161\u0107u. &#8220;Iako jo\u0161 uvijek ne razumijemo u potpunosti za\u0161to su \u017eene osjetljivije od mu\u0161karaca, smatra se da hormoni imaju va\u017enu ulogu&#8221;, rekla je za BBC.<\/p>\n\n\n\n<p>Dodala je da ovo veliko istra\u017eivanje pridonosi dokazima o tome kako menopauza utje\u010de na mozak, uklju\u010duju\u0107i fizi\u010dke promjene poput smanjenja volumena mozga. No upozorila je da bez dugotrajnog pra\u0107enja sudionica nije mogu\u0107e sa sigurno\u0161\u0107u tvrditi da ove promjene nu\u017eno pove\u0107avaju rizik od demencije. <\/p>\n\n\n\n<p>Dyson je naglasila da redovita tjelesna aktivnost, nepu\u0161enje i ograni\u010davanje unosa alkohola mogu smanjiti rizik od razvoja demencije.<\/p>\n<div id=\"mojev-256087426\" class=\"mojev-kraj-teksta mojev-entity-placement\" style=\"margin-bottom: 20px;margin-left: auto;margin-right: auto;text-align: center;\"><div class=\"mojev-adlabel\">oglas<\/div><div style=\"height: 250px;\"><script async src=\"https:\/\/pagead2.googlesyndication.com\/pagead\/js\/adsbygoogle.js?client=ca-pub-8106111766207173\"\r\n     crossorigin=\"anonymous\"><\/script>\r\n<!-- Display-1 -->\r\n<ins class=\"adsbygoogle\"\r\n     style=\"display:block\"\r\n     data-ad-client=\"ca-pub-8106111766207173\"\r\n     data-ad-slot=\"1465712950\"\r\n     data-ad-format=\"auto\"\r\n     data-full-width-responsive=\"true\"><\/ins>\r\n<script>\r\n     (adsbygoogle = window.adsbygoogle || []).push({});\r\n<\/script><\/div><\/div>","protected":false},"excerpt":{"rendered":"<p>Menopauza je povezana s promjenama u mozgu sli\u010dnima onima kod Alzheimerove bolesti, pokazuje veliko britansko istra\u017eivanje. Znanstvenici upozoravaju na gubitak sive tvari u regijama va\u017enima za pam\u0107enje i emocije, dok hormonska terapija nije pokazala za\u0161titni u\u010dinak.<\/p>\n","protected":false},"author":1,"featured_media":115602,"comment_status":"closed","ping_status":"closed","sticky":false,"template":"","format":"standard","meta":{"footnotes":""},"categories":[3],"tags":[287,214],"class_list":["post-148210","post","type-post","status-publish","format-standard","has-post-thumbnail","hentry","category-zdravlje","tag-menopauza","tag-mozak"],"_links":{"self":[{"href":"https:\/\/www.mojevrijeme.hr\/magazin\/wp-json\/wp\/v2\/posts\/148210","targetHints":{"allow":["GET"]}}],"collection":[{"href":"https:\/\/www.mojevrijeme.hr\/magazin\/wp-json\/wp\/v2\/posts"}],"about":[{"href":"https:\/\/www.mojevrijeme.hr\/magazin\/wp-json\/wp\/v2\/types\/post"}],"author":[{"embeddable":true,"href":"https:\/\/www.mojevrijeme.hr\/magazin\/wp-json\/wp\/v2\/users\/1"}],"replies":[{"embeddable":true,"href":"https:\/\/www.mojevrijeme.hr\/magazin\/wp-json\/wp\/v2\/comments?post=148210"}],"version-history":[{"count":2,"href":"https:\/\/www.mojevrijeme.hr\/magazin\/wp-json\/wp\/v2\/posts\/148210\/revisions"}],"predecessor-version":[{"id":148212,"href":"https:\/\/www.mojevrijeme.hr\/magazin\/wp-json\/wp\/v2\/posts\/148210\/revisions\/148212"}],"wp:featuredmedia":[{"embeddable":true,"href":"https:\/\/www.mojevrijeme.hr\/magazin\/wp-json\/wp\/v2\/media\/115602"}],"wp:attachment":[{"href":"https:\/\/www.mojevrijeme.hr\/magazin\/wp-json\/wp\/v2\/media?parent=148210"}],"wp:term":[{"taxonomy":"category","embeddable":true,"href":"https:\/\/www.mojevrijeme.hr\/magazin\/wp-json\/wp\/v2\/categories?post=148210"},{"taxonomy":"post_tag","embeddable":true,"href":"https:\/\/www.mojevrijeme.hr\/magazin\/wp-json\/wp\/v2\/tags?post=148210"}],"curies":[{"name":"wp","href":"https:\/\/api.w.org\/{rel}","templated":true}]}}