{"id":148246,"date":"2026-01-28T11:20:36","date_gmt":"2026-01-28T10:20:36","guid":{"rendered":"https:\/\/www.mojevrijeme.hr\/magazin\/?p=148246"},"modified":"2026-01-28T11:21:42","modified_gmt":"2026-01-28T10:21:42","slug":"orban-besramno-huska-ostat-cete-bez-mirovine-zbog-pomoci-ukrajini","status":"publish","type":"post","link":"https:\/\/www.mojevrijeme.hr\/magazin\/2026\/01\/orban-besramno-huska-ostat-cete-bez-mirovine-zbog-pomoci-ukrajini\/","title":{"rendered":"Orban hu\u0161ka umirovljenike: Ostat \u0107ete bez mirovine zbog pomo\u0107i Ukrajini"},"content":{"rendered":"\n<p>Vladaju\u0107a koalicija ma\u0111arskog premijera <strong>Viktor Orbana <\/strong>pokrenula je ovoga mjeseca peticiju kojom poziva bira\u010de da se usprotive bilo kakvoj daljnjoj financijskoj potpori obrani Ukrajine. Obrasci \u0107e bira\u010dima biti poslani po\u0161tom, a trebaju se vratiti do 23. o\u017eujka, uo\u010di parlamentarnih izbora zakazanih za 12. travnja. Naime, Orbanov <strong>Fidesz<\/strong> prvi put nakon 2006. godine suo\u010dava s realnom mogu\u0107no\u0161\u0107u gubitka vlasti.<\/p>\n\n\n\n<p>Peticija je izravno usmjerena protiv europskog financiranja Kijeva i otvara pitanje \u010dlanstva Ukrajine u Europskoj uniji. Predsjednik <strong>Volodimir Zelenski<\/strong> zatra\u017eio je da se proces pribli\u017eavanja EU-u ubrza barem na tehni\u010dkoj razini do 2027. godine, no Orban tvrdi da bi to, u slu\u010daju punopravnog \u010dlanstva, zna\u010dilo dodatnih 800 milijardi dolara potpore Ukrajini.<\/p>\n\n\n\n<p>Vizual peticije koju \u0161alje gra\u0111anima dodatno poja\u010dava poruku: Zelenski je prikazan s ispru\u017eenom rukom, dok predsjednica Europske komisije <strong>Ursula von der Leyen<\/strong> i \u010delnik Europske pu\u010dke stranke <strong>Manfred Weber<\/strong> sugeriraju gra\u0111anima da mu daju novac.<\/p><div id=\"mojev-2611260013\" class=\"mojev-u-tekstu mojev-entity-placement\" style=\"margin-left: auto;margin-right: auto;text-align: center;\"><div class=\"mojev-adlabel\">oglas<\/div><div style=\"height: 250px;\"><script async src=\"https:\/\/pagead2.googlesyndication.com\/pagead\/js\/adsbygoogle.js?client=ca-pub-8106111766207173\"\r\n     crossorigin=\"anonymous\"><\/script>\r\n<!-- Prikazni 1 u tekstu -->\r\n<ins class=\"adsbygoogle\"\r\n     style=\"display:block\"\r\n     data-ad-client=\"ca-pub-8106111766207173\"\r\n     data-ad-slot=\"8535551207\"\r\n     data-ad-format=\"auto\"\r\n     data-full-width-responsive=\"true\"><\/ins>\r\n<script>\r\n     (adsbygoogle = window.adsbygoogle || []).push({});\r\n<\/script><\/div><\/div><br style=\"clear: both; display: block; float: none;\"\/>\n\n\n\n<p>U tekstu peticije tvrdi se da Bruxelles ne planira samo slati oru\u017eje, nego da je odlu\u010dio u\u0107i u rat na strani Ukrajine, uz poruku da \u0107e Europljani, uklju\u010duju\u0107i Ma\u0111are, platiti tro\u0161kove rata. Ma\u0111arska vlada tako\u0111er poru\u010duje da Bruxelles skriva o\u010ditu \u010dinjenicu da Ukrajina nikada ne\u0107e vratiti stotine milijardi eura pomo\u0107i.<\/p>\n\n\n\n<p>Orban ide i korak dalje: zastra\u0161uje mirovljenike koji u prosjeku primaju petstotinjak eura mirovine. Tvrdi da bi Ma\u0111ari mogli ostati bez 13. i 14. mirovine, suo\u010diti se s vi\u0161im porezima i gubitkom subvencioniranih cijena energenata, ako se bude pomagalo Ukrajini. U peticiji se od gra\u0111ana tra\u017ei da ozna\u010de tri tvrdnje: da su protiv daljnjeg financiranja rusko-ukrajinskog rata, protiv pla\u0107anja funkcioniranja ukrajinske dr\u017eave sljede\u0107ih deset godina te protiv rasta cijena re\u017eija zbog rata.<\/p>\n\n\n\n<p>U isto vrijeme, Budimpe\u0161ta nastavlja energetske i poslovne aran\u017emane s Rusijom: ruski <strong>Gazprom<\/strong> dogovorio je prodaju ve\u0107inskog udjela u srpskoj naftnoj industriji ma\u0111arskom <strong>MOL<\/strong>-u, uz \u010dekanje odobrenja ameri\u010dkog Ureda za sankcije. Kriti\u010dari u tome vide dodatni dokaz dvostruke politike Budimpe\u0161te: s jedne strane kampanju protiv pomo\u0107i Ukrajini, a s druge odr\u017eavanje bliskih veza s Moskvom.<\/p>\n\n\n\n<p>Ukrajinski ministar vanjskih poslova <strong>Andrii Sybiha<\/strong> odgovorio je da je ma\u0111arski premijer ne samo prijetnja \u010dlanstvu Ukrajine u EU-u, nego i prijetnja vlastitim gra\u0111anima, dodaju\u0107i da je Ma\u0111arska trenuta\u010dno jedina prepreka europskom putu Ukrajine.<\/p>\n<div id=\"mojev-712289901\" class=\"mojev-kraj-teksta mojev-entity-placement\" style=\"margin-bottom: 20px;margin-left: auto;margin-right: auto;text-align: center;\"><div class=\"mojev-adlabel\">oglas<\/div><div style=\"height: 250px;\"><script async src=\"https:\/\/pagead2.googlesyndication.com\/pagead\/js\/adsbygoogle.js?client=ca-pub-8106111766207173\"\r\n     crossorigin=\"anonymous\"><\/script>\r\n<!-- Display-1 -->\r\n<ins class=\"adsbygoogle\"\r\n     style=\"display:block\"\r\n     data-ad-client=\"ca-pub-8106111766207173\"\r\n     data-ad-slot=\"1465712950\"\r\n     data-ad-format=\"auto\"\r\n     data-full-width-responsive=\"true\"><\/ins>\r\n<script>\r\n     (adsbygoogle = window.adsbygoogle || []).push({});\r\n<\/script><\/div><\/div>","protected":false},"excerpt":{"rendered":"<p>Prijatelj hrvatskog predsjednika Zorana Milanovi\u0107a odlu\u010dio se poslu\u017eiti siroma\u0161tvom i strahovima ma\u0111arskih umirovljenika, a kako bi jo\u0161 jednom osvojio vlast i dodatno se dodvorio Moskvi.<\/p>\n","protected":false},"author":1,"featured_media":143987,"comment_status":"closed","ping_status":"closed","sticky":false,"template":"","format":"standard","meta":{"footnotes":""},"categories":[9],"tags":[1942,4838],"class_list":["post-148246","post","type-post","status-publish","format-standard","has-post-thumbnail","hentry","category-vijesti","tag-ukrajina","tag-viktor-orban"],"_links":{"self":[{"href":"https:\/\/www.mojevrijeme.hr\/magazin\/wp-json\/wp\/v2\/posts\/148246","targetHints":{"allow":["GET"]}}],"collection":[{"href":"https:\/\/www.mojevrijeme.hr\/magazin\/wp-json\/wp\/v2\/posts"}],"about":[{"href":"https:\/\/www.mojevrijeme.hr\/magazin\/wp-json\/wp\/v2\/types\/post"}],"author":[{"embeddable":true,"href":"https:\/\/www.mojevrijeme.hr\/magazin\/wp-json\/wp\/v2\/users\/1"}],"replies":[{"embeddable":true,"href":"https:\/\/www.mojevrijeme.hr\/magazin\/wp-json\/wp\/v2\/comments?post=148246"}],"version-history":[{"count":8,"href":"https:\/\/www.mojevrijeme.hr\/magazin\/wp-json\/wp\/v2\/posts\/148246\/revisions"}],"predecessor-version":[{"id":148254,"href":"https:\/\/www.mojevrijeme.hr\/magazin\/wp-json\/wp\/v2\/posts\/148246\/revisions\/148254"}],"wp:featuredmedia":[{"embeddable":true,"href":"https:\/\/www.mojevrijeme.hr\/magazin\/wp-json\/wp\/v2\/media\/143987"}],"wp:attachment":[{"href":"https:\/\/www.mojevrijeme.hr\/magazin\/wp-json\/wp\/v2\/media?parent=148246"}],"wp:term":[{"taxonomy":"category","embeddable":true,"href":"https:\/\/www.mojevrijeme.hr\/magazin\/wp-json\/wp\/v2\/categories?post=148246"},{"taxonomy":"post_tag","embeddable":true,"href":"https:\/\/www.mojevrijeme.hr\/magazin\/wp-json\/wp\/v2\/tags?post=148246"}],"curies":[{"name":"wp","href":"https:\/\/api.w.org\/{rel}","templated":true}]}}