{"id":148257,"date":"2026-01-28T13:06:41","date_gmt":"2026-01-28T12:06:41","guid":{"rendered":"https:\/\/www.mojevrijeme.hr\/magazin\/?p=148257"},"modified":"2026-01-28T13:12:59","modified_gmt":"2026-01-28T12:12:59","slug":"jura-mala-mirovina-ubija-mi-domoljublje-hrvatstvo-me-vise-ne-veseli","status":"publish","type":"post","link":"https:\/\/www.mojevrijeme.hr\/magazin\/2026\/01\/jura-mala-mirovina-ubija-mi-domoljublje-hrvatstvo-me-vise-ne-veseli\/","title":{"rendered":"Jura: Mala mirovina ubija mi domoljublje, hrvatstvo me vi\u0161e ne veseli"},"content":{"rendered":"\n<p>&#8220;Borili smo se za Hrvatsku, a danas imamo mirovine manje nego \u0161to su ih imali na\u0161i stari u jugokomunisti\u010dkom re\u017eimu.&#8221; Tvrdnja je to koju \u010desto slu\u0161amo u razli\u010ditim raspravama, ali i u svjedo\u010denjima na\u0161ih \u010ditatelja koji ka\u017eu da im se starost pretvorila u golo razo\u010daranje. Jer izda\u0161na mirovina u kojoj \u0107e osun\u010dani i sretni dokoli\u010dariti pod hrvatskim barjakom, \u010dini se, bila je samo pusti sanak.<\/p>\n\n\n\n<h2 class=\"wp-block-heading\">27 godina odgovornog rada<\/h2>\n\n\n\n<p>Tako nam umirovljenik <strong>Jura<\/strong> pi\u0161e da nije zadovoljan obra\u010dunom mirovine i da zbog toga ima manje ljubavi prema Hrvatskoj. &#8220;Vlada je lopovski odre\u0111ivanjem moje mirovine ubila moje domoljublje&#8221;, doslovno ka\u017ee. Kako nam obrazla\u017ee ovaj rezignirani umirovljenik, \u010detiri je godine sudjelovao u Domovinskom ratu, a 27 godina je radio u prosvjeti pri \u010demu je zadnjih 10 godina imao status mentora i u\u010ditelja savjetnika. &#8220;Pla\u0107a mi je uvijek bila iznad prosjeka&#8221;, dodaje.<\/p>\n\n\n\n<p>&#8220;Po banditskim pravilima odre\u0111ena mi je mirovina od 498 eura. Zbog toga danas Vladu RH do\u017eivljavam kao lopovsku. Sve hrvatsko \u0161to me je veselilo, danas me vi\u0161e ne interesira. Lopovluk se uvukao u sve pore dru\u0161tva i malo je nade da \u0107e se ne\u0161to po\u0161teno u\u010diniti&#8221;, zaklju\u010duje.<\/p><div id=\"mojev-2690974151\" class=\"mojev-u-tekstu mojev-entity-placement\" style=\"margin-left: auto;margin-right: auto;text-align: center;\"><div class=\"mojev-adlabel\">oglas<\/div><div style=\"height: 250px;\"><script async src=\"https:\/\/pagead2.googlesyndication.com\/pagead\/js\/adsbygoogle.js?client=ca-pub-8106111766207173\"\r\n     crossorigin=\"anonymous\"><\/script>\r\n<!-- Prikazni 1 u tekstu -->\r\n<ins class=\"adsbygoogle\"\r\n     style=\"display:block\"\r\n     data-ad-client=\"ca-pub-8106111766207173\"\r\n     data-ad-slot=\"8535551207\"\r\n     data-ad-format=\"auto\"\r\n     data-full-width-responsive=\"true\"><\/ins>\r\n<script>\r\n     (adsbygoogle = window.adsbygoogle || []).push({});\r\n<\/script><\/div><\/div><br style=\"clear: both; display: block; float: none;\"\/>\n\n\n\n<h2 class=\"wp-block-heading\">Negativna selekcija u \u0161kolstvu<\/h2>\n\n\n\n<p>I \u010ditatelj koji se predstavio pseudonoimom <strong>Idealist<\/strong> nije zadovoljan ni mirovinom ni dr\u017eavom u koju se Hrvatska pretvorila. &#8220;Radio sam u obrazovanju 40 godina. Prvo kao profesor 17 godina, a nakon toga kao ravnatelj 23 godine&#8221;, navodi. <\/p>\n\n\n\n<p>To je, dodaje, odgovoran posao, budu\u0107i da je upravljao s vi\u0161e od stotinu zaposlenih i preko tisu\u0107u u\u010denika svake godine. &#8220;Dr\u017eava si je redovito uzimala poreze i doprinose iz pla\u0107e i na pla\u0107u. Va\u017ena je \u010dinjenica da sam na bolovanju bio samo pet dana i to zbog operacije prije 25 godina&#8221;, nastavlja. Danas mu je mirovina ne\u0161to iznad prosjeka za 40 i vi\u0161e godina sta\u017ea: pukih 1.045 eura.<\/p>\n\n\n\n<p>&#8220;Zamislite cinizma, dr\u017eava mi od toga uzme 40 eura poreza. Zbog svega me ne \u010dudi \u0161to danas gotovo nitko ne \u017eeli raditi u prosvjeti, natezati se s roditeljima, u\u010denicima i kojekakvim inspekcijama. Negativna selekcija uru\u0161iti \u0107e kvalitetu obrazovanja i to \u0107e biti zadnji \u010davao u lijesu na\u0161eg dru\u0161tva u cjelini. I za kraj, moj kolega koji je radio u nastavi 41 godinu ima mirovinu 840 Eura. Pametnom dosta zar ne?&#8221; zaklju\u010duje jo\u0161 jedan umirovljeni prosvjetni radnik.<\/p>\n\n\n\n<div id=\"crveno\"><\/p>\n\n\n\n<h3 class=\"wp-block-heading\">Zanima nas va\u0161a pri\u010da<\/h3>\n\n\n\n<p>\u017delite li i vi, posve anonimno, podijeliti svoje iskustvo i vi\u0111enje ove teme s nama i na\u0161im \u010ditateljima, mo\u017eete to u\u010diniti putem web obrasca <a rel=\"noreferrer noopener\" href=\"https:\/\/www.mojevrijeme.hr\/magazin\/povjerljivo\/\" target=\"_blank\">Povjerljivo<\/a>. Napi\u0161ite svoju pri\u010du!<\/p>\n\n\n\n<p><\/div>\n<div id=\"mojev-1571062883\" class=\"mojev-kraj-teksta mojev-entity-placement\" style=\"margin-bottom: 20px;margin-left: auto;margin-right: auto;text-align: center;\"><div class=\"mojev-adlabel\">oglas<\/div><div style=\"height: 250px;\"><script async src=\"https:\/\/pagead2.googlesyndication.com\/pagead\/js\/adsbygoogle.js?client=ca-pub-8106111766207173\"\r\n     crossorigin=\"anonymous\"><\/script>\r\n<!-- Display-1 -->\r\n<ins class=\"adsbygoogle\"\r\n     style=\"display:block\"\r\n     data-ad-client=\"ca-pub-8106111766207173\"\r\n     data-ad-slot=\"1465712950\"\r\n     data-ad-format=\"auto\"\r\n     data-full-width-responsive=\"true\"><\/ins>\r\n<script>\r\n     (adsbygoogle = window.adsbygoogle || []).push({});\r\n<\/script><\/div><\/div>","protected":false},"excerpt":{"rendered":"<p>Dva umirovljena prosvjetna radnika, oba s desetlje\u0107ima sta\u017ea, svjedo\u010de o razo\u010daranju mirovinom i dr\u017eavom. Obojica tvrde da ih je sustav kaznio, a ne nagradio, te upozoravaju da \u0107e takav odnos prema prosvjeti dugoro\u010dno uru\u0161iti i obrazovanje i dru\u0161tvo.<\/p>\n","protected":false},"author":1,"featured_media":148271,"comment_status":"closed","ping_status":"closed","sticky":false,"template":"","format":"standard","meta":{"footnotes":""},"categories":[9],"tags":[1329,957,236],"class_list":["post-148257","post","type-post","status-publish","format-standard","has-post-thumbnail","hentry","category-vijesti","tag-domoljublje","tag-mirovina","tag-standard"],"_links":{"self":[{"href":"https:\/\/www.mojevrijeme.hr\/magazin\/wp-json\/wp\/v2\/posts\/148257","targetHints":{"allow":["GET"]}}],"collection":[{"href":"https:\/\/www.mojevrijeme.hr\/magazin\/wp-json\/wp\/v2\/posts"}],"about":[{"href":"https:\/\/www.mojevrijeme.hr\/magazin\/wp-json\/wp\/v2\/types\/post"}],"author":[{"embeddable":true,"href":"https:\/\/www.mojevrijeme.hr\/magazin\/wp-json\/wp\/v2\/users\/1"}],"replies":[{"embeddable":true,"href":"https:\/\/www.mojevrijeme.hr\/magazin\/wp-json\/wp\/v2\/comments?post=148257"}],"version-history":[{"count":24,"href":"https:\/\/www.mojevrijeme.hr\/magazin\/wp-json\/wp\/v2\/posts\/148257\/revisions"}],"predecessor-version":[{"id":148283,"href":"https:\/\/www.mojevrijeme.hr\/magazin\/wp-json\/wp\/v2\/posts\/148257\/revisions\/148283"}],"wp:featuredmedia":[{"embeddable":true,"href":"https:\/\/www.mojevrijeme.hr\/magazin\/wp-json\/wp\/v2\/media\/148271"}],"wp:attachment":[{"href":"https:\/\/www.mojevrijeme.hr\/magazin\/wp-json\/wp\/v2\/media?parent=148257"}],"wp:term":[{"taxonomy":"category","embeddable":true,"href":"https:\/\/www.mojevrijeme.hr\/magazin\/wp-json\/wp\/v2\/categories?post=148257"},{"taxonomy":"post_tag","embeddable":true,"href":"https:\/\/www.mojevrijeme.hr\/magazin\/wp-json\/wp\/v2\/tags?post=148257"}],"curies":[{"name":"wp","href":"https:\/\/api.w.org\/{rel}","templated":true}]}}