{"id":148290,"date":"2026-01-28T18:14:42","date_gmt":"2026-01-28T17:14:42","guid":{"rendered":"https:\/\/www.mojevrijeme.hr\/magazin\/?p=148290"},"modified":"2026-01-28T20:06:31","modified_gmt":"2026-01-28T19:06:31","slug":"besplatne-radionice-terapijskog-pisanja-u-dubravi-s-aidom-bagic","status":"publish","type":"post","link":"https:\/\/www.mojevrijeme.hr\/magazin\/2026\/01\/besplatne-radionice-terapijskog-pisanja-u-dubravi-s-aidom-bagic\/","title":{"rendered":"Besplatne radionice terapijskog pisanja s Aidom Bagi\u0107"},"content":{"rendered":"\n<p>Centar kulture Dubrava i Aida Bagi\u0107 pozivaju vas na upis u besplatnu radionicu terapijskog pisanja i tjelesno orijentirane psihoterapije koja \u0107e se u 6 susreta odr\u017eati u velja\u010di i o\u017eujku 2026. godine u sklopu programa Vesnina Dubrava.<\/p>\n\n\n\n<p>Ovi susreti zami\u0161ljeni su kao putovanje prema dubljem razumijevanju vlastitog tijela, emocija i unutarnjeg svijeta. Povezivanjem tjelesno orijentirane psihoterapije i terapijskog pisanja na svakom susretu otvaramo prostor za svjesno istra\u017eivanje osje\u0107aja i oslu\u0161kivanje tijela. Jednostavnim vje\u017ebama disanja, pokreta i osvje\u0161tavanja tjelesnih senzacija otkrivamo gdje se emocije, stres i potisnuti sadr\u017eaji zadr\u017eavaju te kako ih mo\u017eemo osloboditi. Svjesni pokret i dah vode nas u istra\u017eivanju unutarnjeg iskustva, poma\u017eu nam prepoznati i izraziti ono \u0161to \u010duvamo neizre\u010deno ili skriveno u tijelu.<\/p>\n\n\n\n<p>Istodobno s osvje\u0161tavanjem tjelesnog iskustva zapisujemo svoje osje\u0107aje i misli, budimo sje\u0107anja, susre\u0107emo svoje strahove, nade i o\u010dekivanja. Pisanje postaje most izme\u0111u tijela i uma \u2013 na\u010din da oblikujemo i integriramo svoja iskustva, da razjasnimo osje\u0107aje i omogu\u0107imo im prostor za izra\u017eavanje. Tijekom susreta mo\u017eda \u0107emo napisati pismo sebi ili nekom drugom, prona\u0107i vlastitu pjesmu, zapo\u010deti novu pri\u010du ili se naprosto poigrati rije\u010dima i simbolima koji oblikuju na\u0161 unutarnji krajolik.<\/p><div id=\"mojev-3602460859\" class=\"mojev-u-tekstu mojev-entity-placement\" style=\"margin-left: auto;margin-right: auto;text-align: center;\"><div class=\"mojev-adlabel\">oglas<\/div><div style=\"height: 250px;\"><script async src=\"https:\/\/pagead2.googlesyndication.com\/pagead\/js\/adsbygoogle.js?client=ca-pub-8106111766207173\"\r\n     crossorigin=\"anonymous\"><\/script>\r\n<!-- Prikazni 1 u tekstu -->\r\n<ins class=\"adsbygoogle\"\r\n     style=\"display:block\"\r\n     data-ad-client=\"ca-pub-8106111766207173\"\r\n     data-ad-slot=\"8535551207\"\r\n     data-ad-format=\"auto\"\r\n     data-full-width-responsive=\"true\"><\/ins>\r\n<script>\r\n     (adsbygoogle = window.adsbygoogle || []).push({});\r\n<\/script><\/div><\/div><br style=\"clear: both; display: block; float: none;\"\/>\n\n\n\n<p>Ciklus \u201eRazgovori s tijelom\u201d namijenjen je svima koji \u017eele: dublje razumjeti povezanost tijela, emocija i misli, istra\u017eiti kako disanje, pokret i tjelesna svjesnost poti\u010du kreativni izraz, upotrebljavati pisanje kao alat za istra\u017eivanje unutarnjih iskustava, otvoriti prostor za igru, izra\u017eavanje i osobni rast, osloboditi svoju emocionalnu energiju i transformirati je u novi oblik.<\/p>\n\n\n\n<p>Svaki susret osmi\u0161ljen je proces samootkrivanja i integracije. Tijelo i ruka, dah i rije\u010d zajedno stvaraju prostor u kojem istra\u017eujemo svoju kreativnost, povezujemo se sa sobom i s drugima i otkrivamo nove na\u010dine izra\u017eavanja koji podupiru emocionalnu ravnote\u017eu i osobni razvoj.<\/p>\n\n\n\n<p>Svaki od \u0161est susreta trajat \u0107e 90 minuta, a odr\u017eavat \u0107e se subotom dopodne 7., 14. i 21. velja\u010de te 7.m 14. i 21. o\u017eujka 2026. Prijaviti se mo\u017eete <strong><a href=\"https:\/\/forms.gle\/juWkJvt2mqNR3qu27\" target=\"_blank\" rel=\"noreferrer noopener\">putem obrasca na ovoj poveznici<\/a>.<\/strong><\/p>\n\n\n\n<p>Aida Bagi\u0107 pjesnikinja je, prozaistica i terapeutkinja. Diplomirala je op\u0107u lingvistiku i filozofiju u Zagrebu, a magistrirala politi\u010dke znanosti u SAD-u. Sudjelovala je u brojnim feministi\u010dkim i mirovnim inicijativama. Vodi radionice kreativnog pisanja i radi kao savjetodavna terapeutkinja. Objavila je tri zbirke poezije: Ako se zovem Sylvia, Tijela su laka meta i Nizvodno, rijekama te zbirke kratkih proza Znam li ja gdje \u017eivim i #otvoreniprozor. Njezini su tekstovi prevedeni na vi\u0161e jezika i uvr\u0161teni u regionalne antologije.<\/p>\n<div id=\"mojev-2572588422\" class=\"mojev-kraj-teksta mojev-entity-placement\" style=\"margin-bottom: 20px;margin-left: auto;margin-right: auto;text-align: center;\"><div class=\"mojev-adlabel\">oglas<\/div><div style=\"height: 250px;\"><script async src=\"https:\/\/pagead2.googlesyndication.com\/pagead\/js\/adsbygoogle.js?client=ca-pub-8106111766207173\"\r\n     crossorigin=\"anonymous\"><\/script>\r\n<!-- Display-1 -->\r\n<ins class=\"adsbygoogle\"\r\n     style=\"display:block\"\r\n     data-ad-client=\"ca-pub-8106111766207173\"\r\n     data-ad-slot=\"1465712950\"\r\n     data-ad-format=\"auto\"\r\n     data-full-width-responsive=\"true\"><\/ins>\r\n<script>\r\n     (adsbygoogle = window.adsbygoogle || []).push({});\r\n<\/script><\/div><\/div>","protected":false},"excerpt":{"rendered":"<p>Tijekom susreta mo\u017eda \u0107emo napisati pismo sebi ili nekom drugom, prona\u0107i vlastitu pjesmu, zapo\u010deti novu pri\u010du ili se naprosto poigrati rije\u010dima i simbolima koji oblikuju na\u0161 unutarnji krajolik.<\/p>\n","protected":false},"author":1,"featured_media":52574,"comment_status":"closed","ping_status":"closed","sticky":false,"template":"","format":"standard","meta":{"footnotes":""},"categories":[9],"tags":[2880,206,39],"class_list":["post-148290","post","type-post","status-publish","format-standard","has-post-thumbnail","hentry","category-vijesti","tag-aida-bagic","tag-radionice","tag-zagreb"],"_links":{"self":[{"href":"https:\/\/www.mojevrijeme.hr\/magazin\/wp-json\/wp\/v2\/posts\/148290","targetHints":{"allow":["GET"]}}],"collection":[{"href":"https:\/\/www.mojevrijeme.hr\/magazin\/wp-json\/wp\/v2\/posts"}],"about":[{"href":"https:\/\/www.mojevrijeme.hr\/magazin\/wp-json\/wp\/v2\/types\/post"}],"author":[{"embeddable":true,"href":"https:\/\/www.mojevrijeme.hr\/magazin\/wp-json\/wp\/v2\/users\/1"}],"replies":[{"embeddable":true,"href":"https:\/\/www.mojevrijeme.hr\/magazin\/wp-json\/wp\/v2\/comments?post=148290"}],"version-history":[{"count":3,"href":"https:\/\/www.mojevrijeme.hr\/magazin\/wp-json\/wp\/v2\/posts\/148290\/revisions"}],"predecessor-version":[{"id":148305,"href":"https:\/\/www.mojevrijeme.hr\/magazin\/wp-json\/wp\/v2\/posts\/148290\/revisions\/148305"}],"wp:featuredmedia":[{"embeddable":true,"href":"https:\/\/www.mojevrijeme.hr\/magazin\/wp-json\/wp\/v2\/media\/52574"}],"wp:attachment":[{"href":"https:\/\/www.mojevrijeme.hr\/magazin\/wp-json\/wp\/v2\/media?parent=148290"}],"wp:term":[{"taxonomy":"category","embeddable":true,"href":"https:\/\/www.mojevrijeme.hr\/magazin\/wp-json\/wp\/v2\/categories?post=148290"},{"taxonomy":"post_tag","embeddable":true,"href":"https:\/\/www.mojevrijeme.hr\/magazin\/wp-json\/wp\/v2\/tags?post=148290"}],"curies":[{"name":"wp","href":"https:\/\/api.w.org\/{rel}","templated":true}]}}