{"id":148323,"date":"2026-01-29T10:49:55","date_gmt":"2026-01-29T09:49:55","guid":{"rendered":"https:\/\/www.mojevrijeme.hr\/magazin\/?p=148323"},"modified":"2026-01-29T11:15:36","modified_gmt":"2026-01-29T10:15:36","slug":"ivan-35-otvoreno-ne-zelim-doprinosima-financirati-umirovljenike","status":"publish","type":"post","link":"https:\/\/www.mojevrijeme.hr\/magazin\/2026\/01\/ivan-35-otvoreno-ne-zelim-doprinosima-financirati-umirovljenike\/","title":{"rendered":"Ivan (35) otvoreno: Ne \u017eelim doprinosima financirati umirovljenike"},"content":{"rendered":"\n<p>Europa ubrzano stari i \u010dini se da sve europske dr\u017eave samo prolongiraju kolaps mirovinskog sustava koji je zasnovan na pretpostavci vi\u0161estruko ve\u0107eg broja radnika u odnosu na umirovljenike. U Hrvatskoj, primjerice, na jednog umirovljenika dolazi tek 1,4 radnika koji doprinosima trebaju pokriti jednu ispla\u0107enu mirovinu.<\/p>\n\n\n\n<p>Rje\u0161enje je, ka\u017eu stru\u010dnjaci, u kombiniranju provostupnog <em>pay-as-you-go<\/em> osiguranja, u kojem radnici financiraju aktualne mirovine, i raznih mirovinskih proizvoda. Prevedeno, dr\u017eavna mirovina ide u smjeru socijalne pomo\u0107i, dok \u0107e sve ostalo biti prepu\u0161teno radnicima. Oni koji budu imali dovoljno mudrosti, ali i pla\u0107e koje to mogu podnijeti, morat \u0107e pla\u0107ati dodatna mirovinska osiguranja i \u0161tednje koje \u0107e im u mirovini omogu\u0107iti dr\u017eanje glave nad vodom. Ostali \u0107e potonuti u dr\u017eavno subvencionirano siroma\u0161tvo.<\/p>\n\n\n\n<h2 class=\"wp-block-heading\">&#8220;Umirovljenici imaju vi\u0161ak vremena i manjak novca&#8221;<\/h2>\n\n\n\n<p>Istina je brutalna, a brutalan je i na\u0161 \u010ditatelj Ivan koji misli da dr\u017eavne mirovine treba jednostavno ukinuti. Strahovito ga iritiraju, kako ka\u017ee, umirovljeni\u010dka kukanja na dru\u0161tvenim mre\u017eama. &#8220;Umirovljenici s jedne strane imaju manjak materijalnih resursa, \u0161to je i motiv zbog kojega kukaju. S druge strane, imaju jako puno slobodnog vremena, \u0161to je druga pretpostavka za\u0161to mogu stalno biti na dru\u0161tvenim mre\u017eama i kukati.&#8221;<\/p><div id=\"mojev-824368364\" class=\"mojev-u-tekstu mojev-entity-placement\" style=\"margin-left: auto;margin-right: auto;text-align: center;\"><div class=\"mojev-adlabel\">oglas<\/div><div style=\"height: 250px;\"><script async src=\"https:\/\/pagead2.googlesyndication.com\/pagead\/js\/adsbygoogle.js?client=ca-pub-8106111766207173\"\r\n     crossorigin=\"anonymous\"><\/script>\r\n<!-- Prikazni 1 u tekstu -->\r\n<ins class=\"adsbygoogle\"\r\n     style=\"display:block\"\r\n     data-ad-client=\"ca-pub-8106111766207173\"\r\n     data-ad-slot=\"8535551207\"\r\n     data-ad-format=\"auto\"\r\n     data-full-width-responsive=\"true\"><\/ins>\r\n<script>\r\n     (adsbygoogle = window.adsbygoogle || []).push({});\r\n<\/script><\/div><\/div><br style=\"clear: both; display: block; float: none;\"\/>\n\n\n\n<p>&#8220;Te dvije, zajedno u kombinaciji sa njihovom sebi\u010dnosti, dovode do toksi\u010dnog koktela. Taj trokut bijede \u010dini ubita\u010dnu kombinaciju jer time njihovo nezadovoljstvo i frustracije bivaju vi\u0161estruko poja\u010danima&#8221;, analizira Ivan koji za sebe ka\u017ee da je osoba u srednjim tridesetima koja je po\u010dela raditi u 17. godini \u017eivota.<\/p>\n\n\n\n<h2 class=\"wp-block-heading\">&#8220;Zara\u0111ujem mimo sustava&#8221;<\/h2>\n\n\n\n<p>&#8220;Svjestan sam da ne\u0107u imati ni\u0161ta od uplata u javne mirovinske stupove. Moja generacija doprinose tretira kao oblik poreza, a ne \u0161tednje. Te uplate dr\u017eava od nas prisilno oduzima, znaju\u0107i da od toga nemamo nikakve koristi. Na meni ostaje samo manevarska sposobnost da \u0161to vi\u0161e zara\u0111ujem mimo sustava i da \u0161to vi\u0161e investiram u privatne oblike mirovinskih \u0161tednji, odnosno investicija. Po\u0161to je svatko mla\u0111i od 45 godina silom prilika postao sam svoje mirovinsko osiguranje&#8221;, ka\u017ee Ivan.<\/p>\n\n\n\n<h2 class=\"wp-block-heading\">Ivan ne razumije \u0161to je mirovina<\/h2>\n\n\n\n<p>Dodu\u0161e, ima u ovim njegovim rije\u010dima i nerazumijevanja na koje nisu imuni ni sami umirovljenici jer prvostupna mirovina nije \u0161tednja, ve\u0107 osiguranje za starost i nemogu\u0107nost rada. To je, slobodno mo\u017eemo re\u0107i, temelj socijalne dr\u017eave u kojoj stari i islu\u017eeni ne\u0107e umirati po ubo\u017enicama i grabama.<\/p>\n\n\n\n<p>Nadalje, Ivan tvrdi da je mirovinski sustav svojevrsna Ponzijeva shema i penalizacija za rad, pa je za pretpostaviti da bi u idealnom Ivanovom scenariju svaki radnik bio prepu\u0161ten sam sebi, bez kakve-takve dru\u0161tvene za\u0161tite od apsolutnog siroma\u0161tva u slu\u010daju starosti ili invaliditeta.<\/p>\n\n\n\n<h2 class=\"wp-block-heading\">&#8220;To je la\u017ena solidarnost&#8221;<\/h2>\n\n\n\n<p>Potvr\u0111uje to na\u0161 \u010ditatelj rije\u010dima da se, citiramo, nasla\u0111uje u moralnoj, materijalnoj i duhovnoj bijedi o\u010dajnih umirovljenika. &#8220;Njihovi komentari barem mogu poslu\u017eiti tome da hrane moju moralnu satisfakciju i da me njihova bijeda barem malo razveseli, kada me ve\u0107 prisiljavaju da sudjelujem u la\u017enoj solidarnosti na svoju \u0161tetu, a njihovu korist&#8221;, izla\u017ee nam svoju socijalnu neosjetljivost.<\/p>\n\n\n\n<p>&#8220;Ako ja ulo\u017eim svu u\u0161te\u0111evinu u neku opskurnu kripto valutu i sve izgubim, nitko me ne bi \u017ealio. Tako su i oni trebali na vrijeme zbrojiti dva i dva, odnosno uvidjeti da su njihove uplate u mirovinske stupove bile proma\u0161ene investicije, oko kojih mla\u0111a generacija ne bi trebala solidarno snositi ra\u010dun. Iako su umirovljeni svjesni da mla\u0111i osiguranici ne mogu o\u010dekivati ni\u0161ta, svejedno od nas tra\u017ee da se na svoju \u0161tetu \u017ertvujemo za njih&#8221;, nastavlja.<\/p>\n\n\n\n<h2 class=\"wp-block-heading\">&#8220;O\u010dekuju da se mladi \u017ertvuju za njih&#8221;<\/h2>\n\n\n\n<p>Ivan, kao i sve ve\u0107i broj mladih, misli da je to da mladi nose teret starih potpuna nepravda i anakronost u 21. stolje\u0107u. Dapa\u010de, jasno sugerira da bi se stari trebali i u jeseni \u017eivota \u017ertvovati za mlade.<\/p>\n\n\n\n<p>&#8220;Kada je tonuo Titanik pouka pri\u010de je bila da se stariji putnici \u017ertvuju kako bi se spasili mla\u0111i. Ali na\u0161i umirovljenici, odrasli u nemoralnom jugosocijalisti\u010dkom sustavu nosaju\u0107i Titovu \u0161tafetu, o\u010dekuju od nas mla\u0111ih da se \u017ertvujemo za njih starije. Ali radije svoj kapital planiram ostaviti svojoj djeci, a ne teku\u0107oj potro\u0161nji za mirovine ove propale generacije umirovljenika. I radije od svojih teku\u0107ih prihoda planiram svom djetetu kupiti nove cipele, a ne financirati dokolicu dana\u0161njih umirovljenika&#8221;, zaklju\u010duje Ivan svoju distopijsku fantaziju dru\u0161tva bez solidarnosti i me\u0111usobne podr\u0161ke.<\/p>\n\n\n\n<p>\u0160to mislite o Ivanovom razmatranju mirovinskog sustava i dru\u0161tva u kojem dostojanstveno \u017eive samo oni najja\u010di i najsnala\u017eljiviji?<\/p>\n\n\n\n<div id=\"crveno\"><\/p>\n\n\n\n<h3 class=\"wp-block-heading\">Zanima nas va\u0161a pri\u010da<\/h3>\n\n\n\n<p>\u017delite li i vi, posve anonimno, podijeliti svoje iskustvo i vi\u0111enje ove teme s nama i na\u0161im \u010ditateljima, mo\u017eete to u\u010diniti putem web obrasca <a rel=\"noreferrer noopener\" href=\"https:\/\/www.mojevrijeme.hr\/magazin\/povjerljivo\/\" target=\"_blank\">Povjerljivo<\/a>. Napi\u0161ite svoju pri\u010du!<\/p>\n\n\n\n<p><\/div>\n<div id=\"mojev-2793136946\" class=\"mojev-kraj-teksta mojev-entity-placement\" style=\"margin-bottom: 20px;margin-left: auto;margin-right: auto;text-align: center;\"><div class=\"mojev-adlabel\">oglas<\/div><div style=\"height: 250px;\"><script async src=\"https:\/\/pagead2.googlesyndication.com\/pagead\/js\/adsbygoogle.js?client=ca-pub-8106111766207173\"\r\n     crossorigin=\"anonymous\"><\/script>\r\n<!-- Display-1 -->\r\n<ins class=\"adsbygoogle\"\r\n     style=\"display:block\"\r\n     data-ad-client=\"ca-pub-8106111766207173\"\r\n     data-ad-slot=\"1465712950\"\r\n     data-ad-format=\"auto\"\r\n     data-full-width-responsive=\"true\"><\/ins>\r\n<script>\r\n     (adsbygoogle = window.adsbygoogle || []).push({});\r\n<\/script><\/div><\/div>","protected":false},"excerpt":{"rendered":"<p>Na\u0161 mladi \u010ditatelj ka\u017ee da je mirovinski sustav propala stvar i da radije zara\u0111uje mimo sustava, nego da upla\u0107uje visoki mirovinski doprinos od kojeg ne\u0107e imati koristi. <\/p>\n","protected":false},"author":1,"featured_media":148339,"comment_status":"closed","ping_status":"closed","sticky":false,"template":"","format":"standard","meta":{"footnotes":""},"categories":[9],"tags":[1840,18,237],"class_list":["post-148323","post","type-post","status-publish","format-standard","has-post-thumbnail","hentry","category-vijesti","tag-doprinosi","tag-mirovine","tag-siromastvo"],"_links":{"self":[{"href":"https:\/\/www.mojevrijeme.hr\/magazin\/wp-json\/wp\/v2\/posts\/148323","targetHints":{"allow":["GET"]}}],"collection":[{"href":"https:\/\/www.mojevrijeme.hr\/magazin\/wp-json\/wp\/v2\/posts"}],"about":[{"href":"https:\/\/www.mojevrijeme.hr\/magazin\/wp-json\/wp\/v2\/types\/post"}],"author":[{"embeddable":true,"href":"https:\/\/www.mojevrijeme.hr\/magazin\/wp-json\/wp\/v2\/users\/1"}],"replies":[{"embeddable":true,"href":"https:\/\/www.mojevrijeme.hr\/magazin\/wp-json\/wp\/v2\/comments?post=148323"}],"version-history":[{"count":21,"href":"https:\/\/www.mojevrijeme.hr\/magazin\/wp-json\/wp\/v2\/posts\/148323\/revisions"}],"predecessor-version":[{"id":148357,"href":"https:\/\/www.mojevrijeme.hr\/magazin\/wp-json\/wp\/v2\/posts\/148323\/revisions\/148357"}],"wp:featuredmedia":[{"embeddable":true,"href":"https:\/\/www.mojevrijeme.hr\/magazin\/wp-json\/wp\/v2\/media\/148339"}],"wp:attachment":[{"href":"https:\/\/www.mojevrijeme.hr\/magazin\/wp-json\/wp\/v2\/media?parent=148323"}],"wp:term":[{"taxonomy":"category","embeddable":true,"href":"https:\/\/www.mojevrijeme.hr\/magazin\/wp-json\/wp\/v2\/categories?post=148323"},{"taxonomy":"post_tag","embeddable":true,"href":"https:\/\/www.mojevrijeme.hr\/magazin\/wp-json\/wp\/v2\/tags?post=148323"}],"curies":[{"name":"wp","href":"https:\/\/api.w.org\/{rel}","templated":true}]}}