{"id":148444,"date":"2026-01-30T18:27:20","date_gmt":"2026-01-30T17:27:20","guid":{"rendered":"https:\/\/www.mojevrijeme.hr\/magazin\/?p=148444"},"modified":"2026-01-30T18:28:39","modified_gmt":"2026-01-30T17:28:39","slug":"ekonimist-tica-sdp-hrvatski-radnici-jako-kratko-rade-prerano-idu-u-mirovinu","status":"publish","type":"post","link":"https:\/\/www.mojevrijeme.hr\/magazin\/2026\/01\/ekonimist-tica-sdp-hrvatski-radnici-jako-kratko-rade-prerano-idu-u-mirovinu\/","title":{"rendered":"Ekonimist Tica (SDP): Hrvatski radnici jako kratko rade, prerano idu u mirovinu"},"content":{"rendered":"\n<p>Hrvatska se ve\u0107 godinama suo\u010dava s nedostatkom radne snage i sve ve\u0107im uvozom stranih radnika. No, ekonomist i \u010dlan SDP-ovog Ekonomskog savjeta, prof. dr. <strong>Josip Tica<\/strong>, smatra da klju\u010dni problem nije samo demografija.<\/p>\n\n\n\n<p>&#8220;Glavni problem hrvatskog tr\u017ei\u0161ta rada je iznimno kratak radni vijek, tako da u tom dijelu produ\u017eenja radnog vijeka i omogu\u0107avanja mehanizama te sustava motivacije za radnike da ostanu du\u017ee u svijetu rada, to je jedna od mjesta gdje Hrvatska treba napraviti veliki napredak&#8221;, kazao je Tica za <a href=\"https:\/\/n1info.hr\/biznis\/clan-ekonomskog-savjeta-sdp-a-glavni-problem-naseg-trzista-rada-je-iznimno-kratak-radni-vijek3012026\/\" target=\"_blank\" rel=\"noreferrer noopener\">N1<\/a> televiziju u osvrtu na izvje\u0161\u0107e OECD-a koje Hrvatskoj jasnu sugerira obeshrabrivanje prijevremenog umirovljenja i stro\u017ee uvjete za mirvoinu. O tomu vi\u0161e pro\u010ditajte na <a href=\"https:\/\/www.mojevrijeme.hr\/magazin\/2026\/01\/oecd-upozorava-hrvatsku-postrozite-uvjete-za-mirovinu-i-uvedite-nove-poreze\/\">ovoj poveznici<\/a>.<\/p>\n\n\n\n<p>Prema podacima Hrvatskog zavoda za mirovinsko osiguranje, prosje\u010dan mirovinski sta\u017e za ukupan broj korisnika mirovina iznosi to\u010dno 32 godine, dok je prosje\u010dna dob korisnika mirovina 73 godine.<\/p><div id=\"mojev-1367281159\" class=\"mojev-u-tekstu mojev-entity-placement\" style=\"margin-left: auto;margin-right: auto;text-align: center;\"><div class=\"mojev-adlabel\">oglas<\/div><div style=\"height: 250px;\"><script async src=\"https:\/\/pagead2.googlesyndication.com\/pagead\/js\/adsbygoogle.js?client=ca-pub-8106111766207173\"\r\n     crossorigin=\"anonymous\"><\/script>\r\n<!-- Prikazni 1 u tekstu -->\r\n<ins class=\"adsbygoogle\"\r\n     style=\"display:block\"\r\n     data-ad-client=\"ca-pub-8106111766207173\"\r\n     data-ad-slot=\"8535551207\"\r\n     data-ad-format=\"auto\"\r\n     data-full-width-responsive=\"true\"><\/ins>\r\n<script>\r\n     (adsbygoogle = window.adsbygoogle || []).push({});\r\n<\/script><\/div><\/div><br style=\"clear: both; display: block; float: none;\"\/>\n\n\n\n<p>&#8220;Ve\u0107 sada imamo vrlo malo sudjelovanje ljudi starijih od 50 godina na tr\u017ei\u0161tu rada. Velik dio njih prerano odlazi u mirovinu, \u0161to dugoro\u010dno stvara ogroman pritisak na mirovinski i zdravstveni sustav&#8221;, upozorava ovaj profesor Ekonomskog fakulteta u Zagrebu. Produ\u017eenje radnog vijeka, smatra, mora se provoditi selektivno i uz uva\u017eavanje razlika me\u0111u sektorima.<\/p>\n\n\n\n<p>&#8220;Ne mo\u017eemo o\u010dekivati da netko tko radi fizi\u010dki te\u017eak posao radi do 65. godine, ali postoje sektori u kojima ljudi \u017eele i mogu dulje ostati aktivni. Cilj mora biti produ\u017eenje prosje\u010dnog radnog vijeka tamo gdje je to realno mogu\u0107e, uz poticajne mjere.&#8221;<\/p>\n\n\n\n<p>Na pitanje kako bi eventualna SDP-ova vlast pristupila reformama tr\u017ei\u0161ta rada, Tica najavljuje nove ekonomske politike i novi koncept koji \u0107e, kako ka\u017ee, predstaviti na sutra\u0161njoj konvenciji SDP-a. &#8220;Na\u0161a rje\u0161enja se temelje na poticajima, a ne na prisili. Ideja je stvoriti odr\u017eiviji pristup svijetu rada, koji ide na ruku radnicima i omogu\u0107uje im da, ondje gdje je mogu\u0107e, dulje ostanu aktivni&#8221;, obja\u0161njava.<\/p>\n<div id=\"mojev-2563169279\" class=\"mojev-kraj-teksta mojev-entity-placement\" style=\"margin-bottom: 20px;margin-left: auto;margin-right: auto;text-align: center;\"><div class=\"mojev-adlabel\">oglas<\/div><div style=\"height: 250px;\"><script async src=\"https:\/\/pagead2.googlesyndication.com\/pagead\/js\/adsbygoogle.js?client=ca-pub-8106111766207173\"\r\n     crossorigin=\"anonymous\"><\/script>\r\n<!-- Display-1 -->\r\n<ins class=\"adsbygoogle\"\r\n     style=\"display:block\"\r\n     data-ad-client=\"ca-pub-8106111766207173\"\r\n     data-ad-slot=\"1465712950\"\r\n     data-ad-format=\"auto\"\r\n     data-full-width-responsive=\"true\"><\/ins>\r\n<script>\r\n     (adsbygoogle = window.adsbygoogle || []).push({});\r\n<\/script><\/div><\/div>","protected":false},"excerpt":{"rendered":"<p>Hrvatskoj ne nedostaje samo radnika, nego i radnih godina. Ekonomist Josip Tica upozorava da ljudi prerano izlaze s tr\u017ei\u0161ta rada, \u0161to dodatno optere\u0107uje mirovinski i zdravstveni sustav. Produ\u017eenje radnog vijeka, ka\u017ee, mora se temeljiti na poticajima, a ne prisili, i provoditi ondje gdje je to realno mogu\u0107e.<\/p>\n","protected":false},"author":1,"featured_media":148450,"comment_status":"closed","ping_status":"closed","sticky":false,"template":"","format":"standard","meta":{"footnotes":""},"categories":[9],"tags":[3754,18,825],"class_list":["post-148444","post","type-post","status-publish","format-standard","has-post-thumbnail","hentry","category-vijesti","tag-josip-tica","tag-mirovine","tag-sdp"],"_links":{"self":[{"href":"https:\/\/www.mojevrijeme.hr\/magazin\/wp-json\/wp\/v2\/posts\/148444","targetHints":{"allow":["GET"]}}],"collection":[{"href":"https:\/\/www.mojevrijeme.hr\/magazin\/wp-json\/wp\/v2\/posts"}],"about":[{"href":"https:\/\/www.mojevrijeme.hr\/magazin\/wp-json\/wp\/v2\/types\/post"}],"author":[{"embeddable":true,"href":"https:\/\/www.mojevrijeme.hr\/magazin\/wp-json\/wp\/v2\/users\/1"}],"replies":[{"embeddable":true,"href":"https:\/\/www.mojevrijeme.hr\/magazin\/wp-json\/wp\/v2\/comments?post=148444"}],"version-history":[{"count":8,"href":"https:\/\/www.mojevrijeme.hr\/magazin\/wp-json\/wp\/v2\/posts\/148444\/revisions"}],"predecessor-version":[{"id":148453,"href":"https:\/\/www.mojevrijeme.hr\/magazin\/wp-json\/wp\/v2\/posts\/148444\/revisions\/148453"}],"wp:featuredmedia":[{"embeddable":true,"href":"https:\/\/www.mojevrijeme.hr\/magazin\/wp-json\/wp\/v2\/media\/148450"}],"wp:attachment":[{"href":"https:\/\/www.mojevrijeme.hr\/magazin\/wp-json\/wp\/v2\/media?parent=148444"}],"wp:term":[{"taxonomy":"category","embeddable":true,"href":"https:\/\/www.mojevrijeme.hr\/magazin\/wp-json\/wp\/v2\/categories?post=148444"},{"taxonomy":"post_tag","embeddable":true,"href":"https:\/\/www.mojevrijeme.hr\/magazin\/wp-json\/wp\/v2\/tags?post=148444"}],"curies":[{"name":"wp","href":"https:\/\/api.w.org\/{rel}","templated":true}]}}