{"id":14895,"date":"2018-04-30T17:26:07","date_gmt":"2018-04-30T15:26:07","guid":{"rendered":"https:\/\/www.mojevrijeme.hr\/magazin\/?p=14895"},"modified":"2018-04-30T17:28:30","modified_gmt":"2018-04-30T15:28:30","slug":"godall-104-zao-mi-je-sto-ovako-dugo-zivim-trebao-bi-imati-pravo-na-eutanaziju","status":"publish","type":"post","link":"https:\/\/www.mojevrijeme.hr\/magazin\/2018\/04\/godall-104-zao-mi-je-sto-ovako-dugo-zivim-trebao-bi-imati-pravo-na-eutanaziju\/","title":{"rendered":"Goodall (104): \u017dao mi je \u0161to ovako dugo \u017eivim, trebao bih imati pravo na eutanaziju"},"content":{"rendered":"<p>Najstariji australski znanstvenik, poznat po tome \u0161to ga je njegovo sveu\u010dili\u0161te htjelo umiroviti u <strong>102. godini<\/strong>,\u00a0otputovat \u0107e po\u010detkom svibnja u \u0160vicarsku kako bi okon\u010dao \u017eivot, ponovno raspiruju\u0107i javnu raspravu o eutanaziji.\u00a0<strong>David Goodall<\/strong>, kojemu su sada <strong>104 godine<\/strong>,\u00a0nije u terminalnoj fazi bolesti, ali kvaliteta \u017eivota mu je tako lo\u0161a da je odlu\u010dio oti\u0107i u agenciju za eutanaziju u Baselu, prenosi Hina.<\/p>\n<p>&#8220;Jako mi je \u017eao \u0161to sam do\u017eivio toliku starost&#8221;, rekao je taj ekolog u razgovoru za televiziju ABC u povodu ro\u0111endana po\u010detkom travnja.\u00a0&#8220;Nisam sretan. \u017delim umrijeti. I nije to tu\u017eno, tu\u017eno je ako se to nekome brani&#8221;,\u00a0dodao je.\u00a0&#8220;Mislim da netko star poput mene mora imati puna gra\u0111anska prava, uklju\u010duju\u0107i pravo na asistirano samoubojstvo&#8221;, istaknuo je Goodall.<\/p>\n<p>Eutanazija je ilegalna u ve\u0107ini zemalja svijeta i u Australiji je bila zabranjena sve dok je savezna dr\u017eava Victoria nije legalizirala pro\u0161le godine.\u00a0No zakon, koji stupa na snagu u lipnju 2019., odnosi se samo na mentalno zdrave pacijente u terminalnoj fazi bolesti, s o\u010dekivanim pre\u017eivljenjem manjim od \u0161est mjeseci.\u00a0O eutanaziji se raspravljalo i u ostalim australskim dr\u017eavama, ali prijedlozi su odbijeni, uklju\u010duju\u0107i pro\u0161le godine u Novom Ju\u017enom Walesu.<\/p><div id=\"mojev-2265978153\" class=\"mojev-u-tekstu mojev-entity-placement\" style=\"margin-left: auto;margin-right: auto;text-align: center;\"><div class=\"mojev-adlabel\">oglas<\/div><div style=\"height: 250px;\"><script async src=\"https:\/\/pagead2.googlesyndication.com\/pagead\/js\/adsbygoogle.js?client=ca-pub-8106111766207173\"\r\n     crossorigin=\"anonymous\"><\/script>\r\n<!-- Prikazni 1 u tekstu -->\r\n<ins class=\"adsbygoogle\"\r\n     style=\"display:block\"\r\n     data-ad-client=\"ca-pub-8106111766207173\"\r\n     data-ad-slot=\"8535551207\"\r\n     data-ad-format=\"auto\"\r\n     data-full-width-responsive=\"true\"><\/ins>\r\n<script>\r\n     (adsbygoogle = window.adsbygoogle || []).push({});\r\n<\/script><\/div><\/div><br style=\"clear: both; display: block; float: none;\"\/>\n<p>Organizacija Exit International, koja organizira Goodallovo putovanje, ka\u017ee kako je\u00a0nepravedno da &#8220;najstariji i najugledniji australski dr\u017eavljani moraju putovati na drugu stranu svijeta\u00a0da bi dostojanstveno umrli&#8221;.\u00a0&#8220;Spokojna, dostojanstvena smrt pravo je svih koji to \u017eele. I ne bi trebali napu\u0161tati dom kako bi to ostvarili&#8221;, stoji na internetskoj stranici organizacije.<\/p>\n<p>Aktivisti su pokrenuli kampanju GoFundMe kako bi Goodall i njegov asistent mogli avionsku kartu u ekonomskoj zamijeniti za business klasu. Dosad su skupili vi\u0161e od 17,000 australskih dolara (13,000 ameri\u010dkih).\u00a0Goodall, po\u010dasni istra\u017eiva\u010d na sveu\u010dili\u0161tu Edith Cowan u Perthu, postao je me\u0111unarodno poznat kada ga je uprava sveu\u010dili\u0161ta 2016. proglasila nesposobnim za rad. Nakon pobune i potpore znanstvenika diljem svijeta, odluka je povu\u010dena.<\/p>\n<p>Goodall je autor desetaka znanstvenih \u010dlanaka, a odnedavno se posvetio pisanju recenzija za razli\u010dite ekolo\u0161ke \u010dasopise.<\/p>\n<div id=\"mojev-384640389\" class=\"mojev-kraj-teksta mojev-entity-placement\" style=\"margin-bottom: 20px;margin-left: auto;margin-right: auto;text-align: center;\"><div class=\"mojev-adlabel\">oglas<\/div><div style=\"height: 250px;\"><script async src=\"https:\/\/pagead2.googlesyndication.com\/pagead\/js\/adsbygoogle.js?client=ca-pub-8106111766207173\"\r\n     crossorigin=\"anonymous\"><\/script>\r\n<!-- Display-1 -->\r\n<ins class=\"adsbygoogle\"\r\n     style=\"display:block\"\r\n     data-ad-client=\"ca-pub-8106111766207173\"\r\n     data-ad-slot=\"1465712950\"\r\n     data-ad-format=\"auto\"\r\n     data-full-width-responsive=\"true\"><\/ins>\r\n<script>\r\n     (adsbygoogle = window.adsbygoogle || []).push({});\r\n<\/script><\/div><\/div>","protected":false},"excerpt":{"rendered":"<p>Nisam sretan. \u017delim umrijeti. I nije to tu\u017eno, tu\u017eno je ako se to nekome brani,\u00a0dodao je.\u00a0Mislim da netko star poput mene mora imati puna gra\u0111anska prava, uklju\u010duju\u0107i pravo na asistirano samoubojstvo, istaknuo je Goodall.<\/p>\n","protected":false},"author":1,"featured_media":14897,"comment_status":"closed","ping_status":"closed","sticky":false,"template":"","format":"standard","meta":{"footnotes":""},"categories":[9],"tags":[64,326],"class_list":["post-14895","post","type-post","status-publish","format-standard","has-post-thumbnail","hentry","category-vijesti","tag-dugovjecnost","tag-eutanazija"],"_links":{"self":[{"href":"https:\/\/www.mojevrijeme.hr\/magazin\/wp-json\/wp\/v2\/posts\/14895","targetHints":{"allow":["GET"]}}],"collection":[{"href":"https:\/\/www.mojevrijeme.hr\/magazin\/wp-json\/wp\/v2\/posts"}],"about":[{"href":"https:\/\/www.mojevrijeme.hr\/magazin\/wp-json\/wp\/v2\/types\/post"}],"author":[{"embeddable":true,"href":"https:\/\/www.mojevrijeme.hr\/magazin\/wp-json\/wp\/v2\/users\/1"}],"replies":[{"embeddable":true,"href":"https:\/\/www.mojevrijeme.hr\/magazin\/wp-json\/wp\/v2\/comments?post=14895"}],"version-history":[{"count":0,"href":"https:\/\/www.mojevrijeme.hr\/magazin\/wp-json\/wp\/v2\/posts\/14895\/revisions"}],"wp:featuredmedia":[{"embeddable":true,"href":"https:\/\/www.mojevrijeme.hr\/magazin\/wp-json\/wp\/v2\/media\/14897"}],"wp:attachment":[{"href":"https:\/\/www.mojevrijeme.hr\/magazin\/wp-json\/wp\/v2\/media?parent=14895"}],"wp:term":[{"taxonomy":"category","embeddable":true,"href":"https:\/\/www.mojevrijeme.hr\/magazin\/wp-json\/wp\/v2\/categories?post=14895"},{"taxonomy":"post_tag","embeddable":true,"href":"https:\/\/www.mojevrijeme.hr\/magazin\/wp-json\/wp\/v2\/tags?post=14895"}],"curies":[{"name":"wp","href":"https:\/\/api.w.org\/{rel}","templated":true}]}}