{"id":150150,"date":"2026-03-02T20:15:38","date_gmt":"2026-03-02T19:15:38","guid":{"rendered":"https:\/\/www.mojevrijeme.hr\/magazin\/?p=150150"},"modified":"2026-03-02T20:19:42","modified_gmt":"2026-03-02T19:19:42","slug":"mirovina-je-zamisljena-za-5-godina-a-danas-traje-30","status":"publish","type":"post","link":"https:\/\/www.mojevrijeme.hr\/magazin\/2026\/03\/mirovina-je-zamisljena-za-5-godina-a-danas-traje-30\/","title":{"rendered":"Mirovina je zami\u0161ljena za 5 godina, a danas traje 30"},"content":{"rendered":"\n<p>Kad je njema\u010dki kancelar <strong>Otto von Bismarck<\/strong> 1889. uveo prvo obvezno starosno osiguranje, dob za mirovinu postavio je na 70 godina. Iako se u raspravama \u010duje da je \u017eivotni vijek u to vrijeme bio dug tek \u010detrdesetak godina i da je politi\u010dki pragmatik namjerno postavio nedosti\u017ene gabarite, tvrdnja da nitko nije do\u010dekao mirovinu nije to\u010dna.<\/p>\n\n\n\n<h2 class=\"wp-block-heading\">Krivo ra\u010dunanje o\u010dekivanog trajanja<\/h2>\n\n\n\n<p>Prosjek su zna\u010dajno sni\u017eavale visoke stope smrtnosti dojen\u010dadi. Onaj tko bi pre\u017eivio djetinjstvo i do\u0161ao do zrele dobi imao je realne izglede do\u017eivjeti \u0161ezdesete, a dio i sedamdesete godine. Sli\u010dnu pogre\u0161ku rade i pojedini umirovljeni\u010dki tribuni koji danas, umjesto tablica o\u010dekivanog \u017eivotnog vijeka sa 65 godina, uzmu prosje\u010dan \u017eivotni vijek Hrvata, sve kako bi dobili rezultate koji \u0107e potvrditi njihove teze o neisplativosti i neadekvatnosti mirovine.<\/p>\n\n\n\n<p>No ono \u0161to nije upitno jest da mirovina u svojim po\u010decima nije bila zami\u0161ljena kao dugotrajna faza \u017eivota nego kao kratka potpora na samom kraju \u017eivotnog vijeka, u razdoblju nemo\u0107i. Zbog toga je sustav bio fiskalno podno\u0161ljiv \u2013 malo je ljudi primalo kratke isplate, a dru\u0161tvo je bilo demografski mlado, s velikim brojem radnika i relativno malim udjelom starih.<\/p><div id=\"mojev-1520373182\" class=\"mojev-u-tekstu mojev-entity-placement\" style=\"margin-left: auto;margin-right: auto;text-align: center;\"><div class=\"mojev-adlabel\">oglas<\/div><div style=\"height: 250px;\"><script async src=\"https:\/\/pagead2.googlesyndication.com\/pagead\/js\/adsbygoogle.js?client=ca-pub-8106111766207173\"\r\n     crossorigin=\"anonymous\"><\/script>\r\n<!-- Prikazni 1 u tekstu -->\r\n<ins class=\"adsbygoogle\"\r\n     style=\"display:block\"\r\n     data-ad-client=\"ca-pub-8106111766207173\"\r\n     data-ad-slot=\"8535551207\"\r\n     data-ad-format=\"auto\"\r\n     data-full-width-responsive=\"true\"><\/ins>\r\n<script>\r\n     (adsbygoogle = window.adsbygoogle || []).push({});\r\n<\/script><\/div><\/div><br style=\"clear: both; display: block; float: none;\"\/>\n\n\n\n<p>Zbog toga je i 1916. godine granica umirovljenja spu\u0161tena na 65 godina. No kontekst je i dalje bio bitno druk\u010diji od dana\u0161njega jer su mirovinu u\u017eivali malobrojni, tek nekih pet-\u0161est godina.<\/p>\n\n\n\n<h2 class=\"wp-block-heading\">Stranice koje su postale poglavlje<\/h2>\n\n\n\n<p>Danas \u017eivimo u sasvim drugoj demografskoj stvarnosti. O\u010dekivani \u017eivotni vijek u razvijenim zemljama prelazi 80 godina, a mirovina se u Europi ostvaruje sa 65 ili 67 godina. Dapa\u010de, svaki deseti hrvatski umirovljenik stariji je od 85 godina, a umirovljen je po jo\u0161 povoljnijim uvjetima. To zna\u010di da mnogi gra\u0111ani provedu dvadeset pa i trideset godina u statusu umirovljenika. O tomu vi\u0161e pro\u010ditajte na <a href=\"https:\/\/www.mojevrijeme.hr\/magazin\/2026\/02\/velik-skok-broja-najstarijih-umirovljenika-mirovine-se-isplacuju-sve-dulje\/\" data-type=\"post\" data-id=\"148936\">ovoj poveznici<\/a>.<\/p>\n\n\n\n<p>Ono \u0161to je u 19. stolje\u0107u bilo osiguranje za nekoliko zavr\u0161nih godina \u017eivota, u 21. stolje\u0107u postalo je \u010ditavo \u017eivotno poglavlje s nerealnim o\u010dekivanjima o bu\u0111enju pod palmama i plivanju s dupinima. Do\u017eivjeli smo sustavni paradoks: nikada nismo \u017eivjeli dulje, a nikada mirovinski sustavi nisu bili pod ve\u0107im pritiskom.<\/p>\n\n\n\n<p>Razlog je posve jasan. Model me\u0111ugeneracijske solidarnosti, u kojem radnici financiraju mirovine sada\u0161njih umirovljenika, nastao je u razdoblju kada je radnika bilo mnogo vi\u0161e nego starijih osoba. Danas se taj omjer postupno okre\u0107e, a matematika postaje sve zahtjevnija. Problem je u tome \u0161to sustav nije prilago\u0111en vremenu, a \u010dini se da nisu ni oni koji o njemu ovise.<\/p>\n\n\n\n<p><\/p>\n<div id=\"mojev-3646481521\" class=\"mojev-kraj-teksta mojev-entity-placement\" style=\"margin-bottom: 20px;margin-left: auto;margin-right: auto;text-align: center;\"><div class=\"mojev-adlabel\">oglas<\/div><div style=\"height: 250px;\"><script async src=\"https:\/\/pagead2.googlesyndication.com\/pagead\/js\/adsbygoogle.js?client=ca-pub-8106111766207173\"\r\n     crossorigin=\"anonymous\"><\/script>\r\n<!-- Display-1 -->\r\n<ins class=\"adsbygoogle\"\r\n     style=\"display:block\"\r\n     data-ad-client=\"ca-pub-8106111766207173\"\r\n     data-ad-slot=\"1465712950\"\r\n     data-ad-format=\"auto\"\r\n     data-full-width-responsive=\"true\"><\/ins>\r\n<script>\r\n     (adsbygoogle = window.adsbygoogle || []).push({});\r\n<\/script><\/div><\/div>","protected":false},"excerpt":{"rendered":"<p>Mirovina je u zami\u0161ljena kao kratka potpora na kraju \u017eivota. Danas, kada starost traje dva ili tri desetlje\u0107a, isti model mora financirati bitno dulje razdoblje.<\/p>\n","protected":false},"author":1,"featured_media":125889,"comment_status":"closed","ping_status":"closed","sticky":false,"template":"","format":"standard","meta":{"footnotes":""},"categories":[9],"tags":[18],"class_list":["post-150150","post","type-post","status-publish","format-standard","has-post-thumbnail","hentry","category-vijesti","tag-mirovine"],"_links":{"self":[{"href":"https:\/\/www.mojevrijeme.hr\/magazin\/wp-json\/wp\/v2\/posts\/150150","targetHints":{"allow":["GET"]}}],"collection":[{"href":"https:\/\/www.mojevrijeme.hr\/magazin\/wp-json\/wp\/v2\/posts"}],"about":[{"href":"https:\/\/www.mojevrijeme.hr\/magazin\/wp-json\/wp\/v2\/types\/post"}],"author":[{"embeddable":true,"href":"https:\/\/www.mojevrijeme.hr\/magazin\/wp-json\/wp\/v2\/users\/1"}],"replies":[{"embeddable":true,"href":"https:\/\/www.mojevrijeme.hr\/magazin\/wp-json\/wp\/v2\/comments?post=150150"}],"version-history":[{"count":12,"href":"https:\/\/www.mojevrijeme.hr\/magazin\/wp-json\/wp\/v2\/posts\/150150\/revisions"}],"predecessor-version":[{"id":150163,"href":"https:\/\/www.mojevrijeme.hr\/magazin\/wp-json\/wp\/v2\/posts\/150150\/revisions\/150163"}],"wp:featuredmedia":[{"embeddable":true,"href":"https:\/\/www.mojevrijeme.hr\/magazin\/wp-json\/wp\/v2\/media\/125889"}],"wp:attachment":[{"href":"https:\/\/www.mojevrijeme.hr\/magazin\/wp-json\/wp\/v2\/media?parent=150150"}],"wp:term":[{"taxonomy":"category","embeddable":true,"href":"https:\/\/www.mojevrijeme.hr\/magazin\/wp-json\/wp\/v2\/categories?post=150150"},{"taxonomy":"post_tag","embeddable":true,"href":"https:\/\/www.mojevrijeme.hr\/magazin\/wp-json\/wp\/v2\/tags?post=150150"}],"curies":[{"name":"wp","href":"https:\/\/api.w.org\/{rel}","templated":true}]}}