{"id":150214,"date":"2026-03-07T17:13:36","date_gmt":"2026-03-07T16:13:36","guid":{"rendered":"https:\/\/www.mojevrijeme.hr\/magazin\/?p=150214"},"modified":"2026-03-07T17:13:37","modified_gmt":"2026-03-07T16:13:37","slug":"samar-realnosti-otkad-mi-je-umrla-supruga-izgubio-sam-sve-prijatelje","status":"publish","type":"post","link":"https:\/\/www.mojevrijeme.hr\/magazin\/2026\/03\/samar-realnosti-otkad-mi-je-umrla-supruga-izgubio-sam-sve-prijatelje\/","title":{"rendered":"\u0160amar realnosti: &#8216;Otkad mi je umrla supruga, izgubio sam sve prijatelje&#8217;"},"content":{"rendered":"\n<p>Kad mu je 2009. godine umrla supruga Sandra, <strong>Roy Ridley <\/strong>imao je 61 godinu. Preminula je iznenada tijekom njihova putovanja u Francuskoj, sa samo 56 godina. Preko no\u0107i se na\u0161ao u ti\u0161ini doma koji je dotad bio ispunjen smijehom i dru\u017eenjima s prijateljima.<\/p>\n\n\n\n<p>&#8220;U prvim danima nakon tragedije prijatelji i obitelj bili su divni prema meni. Dolazili su, zvali, nudili pomo\u0107. No kako su tjedni i mjeseci prolazili, pozivi su postajali sve rje\u0111i, a kontakti su se gotovo potpuno ugasili. Bio sam sam. Sandra i ja uvijek smo bili dru\u0161tveni; stalno smo imali ljude kod sebe. Tada sam shvatio da smo zapravo uvijek bili oni koji daju, a mnogi na\u0161i prijatelji bili su oni koji uzimaju. Kad vi\u0161e nisam imao \u0161to dati, vi\u0161e nisu bili zainteresirani za dru\u017eenje sa mnom&#8221;, iskreno je opisao za <em><a href=\"https:\/\/www.telegraph.co.uk\/\" target=\"_blank\" rel=\"noreferrer noopener\">The Telegraph<\/a><\/em>.<\/p>\n\n\n\n<h2 class=\"wp-block-heading\">Uzalud zvao stare prijatelje<\/h2>\n\n\n\n<p>Postupno se, priznaje, povukao iz dru\u0161tvenog \u017eivota. &#8220;Prestao sam odlaziti u pub, radije sam pijuckao kod ku\u0107e uz gramofonske plo\u010de. Radio sam maketu \u017eeljeznice i gledao televiziju koja mi je postala glavni izvor informacija o aktualnim zbivanjima. Povremeno sam poku\u0161avao stupiti u kontakt s parovima koji su nam nekada dolazili na ve\u010dere, no izgubili smo vezu, a neki su u me\u0111uvremenu preminuli. I prijateljstva koja smo stekli u inozemstvu postupno su izblijedjela.&#8221;<\/p><div id=\"mojev-57843788\" class=\"mojev-u-tekstu mojev-entity-placement\" style=\"margin-left: auto;margin-right: auto;text-align: center;\"><div class=\"mojev-adlabel\">oglas<\/div><div style=\"height: 250px;\"><script async src=\"https:\/\/pagead2.googlesyndication.com\/pagead\/js\/adsbygoogle.js?client=ca-pub-8106111766207173\"\r\n     crossorigin=\"anonymous\"><\/script>\r\n<!-- Prikazni 1 u tekstu -->\r\n<ins class=\"adsbygoogle\"\r\n     style=\"display:block\"\r\n     data-ad-client=\"ca-pub-8106111766207173\"\r\n     data-ad-slot=\"8535551207\"\r\n     data-ad-format=\"auto\"\r\n     data-full-width-responsive=\"true\"><\/ins>\r\n<script>\r\n     (adsbygoogle = window.adsbygoogle || []).push({});\r\n<\/script><\/div><\/div><br style=\"clear: both; display: block; float: none;\"\/>\n\n\n\n<p>Kao da gubitak supruge nije bio dovoljan, 2022. godine do\u017eivio je jo\u0161 jedan te\u017eak udarac. Od te\u0161kog oblika upale plu\u0107a preminuo mu je 44-godi\u0161nji sin Robert. Ta ga je tragedija vratila u dane samo\u0107e i tuge.<\/p>\n\n\n\n<h2 class=\"wp-block-heading\">Odlazi na \u010dajanke za starije od 75 godina<\/h2>\n\n\n\n<p>&#8220;Bio sam shrvan, a \u017eivjeti se mora i odlu\u010dio sam ne\u0161to promijeniti. Kako bih se osje\u0107ao manje usamljeno, pridru\u017eio sam se lokalnoj organizaciji <strong><em>Re-Engage<\/em><\/strong>, koja organizira mjese\u010dna dru\u017eenja i \u010dajanke za starije od 75 godina. Volonteri me prevoze na susrete gdje upoznajem ljude moje dobi s kojima se dru\u017eim. To mi poma\u017ee da se osje\u0107am manje izolirano, poti\u010de me da brinem o sebi, da se lijepo odjenem i odr\u017eavam um aktivnim kroz razgovor&#8221;, svjedo\u010di.<\/p>\n\n\n\n<p>Poma\u017eu mu i putovanja. &#8220;Iako sam najvi\u0161e u\u017eivao putovati sa suprugom i sinom, naviknuo sam se putovati sam. Odlazim na krstarenja kad mi zdravlje dopu\u0161ta. Nova mjesta, iskustva i poznanstva poma\u017eu mi zadr\u017eati vedrinu i svje\u017einu duha. Ove godine punim 78, ali izlasci i putovanja \u010dine da se osje\u0107am kao da mi je 28&#8221;, ka\u017ee.<\/p>\n\n\n\n<h2 class=\"wp-block-heading\">Supruga u srcu<\/h2>\n\n\n\n<p>Unato\u010d svemu, supruga Sandra mu i dalje neizmjerno nedostaje. \u010cuva kutiju s uspomenama punu njezinih fotografija i \u010desto je se prisjeti kad \u010duje pjesmu <em>Hotel California<\/em>. &#8220;Ljudi ka\u017eu da je izlazak i upoznavanje novih ljudi poput vo\u017enje bicikla. To se nikad ne zaboravlja. No u stvarnosti je to mnogo te\u017ee nego \u0161to zvu\u010di, osobito nakon \u0161to \u010dovjek dugo vremena provede sam. Ipak, najva\u017enije je nastaviti dalje, ostati jak i hrabro i\u0107i naprijed&#8221;, \u00a0poru\u010dio je.<\/p>\n\n\n\n<p>Kako se borite protiv usamljenosti? \u0160to vam najvi\u0161e poma\u017ee?<\/p>\n\n\n\n<div id=\"crveno\"><\/p>\n\n\n\n<h3 class=\"wp-block-heading\">Zanima nas va\u0161a pri\u010da<\/h3>\n\n\n\n<p>\u017delite li i vi, posve anonimno, podijeliti svoje iskustvo i vi\u0111enje ove teme s nama i na\u0161im \u010ditateljima, mo\u017eete to u\u010diniti putem web obrasca <a rel=\"noreferrer noopener\" href=\"https:\/\/www.mojevrijeme.hr\/magazin\/povjerljivo\/\" target=\"_blank\">Povjerljivo<\/a>. Napi\u0161ite svoju pri\u010du!<\/p>\n\n\n\n<p><\/div>\n<div id=\"mojev-2768313531\" class=\"mojev-kraj-teksta mojev-entity-placement\" style=\"margin-bottom: 20px;margin-left: auto;margin-right: auto;text-align: center;\"><div class=\"mojev-adlabel\">oglas<\/div><div style=\"height: 250px;\"><script async src=\"https:\/\/pagead2.googlesyndication.com\/pagead\/js\/adsbygoogle.js?client=ca-pub-8106111766207173\"\r\n     crossorigin=\"anonymous\"><\/script>\r\n<!-- Display-1 -->\r\n<ins class=\"adsbygoogle\"\r\n     style=\"display:block\"\r\n     data-ad-client=\"ca-pub-8106111766207173\"\r\n     data-ad-slot=\"1465712950\"\r\n     data-ad-format=\"auto\"\r\n     data-full-width-responsive=\"true\"><\/ins>\r\n<script>\r\n     (adsbygoogle = window.adsbygoogle || []).push({});\r\n<\/script><\/div><\/div>","protected":false},"excerpt":{"rendered":"<p>Na rastu\u0107i problem usamljenosti ne upozorava se samo u Hrvatskoj; rije\u010d je o globalnom fenomenu koji je osobito izra\u017een u razvijenim zemljama s visokim udjelom starijih gra\u0111ana. Potresnu ispovijest o o usamljenosti nakon smrti supruge podijelio je 78-godi\u0161nji britanski umirovljenik.<\/p>\n","protected":false},"author":17,"featured_media":131011,"comment_status":"closed","ping_status":"closed","sticky":false,"template":"","format":"standard","meta":{"footnotes":""},"categories":[2],"tags":[3312,423],"class_list":["post-150214","post","type-post","status-publish","format-standard","has-post-thumbnail","hentry","category-mozaik","tag-udovistvo","tag-usamljenost"],"_links":{"self":[{"href":"https:\/\/www.mojevrijeme.hr\/magazin\/wp-json\/wp\/v2\/posts\/150214","targetHints":{"allow":["GET"]}}],"collection":[{"href":"https:\/\/www.mojevrijeme.hr\/magazin\/wp-json\/wp\/v2\/posts"}],"about":[{"href":"https:\/\/www.mojevrijeme.hr\/magazin\/wp-json\/wp\/v2\/types\/post"}],"author":[{"embeddable":true,"href":"https:\/\/www.mojevrijeme.hr\/magazin\/wp-json\/wp\/v2\/users\/17"}],"replies":[{"embeddable":true,"href":"https:\/\/www.mojevrijeme.hr\/magazin\/wp-json\/wp\/v2\/comments?post=150214"}],"version-history":[{"count":2,"href":"https:\/\/www.mojevrijeme.hr\/magazin\/wp-json\/wp\/v2\/posts\/150214\/revisions"}],"predecessor-version":[{"id":150459,"href":"https:\/\/www.mojevrijeme.hr\/magazin\/wp-json\/wp\/v2\/posts\/150214\/revisions\/150459"}],"wp:featuredmedia":[{"embeddable":true,"href":"https:\/\/www.mojevrijeme.hr\/magazin\/wp-json\/wp\/v2\/media\/131011"}],"wp:attachment":[{"href":"https:\/\/www.mojevrijeme.hr\/magazin\/wp-json\/wp\/v2\/media?parent=150214"}],"wp:term":[{"taxonomy":"category","embeddable":true,"href":"https:\/\/www.mojevrijeme.hr\/magazin\/wp-json\/wp\/v2\/categories?post=150214"},{"taxonomy":"post_tag","embeddable":true,"href":"https:\/\/www.mojevrijeme.hr\/magazin\/wp-json\/wp\/v2\/tags?post=150214"}],"curies":[{"name":"wp","href":"https:\/\/api.w.org\/{rel}","templated":true}]}}