{"id":150218,"date":"2026-03-03T14:33:55","date_gmt":"2026-03-03T13:33:55","guid":{"rendered":"https:\/\/www.mojevrijeme.hr\/magazin\/?p=150218"},"modified":"2026-03-03T14:36:12","modified_gmt":"2026-03-03T13:36:12","slug":"najavljen-prosvjed-protiv-gramzivog-profita-za-vece-mirovine-i-place","status":"publish","type":"post","link":"https:\/\/www.mojevrijeme.hr\/magazin\/2026\/03\/najavljen-prosvjed-protiv-gramzivog-profita-za-vece-mirovine-i-place\/","title":{"rendered":"Najavljen prosvjed: &#8216;Protiv gramzivog profita, za ve\u0107e mirovine i pla\u0107e!&#8217;"},"content":{"rendered":"\n<p>Savez samostalnih sindikata Hrvatske (SSSH), Nezavisni hrvatski sindikati (NHS) i Matica hrvatskih sindikata (MHS) te Sindikat umirovljenika Hrvatske (SUH) najavili su prosvjed za ve\u0107e pla\u0107e i mirovine. Prosvjed \u0107e se odr\u017eati 18. travnja u Zagrebu pa sindikalisti pozivaju sve gra\u0111ane da do\u0111u kako bi rekli &#8220;dosta&#8221; nepravednoj raspodjeli zajedni\u010dke ste\u010dene vrijednosti, niskih pla\u0107a i niskih mirovina.<\/p>\n\n\n\n<p>Predsjednica Sindikata umirovljenika Hrvatske (SUH)&nbsp;<strong>Vi\u0161nja Stani\u0161i\u0107<\/strong>&nbsp;pozvala je umirovljenike da se odazovu &#8220;kako bi pokazali da se na Trg ne dolazi samo kada se slave medalje i sportski uspjesi&#8221;, ve\u0107 da poka\u017eu da im je dosta da ih &#8220;Vlada la\u017ee, trgovci varaju, a doktori omalova\u017eavaju&#8221;. <\/p>\n\n\n\n<p>Tako\u0111er je pozvala na cjelovite reforme u mirovinskom sustavu kako bi se rije\u0161ile diskriminacije i pravednije uskla\u0111ivale mirovine.<\/p><div id=\"mojev-1204689747\" class=\"mojev-u-tekstu mojev-entity-placement\" style=\"margin-left: auto;margin-right: auto;text-align: center;\"><div class=\"mojev-adlabel\">oglas<\/div><div style=\"height: 250px;\"><script async src=\"https:\/\/pagead2.googlesyndication.com\/pagead\/js\/adsbygoogle.js?client=ca-pub-8106111766207173\"\r\n     crossorigin=\"anonymous\"><\/script>\r\n<!-- Prikazni 1 u tekstu -->\r\n<ins class=\"adsbygoogle\"\r\n     style=\"display:block\"\r\n     data-ad-client=\"ca-pub-8106111766207173\"\r\n     data-ad-slot=\"8535551207\"\r\n     data-ad-format=\"auto\"\r\n     data-full-width-responsive=\"true\"><\/ins>\r\n<script>\r\n     (adsbygoogle = window.adsbygoogle || []).push({});\r\n<\/script><\/div><\/div><br style=\"clear: both; display: block; float: none;\"\/>\n\n\n\n<p>&#8220;Do\u0161li smo do prijelomnog trenutka. Ho\u0107emo li dalje tolerirati gramzivi profit i nepravednu raspodjelu zajedni\u010dko ste\u010dene vrijednosti ili \u0107emo re\u0107i dosta je&#8221;, upitao je predsjednik Saveza samostalnih sindikata Hrvatske (SSSH)&nbsp;<strong>Mladen Novosel<\/strong>.<\/p>\n\n\n\n<p>Predsjednik Nezavisnih hrvatskih sindikata (NHS)&nbsp;<strong>Dra\u017een Jovi\u0107<\/strong>&nbsp;upozorio je na duboku neravnote\u017eu u raspodjeli stvorene vrijednosti &#8211; u razdoblju od 2015. do 2024. godine neto dobit poduzetnika porasla je 336 posto, dok je prosje\u010dna pla\u0107a zaposlenih porasla 72 posto.<\/p>\n<div id=\"mojev-4141545927\" class=\"mojev-kraj-teksta mojev-entity-placement\" style=\"margin-bottom: 20px;margin-left: auto;margin-right: auto;text-align: center;\"><div class=\"mojev-adlabel\">oglas<\/div><div style=\"height: 250px;\"><script async src=\"https:\/\/pagead2.googlesyndication.com\/pagead\/js\/adsbygoogle.js?client=ca-pub-8106111766207173\"\r\n     crossorigin=\"anonymous\"><\/script>\r\n<!-- Display-1 -->\r\n<ins class=\"adsbygoogle\"\r\n     style=\"display:block\"\r\n     data-ad-client=\"ca-pub-8106111766207173\"\r\n     data-ad-slot=\"1465712950\"\r\n     data-ad-format=\"auto\"\r\n     data-full-width-responsive=\"true\"><\/ins>\r\n<script>\r\n     (adsbygoogle = window.adsbygoogle || []).push({});\r\n<\/script><\/div><\/div>","protected":false},"excerpt":{"rendered":"<p>Prosvjed &#8211; Hrvatska zajedno za ve\u0107e pla\u0107e i mirovine &#8211; sindikalisti su najavili za 18. travnja u 12 sati na zagreba\u010dkom Trgu bana Jela\u010di\u0107a. Okupljanje je predvi\u0111eno do 11 sati na Trgu Republike Hrvatske, ispred zgrade Hrvatskog narodnog kazali\u0161ta.<\/p>\n","protected":false},"author":1,"featured_media":142259,"comment_status":"closed","ping_status":"closed","sticky":false,"template":"","format":"standard","meta":{"footnotes":""},"categories":[9],"tags":[18,3682,1684],"class_list":["post-150218","post","type-post","status-publish","format-standard","has-post-thumbnail","hentry","category-vijesti","tag-mirovine","tag-prosvjed","tag-visnja-stanisic"],"_links":{"self":[{"href":"https:\/\/www.mojevrijeme.hr\/magazin\/wp-json\/wp\/v2\/posts\/150218","targetHints":{"allow":["GET"]}}],"collection":[{"href":"https:\/\/www.mojevrijeme.hr\/magazin\/wp-json\/wp\/v2\/posts"}],"about":[{"href":"https:\/\/www.mojevrijeme.hr\/magazin\/wp-json\/wp\/v2\/types\/post"}],"author":[{"embeddable":true,"href":"https:\/\/www.mojevrijeme.hr\/magazin\/wp-json\/wp\/v2\/users\/1"}],"replies":[{"embeddable":true,"href":"https:\/\/www.mojevrijeme.hr\/magazin\/wp-json\/wp\/v2\/comments?post=150218"}],"version-history":[{"count":4,"href":"https:\/\/www.mojevrijeme.hr\/magazin\/wp-json\/wp\/v2\/posts\/150218\/revisions"}],"predecessor-version":[{"id":150222,"href":"https:\/\/www.mojevrijeme.hr\/magazin\/wp-json\/wp\/v2\/posts\/150218\/revisions\/150222"}],"wp:featuredmedia":[{"embeddable":true,"href":"https:\/\/www.mojevrijeme.hr\/magazin\/wp-json\/wp\/v2\/media\/142259"}],"wp:attachment":[{"href":"https:\/\/www.mojevrijeme.hr\/magazin\/wp-json\/wp\/v2\/media?parent=150218"}],"wp:term":[{"taxonomy":"category","embeddable":true,"href":"https:\/\/www.mojevrijeme.hr\/magazin\/wp-json\/wp\/v2\/categories?post=150218"},{"taxonomy":"post_tag","embeddable":true,"href":"https:\/\/www.mojevrijeme.hr\/magazin\/wp-json\/wp\/v2\/tags?post=150218"}],"curies":[{"name":"wp","href":"https:\/\/api.w.org\/{rel}","templated":true}]}}