{"id":150236,"date":"2026-03-04T11:04:55","date_gmt":"2026-03-04T10:04:55","guid":{"rendered":"https:\/\/www.mojevrijeme.hr\/magazin\/?p=150236"},"modified":"2026-03-04T11:04:59","modified_gmt":"2026-03-04T10:04:59","slug":"hrvatski-novinari-na-svjetskom-prvenstvu-skijasa-u-kataloniji","status":"publish","type":"post","link":"https:\/\/www.mojevrijeme.hr\/magazin\/2026\/03\/hrvatski-novinari-na-svjetskom-prvenstvu-skijasa-u-kataloniji\/","title":{"rendered":"Hrvatski novinari na Svjetskom prvenstvu skija\u0161a u Kataloniji"},"content":{"rendered":"\n<p>U katalonskom skija\u0161kom centru Boi Ta\u00fcll sino\u0107 je otvoreno je 71. Svjetsko prvenstvo novinara skija\u0161a. Prvenstvo se odr\u017eava do 7. o\u017eujka a na njemu sudjeluje stotinjak novinara iz vi\u0161e od 20 zemalja iz cijelog svijeta. Boje Hrvatske brane novinarke <strong>Ana Rai\u0107<\/strong> i <strong>Branka Malnar<\/strong>, te fotograf <strong>Rino Gropuzzo<\/strong>.<\/p>\n\n\n\n<p>Boi Ta\u00fcll je najvi\u0161e skijali\u0161te na Pirinejima, te se mo\u017ee pohvaliti velikim koli\u010dinama prirodnog snijega. Osim toga njegovi dijelovi pod za\u0161titom su UNESCO-a i to zbog prirodne ali i romani\u010dkih crkava zbog \u010dega je atraktivno posjetiteljima iz cijelog svijeta.<\/p>\n\n\n\n<p>&#8220;Zbog UNESCO-ve za\u0161tite nemamo problema sa \u0161irenjem na\u0161ih kapaciteta, no to nam i nije cilj ve\u0107 \u017eelimo posti\u0107i da nam gosti osim zimi dolaze kroz cijelu godinu&#8221;, rekao nam je predstavnik skija\u0161kog centra Carlos Ruiz.<\/p><div id=\"mojev-2387315236\" class=\"mojev-u-tekstu mojev-entity-placement\" style=\"margin-left: auto;margin-right: auto;text-align: center;\"><div class=\"mojev-adlabel\">oglas<\/div><div style=\"height: 250px;\"><script async src=\"https:\/\/pagead2.googlesyndication.com\/pagead\/js\/adsbygoogle.js?client=ca-pub-8106111766207173\"\r\n     crossorigin=\"anonymous\"><\/script>\r\n<!-- Prikazni 1 u tekstu -->\r\n<ins class=\"adsbygoogle\"\r\n     style=\"display:block\"\r\n     data-ad-client=\"ca-pub-8106111766207173\"\r\n     data-ad-slot=\"8535551207\"\r\n     data-ad-format=\"auto\"\r\n     data-full-width-responsive=\"true\"><\/ins>\r\n<script>\r\n     (adsbygoogle = window.adsbygoogle || []).push({});\r\n<\/script><\/div><\/div><br style=\"clear: both; display: block; float: none;\"\/>\n\n\n\n<p>I direktor turisti\u010dke zajednice Katalonije Patrick Torrent isti\u010de kako je upravo 365 strategija klju\u010dna za odr\u017eivost turizma u skija\u0161kim centrima koji sve vi\u0161e problema imaju zbog manjka snijega. &#8220;Dodu\u0161e, mi ovdje snijega zbog polo\u017eaja Boi Ta\u00fclla jo\u0161 uvijek imamo puno i nismo ovisni o umjetnom snijegu, no moramo se pripremiti za ono \u0161to nam donose klimatske promjene&#8221;, poru\u010dio je.<\/p>\n\n\n\n<figure class=\"wp-block-image size-large\"><img loading=\"lazy\" decoding=\"async\" width=\"740\" height=\"444\" src=\"https:\/\/www.mojevrijeme.hr\/magazin\/wp-content\/uploads\/2026\/03\/kidjasi-2-740x444.jpg\" alt=\"\" class=\"wp-image-150238\" srcset=\"https:\/\/www.mojevrijeme.hr\/magazin\/wp-content\/uploads\/2026\/03\/kidjasi-2-740x444.jpg 740w, https:\/\/www.mojevrijeme.hr\/magazin\/wp-content\/uploads\/2026\/03\/kidjasi-2-636x382.jpg 636w, https:\/\/www.mojevrijeme.hr\/magazin\/wp-content\/uploads\/2026\/03\/kidjasi-2-768x461.jpg 768w, https:\/\/www.mojevrijeme.hr\/magazin\/wp-content\/uploads\/2026\/03\/kidjasi-2-1536x922.jpg 1536w, https:\/\/www.mojevrijeme.hr\/magazin\/wp-content\/uploads\/2026\/03\/kidjasi-2-1500x900.jpg 1500w, https:\/\/www.mojevrijeme.hr\/magazin\/wp-content\/uploads\/2026\/03\/kidjasi-2-1600x960.jpg 1600w, https:\/\/www.mojevrijeme.hr\/magazin\/wp-content\/uploads\/2026\/03\/kidjasi-2-590x354.jpg 590w, https:\/\/www.mojevrijeme.hr\/magazin\/wp-content\/uploads\/2026\/03\/kidjasi-2-400x240.jpg 400w, https:\/\/www.mojevrijeme.hr\/magazin\/wp-content\/uploads\/2026\/03\/kidjasi-2.jpg 2000w\" sizes=\"auto, (max-width: 740px) 100vw, 740px\" \/><\/figure>\n\n\n\n<p>Na Svjetskom prvenstvu novinara skija\u0161a odr\u017eavaju se natjecanja u alpskom i nordijskom skijanju. &#8220;Koliko sam do sada vidjela staze su odli\u010dno pripremljene. Impresivna je koli\u010dina pravog snijega \u0161to u posljednje vrijeme nismo imali priliku vidjeti&#8221;, rekla je na po\u010detku prvenstva Ana Rai\u0107, predsjednica Sekcije novinara skija\u0161a HND-a.<\/p>\n\n\n\n<p>Nastup na\u0161ih predstavnika podr\u017eali su Generali, Hrvatska turisti\u010dka zajednica, Arbacommerce, Milena bakalar i Ski Frankie.<\/p>\n\n\n\n<p>&#8220;U sklopu prvenstva odr\u017eava se i tzv. Nacionalna ve\u010der na kojoj svaka od zemalja sudionica predstavlja svoje tradicionalne proizvode i gastronomiju. Mi smo ove godine s ponosom izlo\u017eili bakalar na bijelo i in\u0107une u kojima su na\u0161i kolege stvarno u\u017eivali&#8221;, dodala je Rai\u0107.<\/p>\n<div id=\"mojev-3807026262\" class=\"mojev-kraj-teksta mojev-entity-placement\" style=\"margin-bottom: 20px;margin-left: auto;margin-right: auto;text-align: center;\"><div class=\"mojev-adlabel\">oglas<\/div><div style=\"height: 250px;\"><script async src=\"https:\/\/pagead2.googlesyndication.com\/pagead\/js\/adsbygoogle.js?client=ca-pub-8106111766207173\"\r\n     crossorigin=\"anonymous\"><\/script>\r\n<!-- Display-1 -->\r\n<ins class=\"adsbygoogle\"\r\n     style=\"display:block\"\r\n     data-ad-client=\"ca-pub-8106111766207173\"\r\n     data-ad-slot=\"1465712950\"\r\n     data-ad-format=\"auto\"\r\n     data-full-width-responsive=\"true\"><\/ins>\r\n<script>\r\n     (adsbygoogle = window.adsbygoogle || []).push({});\r\n<\/script><\/div><\/div>","protected":false},"excerpt":{"rendered":"<p>U katalonskom skijali\u0161tu Boi Ta\u00fcll otvoreno je 71. Svjetsko prvenstvo novinara skija\u0161a. Na natjecanju sudjeluje stotinjak novinara iz vi\u0161e od 20 zemalja, a Hrvatsku predstavljaju Ana Rai\u0107, Branka Malnar i fotograf Rino Gropuzzo.<\/p>\n","protected":false},"author":1,"featured_media":150237,"comment_status":"closed","ping_status":"closed","sticky":false,"template":"","format":"standard","meta":{"footnotes":""},"categories":[9],"tags":[2817,1659,283],"class_list":["post-150236","post","type-post","status-publish","format-standard","has-post-thumbnail","hentry","category-vijesti","tag-novinari","tag-skijanje","tag-sport"],"_links":{"self":[{"href":"https:\/\/www.mojevrijeme.hr\/magazin\/wp-json\/wp\/v2\/posts\/150236","targetHints":{"allow":["GET"]}}],"collection":[{"href":"https:\/\/www.mojevrijeme.hr\/magazin\/wp-json\/wp\/v2\/posts"}],"about":[{"href":"https:\/\/www.mojevrijeme.hr\/magazin\/wp-json\/wp\/v2\/types\/post"}],"author":[{"embeddable":true,"href":"https:\/\/www.mojevrijeme.hr\/magazin\/wp-json\/wp\/v2\/users\/1"}],"replies":[{"embeddable":true,"href":"https:\/\/www.mojevrijeme.hr\/magazin\/wp-json\/wp\/v2\/comments?post=150236"}],"version-history":[{"count":1,"href":"https:\/\/www.mojevrijeme.hr\/magazin\/wp-json\/wp\/v2\/posts\/150236\/revisions"}],"predecessor-version":[{"id":150239,"href":"https:\/\/www.mojevrijeme.hr\/magazin\/wp-json\/wp\/v2\/posts\/150236\/revisions\/150239"}],"wp:featuredmedia":[{"embeddable":true,"href":"https:\/\/www.mojevrijeme.hr\/magazin\/wp-json\/wp\/v2\/media\/150237"}],"wp:attachment":[{"href":"https:\/\/www.mojevrijeme.hr\/magazin\/wp-json\/wp\/v2\/media?parent=150236"}],"wp:term":[{"taxonomy":"category","embeddable":true,"href":"https:\/\/www.mojevrijeme.hr\/magazin\/wp-json\/wp\/v2\/categories?post=150236"},{"taxonomy":"post_tag","embeddable":true,"href":"https:\/\/www.mojevrijeme.hr\/magazin\/wp-json\/wp\/v2\/tags?post=150236"}],"curies":[{"name":"wp","href":"https:\/\/api.w.org\/{rel}","templated":true}]}}