{"id":150286,"date":"2026-03-05T09:04:34","date_gmt":"2026-03-05T08:04:34","guid":{"rendered":"https:\/\/www.mojevrijeme.hr\/magazin\/?p=150286"},"modified":"2026-03-05T10:16:17","modified_gmt":"2026-03-05T09:16:17","slug":"mit-o-kratkim-mirovinama-u-mirovini-smo-vec-23-godine","status":"publish","type":"post","link":"https:\/\/www.mojevrijeme.hr\/magazin\/2026\/03\/mit-o-kratkim-mirovinama-u-mirovini-smo-vec-23-godine\/","title":{"rendered":"Mit o kratkim mirovinama: U mirovini smo ve\u0107 23 godine"},"content":{"rendered":"\n<p>Prosje\u010dni hrvatski umirovljenik, umirovljen prema op\u0107im propisima, mirovinu prima ve\u0107 desetlje\u0107ima. Pokazuju to podaci Hrvatskog zavoda za mirovinsko osiguranje. Suprotno uvrije\u017eenom mi\u0161ljenju o iznimno kratkim mirovinama, prosje\u010dan ZOMO umirovljenik u prosincu je iza sebe imao ve\u0107 22 godine i 10 mjeseci u\u017eivanja mirovine. <\/p>\n\n\n\n<p>Istodobno, njegov prosje\u010dni mirovinski sta\u017e iznosio je 31 godinu i \u0161est mjeseci, a prosje\u010dna dob bila mu je 72 godine i 11 mjeseci. Statistika tako pokazuje da tipi\u010dni korisnik mirovine u Hrvatskoj radi ne\u0161to vi\u0161e od tri desetlje\u0107a, a u mirovini je ve\u0107 vi\u0161e od dva desetlje\u0107a. Razlike izme\u0111u mu\u0161karaca i \u017eena pritom su vrlo izra\u017eene. Mu\u0161karci u prosjeku imaju 32 godine i 11 mjeseci sta\u017ea, dok \u017eene imaju 30 godina i \u010detiri mjeseca sta\u017ea, ali su u mirovini znatno dulje.<\/p>\n\n\n\n<h2 class=\"wp-block-heading\">Starosne: U mirovini ve\u0107 22 godine<\/h2>\n\n\n\n<p>Ni daljnje razlaganje podataka ne ide u prilog uvjerenju da hrvatski umirovljenici mirovinu koriste tek kratko vrijeme.  Prosje\u010dni korisnik starosne mirovine ima 33 godine i mjesec dana sta\u017ea, star je 73 godine i devet mjeseci, a u mirovini je 21 godinu i deset mjeseci.<\/p><div id=\"mojev-1416761519\" class=\"mojev-u-tekstu mojev-entity-placement\" style=\"margin-left: auto;margin-right: auto;text-align: center;\"><div class=\"mojev-adlabel\">oglas<\/div><div style=\"height: 250px;\"><script async src=\"https:\/\/pagead2.googlesyndication.com\/pagead\/js\/adsbygoogle.js?client=ca-pub-8106111766207173\"\r\n     crossorigin=\"anonymous\"><\/script>\r\n<!-- Prikazni 1 u tekstu -->\r\n<ins class=\"adsbygoogle\"\r\n     style=\"display:block\"\r\n     data-ad-client=\"ca-pub-8106111766207173\"\r\n     data-ad-slot=\"8535551207\"\r\n     data-ad-format=\"auto\"\r\n     data-full-width-responsive=\"true\"><\/ins>\r\n<script>\r\n     (adsbygoogle = window.adsbygoogle || []).push({});\r\n<\/script><\/div><\/div><br style=\"clear: both; display: block; float: none;\"\/>\n\n\n\n<p>Mu\u0161karci u toj skupini imaju dulji radni vijek (34 godine i \u0161est mjeseci), dok \u017eene imaju 31 godinu i devet mjeseci, ali su i ovdje u mirovini znatno dulje; \u010dak 25 godina i osam mjeseci, naspram 18 godina i deset mjeseci kod mu\u0161karaca.<\/p>\n\n\n\n<div style=\"height:30px\" aria-hidden=\"true\" class=\"wp-block-spacer\"><\/div>\n\n\n\n<iframe title=\"Koliko su radili, a koliko su ve\u0107 u mirovini\" aria-label=\"Grouped Bars\" id=\"datawrapper-chart-yrwNu\" src=\"https:\/\/datawrapper.dwcdn.net\/yrwNu\/1\/\" scrolling=\"no\" frameborder=\"0\" style=\"width: 0; min-width: 100% !important; border: none;\" height=\"313\" data-external=\"1\"><\/iframe><script type=\"text\/javascript\">window.addEventListener(\"message\",function(a){if(void 0!==a.data[\"datawrapper-height\"]){var e=document.querySelectorAll(\"iframe\");for(var t in a.data[\"datawrapper-height\"])for(var r,i=0;r=e[i];i++)if(r.contentWindow===a.source){var d=a.data[\"datawrapper-height\"][t]+\"px\";r.style.height=d}}});<\/script>\n\n\n\n<div style=\"height:30px\" aria-hidden=\"true\" class=\"wp-block-spacer\"><\/div>\n\n\n\n<h2 class=\"wp-block-heading\">Invalidske: Najmla\u0111i korisnici<\/h2>\n\n\n\n<p>Kod invalidskih mirovina obrazac je druk\u010diji jer se pravo na mirovinu ostvaruje ranije. Prosje\u010dni sta\u017e korisnika iznosi 21 godinu i deset mjeseci, prosje\u010dna dob je 64 godine i deset mjeseci. Ti korisnici su u mirovini 20 godina i osam mjeseci.<\/p>\n\n\n\n<h2 class=\"wp-block-heading\">Obiteljske: Kasni po\u010detak primanja<\/h2>\n\n\n\n<p>Obiteljske mirovine naj\u010de\u0161\u0107e se ostvaruju kasnije u \u017eivotu. Prosje\u010dna dob korisnika iznosi 73 godine i dva mjeseca, prosje\u010dni sta\u017e iza tih mirovina je 28 godina i \u010detiri mjeseca, a njihovi korisnici su ih po\u010deli primati prije 17 godina i \u0161est mjeseci.<\/p>\n<div id=\"mojev-1414332231\" class=\"mojev-kraj-teksta mojev-entity-placement\" style=\"margin-bottom: 20px;margin-left: auto;margin-right: auto;text-align: center;\"><div class=\"mojev-adlabel\">oglas<\/div><div style=\"height: 250px;\"><script async src=\"https:\/\/pagead2.googlesyndication.com\/pagead\/js\/adsbygoogle.js?client=ca-pub-8106111766207173\"\r\n     crossorigin=\"anonymous\"><\/script>\r\n<!-- Display-1 -->\r\n<ins class=\"adsbygoogle\"\r\n     style=\"display:block\"\r\n     data-ad-client=\"ca-pub-8106111766207173\"\r\n     data-ad-slot=\"1465712950\"\r\n     data-ad-format=\"auto\"\r\n     data-full-width-responsive=\"true\"><\/ins>\r\n<script>\r\n     (adsbygoogle = window.adsbygoogle || []).push({});\r\n<\/script><\/div><\/div>","protected":false},"excerpt":{"rendered":"<p>U raspravama o mirovinskom sustavu \u010desto se mo\u017ee \u010duti kako hrvatski umirovljenici mirovinu primaju tek kratko vrijeme. Ali prosje\u010dan korisnik mirovine prema op\u0107im propisima iza sebe ima ve\u0107 vi\u0161e od dva desetlje\u0107a primanja mirovine.<\/p>\n","protected":false},"author":1,"featured_media":119420,"comment_status":"closed","ping_status":"closed","sticky":false,"template":"","format":"standard","meta":{"footnotes":""},"categories":[9],"tags":[18],"class_list":["post-150286","post","type-post","status-publish","format-standard","has-post-thumbnail","hentry","category-vijesti","tag-mirovine"],"_links":{"self":[{"href":"https:\/\/www.mojevrijeme.hr\/magazin\/wp-json\/wp\/v2\/posts\/150286","targetHints":{"allow":["GET"]}}],"collection":[{"href":"https:\/\/www.mojevrijeme.hr\/magazin\/wp-json\/wp\/v2\/posts"}],"about":[{"href":"https:\/\/www.mojevrijeme.hr\/magazin\/wp-json\/wp\/v2\/types\/post"}],"author":[{"embeddable":true,"href":"https:\/\/www.mojevrijeme.hr\/magazin\/wp-json\/wp\/v2\/users\/1"}],"replies":[{"embeddable":true,"href":"https:\/\/www.mojevrijeme.hr\/magazin\/wp-json\/wp\/v2\/comments?post=150286"}],"version-history":[{"count":7,"href":"https:\/\/www.mojevrijeme.hr\/magazin\/wp-json\/wp\/v2\/posts\/150286\/revisions"}],"predecessor-version":[{"id":150296,"href":"https:\/\/www.mojevrijeme.hr\/magazin\/wp-json\/wp\/v2\/posts\/150286\/revisions\/150296"}],"wp:featuredmedia":[{"embeddable":true,"href":"https:\/\/www.mojevrijeme.hr\/magazin\/wp-json\/wp\/v2\/media\/119420"}],"wp:attachment":[{"href":"https:\/\/www.mojevrijeme.hr\/magazin\/wp-json\/wp\/v2\/media?parent=150286"}],"wp:term":[{"taxonomy":"category","embeddable":true,"href":"https:\/\/www.mojevrijeme.hr\/magazin\/wp-json\/wp\/v2\/categories?post=150286"},{"taxonomy":"post_tag","embeddable":true,"href":"https:\/\/www.mojevrijeme.hr\/magazin\/wp-json\/wp\/v2\/tags?post=150286"}],"curies":[{"name":"wp","href":"https:\/\/api.w.org\/{rel}","templated":true}]}}