{"id":150372,"date":"2026-03-06T10:36:03","date_gmt":"2026-03-06T09:36:03","guid":{"rendered":"https:\/\/www.mojevrijeme.hr\/magazin\/?p=150372"},"modified":"2026-03-06T11:13:34","modified_gmt":"2026-03-06T10:13:34","slug":"stanisic-zahtijevam-uskladivanje-mirovina-od-120-posto-ne-vjerujem-prosjecima","status":"publish","type":"post","link":"https:\/\/www.mojevrijeme.hr\/magazin\/2026\/03\/stanisic-zahtijevam-uskladivanje-mirovina-od-120-posto-ne-vjerujem-prosjecima\/","title":{"rendered":"Stani\u0161i\u0107: Zahtijevam uskla\u0111ivanje mirovina od 120 posto, ne vjerujem prosjecima"},"content":{"rendered":"\n<p>Uo\u010di prosvjeda &#8220;Hrvatska zajedno za ve\u0107e pla\u0107e i mirovine&#8221; koji \u0107e se odr\u017eati u Zagrebu, na Trgu bana Josipa Jela\u010di\u0107a, 18. travnja 2026. godine u 12.00 sati, predsjednica Sindikata umirovljenika Hrvatske (SUH) <strong>Vi\u0161nja Stani\u0161i\u0107<\/strong> objavila je za \u0161to \u0107e se boriti u svom mandatu, a u cilju boljitka umirovljenika.<\/p>\n\n\n\n<p>Stani\u0161i\u0107 je, izme\u0111u ostalog, objavila da ne vjeruje u iskazane prosjeke koje objavljuje Hrvatski zavod za mirovinsko osiguranje (HZMO). &#8220;Oni se rade po nalogu i narud\u017ebi, ovisno o tome tko ih naru\u010duje i u koje se vrijeme rade. Umirovljenici jako dobro vide kad do\u0111u u trgovinu. Ne trebaju im prosjeci koji \u0107e im govoriti kako im je u \u017eivotu.&#8221;<\/p>\n\n\n\n<p>Predsjednica SUH-a ka\u017ee da ima niz zahtjeva o kojima \u0107e poku\u0161ati pregovarati s Vladom RH. &#8220;Ono \u0161to vjerojatno ne\u0107emo uspjeti ispregovarati je promjena cijelog Zakona o mirovinskom osiguranju, od temelja. To bi trebalo ispraviti sve diskriminacije, nedosljednosti i nelogi\u010dnosti u va\u017ee\u0107em zakonu. O tome mo\u017eemo samo sanjati jer je to prevelik, prevru\u0107i krumpir da bi se netko toga primio.&#8221;<\/p><div id=\"mojev-1429248596\" class=\"mojev-u-tekstu mojev-entity-placement\" style=\"margin-left: auto;margin-right: auto;text-align: center;\"><div class=\"mojev-adlabel\">oglas<\/div><div style=\"height: 250px;\"><script async src=\"https:\/\/pagead2.googlesyndication.com\/pagead\/js\/adsbygoogle.js?client=ca-pub-8106111766207173\"\r\n     crossorigin=\"anonymous\"><\/script>\r\n<!-- Prikazni 1 u tekstu -->\r\n<ins class=\"adsbygoogle\"\r\n     style=\"display:block\"\r\n     data-ad-client=\"ca-pub-8106111766207173\"\r\n     data-ad-slot=\"8535551207\"\r\n     data-ad-format=\"auto\"\r\n     data-full-width-responsive=\"true\"><\/ins>\r\n<script>\r\n     (adsbygoogle = window.adsbygoogle || []).push({});\r\n<\/script><\/div><\/div><br style=\"clear: both; display: block; float: none;\"\/>\n\n\n\n<p>Umjesto tog prevelikog zalogaja, bavit \u0107e se, obja\u0161njava Stani\u0161i\u0107, onime \u0161to smatra da je mogu\u0107e realizirati. Iako je ranije kazala da ne vjeruje u slu\u017ebene prosjeke, svoj je cilj vezala upravo za prosjek mirovine i prosjek pla\u0107e. &#8220;S ovakvim uskla\u0111ivanjem mirovina kakvo sada jest, nema \u0161anse da do\u0111emo do 60 posto pla\u0107e. Smatramo da bi to uskla\u0111ivanje trebalo biti izme\u0111u 100 i 120 posto kako bismo se koliko-toliko pribli\u017eili.&#8221;<\/p>\n\n\n\n<p>\u0160efica najagilnije umirovljeni\u010dke udruge zahtijeva da se uskla\u0111ivanje provodi svaka dva mjeseca, a ne sa zaka\u0161njenjem, od, kako ka\u017ee, osam ili devet mjeseci. Podsjetimo, uskla\u0111ivanja se provode na temelju stope inflacije i, opet, prosjeka pla\u0107e.<\/p>\n\n\n\n<p>Podsjetimo, HZMO je objavio da prosje\u010dna ukupna starosna mirovina za 528.412 korisnika mirovina koji su pravo na mirovinu ostvarili prema ZOMO (bez me\u0111unarodnih ugovora) iznosi 702,70 eura. Udio te sije\u010danjske mirovine ispla\u0107ene u velja\u010di u prosje\u010dnoj neto pla\u0107i zaposlenih u pravnim osobama u Republici Hrvatskoj za prosinac 2025. iznosi 47,03 posto.<\/p>\n\n\n\n<p>Prosje\u010dna starosna neto mirovina prema ZOMO-u&nbsp;(bez me\u0111unarodnih ugovora) za 40 i vi\u0161e godina mirovinskog sta\u017ea iznosi <strong>1.005,67 eura<\/strong>, a njen udio u prosje\u010dnoj netopla\u0107i za prosinac 2025. iznosi 67,3 posto, objavio je HZMO.<\/p>\n<div id=\"mojev-988147229\" class=\"mojev-kraj-teksta mojev-entity-placement\" style=\"margin-bottom: 20px;margin-left: auto;margin-right: auto;text-align: center;\"><div class=\"mojev-adlabel\">oglas<\/div><div style=\"height: 250px;\"><script async src=\"https:\/\/pagead2.googlesyndication.com\/pagead\/js\/adsbygoogle.js?client=ca-pub-8106111766207173\"\r\n     crossorigin=\"anonymous\"><\/script>\r\n<!-- Display-1 -->\r\n<ins class=\"adsbygoogle\"\r\n     style=\"display:block\"\r\n     data-ad-client=\"ca-pub-8106111766207173\"\r\n     data-ad-slot=\"1465712950\"\r\n     data-ad-format=\"auto\"\r\n     data-full-width-responsive=\"true\"><\/ins>\r\n<script>\r\n     (adsbygoogle = window.adsbygoogle || []).push({});\r\n<\/script><\/div><\/div>","protected":false},"excerpt":{"rendered":"<p>Predsjednica Sindikata umirovljenika Hrvatske, Vi\u0161nja Stani\u0161i\u0107, uo\u010di prosvjeda najavljenog za 18. travnja na Trgu bana Jela\u010di\u0107a poru\u010dila je da ne vjeruje u slu\u017ebene prosjeke mirovina te najavila zahtjeve prema Vladi. Tra\u017ei \u010de\u0161\u0107e uskla\u0111ivanje mirovina i promjene koje bi umirovljeni\u010dke prihode pribli\u017eile 60 posto prosje\u010dne pla\u0107e.<\/p>\n","protected":false},"author":1,"featured_media":145128,"comment_status":"closed","ping_status":"closed","sticky":false,"template":"","format":"standard","meta":{"footnotes":""},"categories":[9],"tags":[18,971,1684],"class_list":["post-150372","post","type-post","status-publish","format-standard","has-post-thumbnail","hentry","category-vijesti","tag-mirovine","tag-uskladivanje-mirovina","tag-visnja-stanisic"],"_links":{"self":[{"href":"https:\/\/www.mojevrijeme.hr\/magazin\/wp-json\/wp\/v2\/posts\/150372","targetHints":{"allow":["GET"]}}],"collection":[{"href":"https:\/\/www.mojevrijeme.hr\/magazin\/wp-json\/wp\/v2\/posts"}],"about":[{"href":"https:\/\/www.mojevrijeme.hr\/magazin\/wp-json\/wp\/v2\/types\/post"}],"author":[{"embeddable":true,"href":"https:\/\/www.mojevrijeme.hr\/magazin\/wp-json\/wp\/v2\/users\/1"}],"replies":[{"embeddable":true,"href":"https:\/\/www.mojevrijeme.hr\/magazin\/wp-json\/wp\/v2\/comments?post=150372"}],"version-history":[{"count":9,"href":"https:\/\/www.mojevrijeme.hr\/magazin\/wp-json\/wp\/v2\/posts\/150372\/revisions"}],"predecessor-version":[{"id":150383,"href":"https:\/\/www.mojevrijeme.hr\/magazin\/wp-json\/wp\/v2\/posts\/150372\/revisions\/150383"}],"wp:featuredmedia":[{"embeddable":true,"href":"https:\/\/www.mojevrijeme.hr\/magazin\/wp-json\/wp\/v2\/media\/145128"}],"wp:attachment":[{"href":"https:\/\/www.mojevrijeme.hr\/magazin\/wp-json\/wp\/v2\/media?parent=150372"}],"wp:term":[{"taxonomy":"category","embeddable":true,"href":"https:\/\/www.mojevrijeme.hr\/magazin\/wp-json\/wp\/v2\/categories?post=150372"},{"taxonomy":"post_tag","embeddable":true,"href":"https:\/\/www.mojevrijeme.hr\/magazin\/wp-json\/wp\/v2\/tags?post=150372"}],"curies":[{"name":"wp","href":"https:\/\/api.w.org\/{rel}","templated":true}]}}