{"id":150390,"date":"2026-03-06T15:05:42","date_gmt":"2026-03-06T14:05:42","guid":{"rendered":"https:\/\/www.mojevrijeme.hr\/magazin\/?p=150390"},"modified":"2026-03-06T15:05:43","modified_gmt":"2026-03-06T14:05:43","slug":"maca-je-radila-43-godine-bolje-su-prosli-oni-s-30-i-manje-godina-staza","status":"publish","type":"post","link":"https:\/\/www.mojevrijeme.hr\/magazin\/2026\/03\/maca-je-radila-43-godine-bolje-su-prosli-oni-s-30-i-manje-godina-staza\/","title":{"rendered":"Maca je radila 43 godine: &#8216;Bolje su pro\u0161li oni s 30 i manje godina sta\u017ea&#8217;"},"content":{"rendered":"\n<p>Umirovljenica Maca ka\u017ee da joj se svidjela <a href=\"https:\/\/www.mojevrijeme.hr\/magazin\/2026\/02\/maja-kopamo-vrt-i-zivimo-dobro-s-muzevih-560-eura\/\" data-type=\"post\" data-id=\"149955\">pri\u010da umirovljenice Maje<\/a> koja je zadovoljna mirovinom i jo\u0161 obra\u0111uje vrt. Stvarno, u dana\u0161nje vrijeme, ka\u017ee, to zvu\u010di kao \u017eivot iz snova. I sama bi rado imala takvu mogu\u0107nost, ali vrt joj je davno nestao. <\/p>\n\n\n\n<p>Obja\u0161njava da je sa zemlje izvla\u0161tena jo\u0161 davne 1973. godine. \u201cIsplata je bila tolika da sam mogla kupiti stojadina. Tu su gradili \u0161kolu, morala sam staviti ogradu i oprostiti se od otprilike 500 hvati zemlje\u201d, prisje\u0107a se.<\/p>\n\n\n\n<p>Danas joj je vrt sveden na nekoliko vo\u0107ki i visokih lonaca u dvori\u0161tu. U njima uzgaja per\u0161in, celer, \u0161pinat i salatu. &#8220;Prije sam \u0161tihala jedan dio za vrt, ali kako ne \u017eelim ni\u0161ta prskati, nije bilo druge nego to pretvoriti u travnjak zbog najezde pu\u017eeva, a i ina\u010de ne bi bilo ekolo\u0161ki jer je u blizini cesta s vrlo gustim prometom&#8221;\u201d<\/p><div id=\"mojev-2829069664\" class=\"mojev-u-tekstu mojev-entity-placement\" style=\"margin-left: auto;margin-right: auto;text-align: center;\"><div class=\"mojev-adlabel\">oglas<\/div><div style=\"height: 250px;\"><script async src=\"https:\/\/pagead2.googlesyndication.com\/pagead\/js\/adsbygoogle.js?client=ca-pub-8106111766207173\"\r\n     crossorigin=\"anonymous\"><\/script>\r\n<!-- Prikazni 1 u tekstu -->\r\n<ins class=\"adsbygoogle\"\r\n     style=\"display:block\"\r\n     data-ad-client=\"ca-pub-8106111766207173\"\r\n     data-ad-slot=\"8535551207\"\r\n     data-ad-format=\"auto\"\r\n     data-full-width-responsive=\"true\"><\/ins>\r\n<script>\r\n     (adsbygoogle = window.adsbygoogle || []).push({});\r\n<\/script><\/div><\/div><br style=\"clear: both; display: block; float: none;\"\/>\n\n\n\n<p>Dodaje da su s dvije strane dvori\u0161ta blizu zgrade pa zbog hlada ionako ni\u0161ta ne mo\u017ee rasti. &#8220;Tu sam posadila zelenilo poput tise, lje\u0161njaka i bo\u017eikovine. U stvari, to je sad jedna zelena oaza, a i \u0161tit da se ba\u0161 ne bulji u dvori\u0161te. Nekad je bilo sve u vo\u0107u i povr\u0107u, a sad je tako kako je. Nema ni\u0161ta za \u0161krinju jer nema gdje rasti.&#8221;<\/p>\n\n\n\n<h2 class=\"wp-block-heading\">Puna starosna mirovina nije raj<\/h2>\n\n\n\n<p>Ka\u017ee da je ro\u0111ena u zagreba\u010dkom predgra\u0111u, radila je 43 godine, a sada je proslavila 74. ro\u0111endan. \u201cU mirovinu sam oti\u0161la po zakonu, sa 60 godina i 6 mjeseci. Dakle, \u010dista puna starosna mirovina po onda\u0161njim uvjetima. Spadam u one koji se nigdje ne spominju kad su bilo kakva pove\u0107anja. Izgleda da bi bilo bolje da sam oti\u0161la u prijevremenu i vi\u0161e se odmarala nego radila. Sada\u0161nja mirovina mi je 665 eura\u201d, navodi.<\/p>\n\n\n\n<p>Zbog svega se osje\u0107a poprili\u010dno zakinutom \u2013 i \u0161to se \u017eivotnog prostora ti\u010de i \u0161to se mirovine ti\u010de. &#8220;Nemamo svi mogu\u0107nost zaraditi i uzgojiti ne\u0161to svojim rukama. \u0160to se mirovine ti\u010de, moja generacija je zaboravljena. Nema ba\u0161 puno&#8221;, ka\u017ee.<\/p>\n\n\n\n<p>Smatra da su u boljoj poziciji oni koji su radili kra\u0107e, ali imaju pravo na razli\u010dite dodatke. \u201cMi koji smo radili 40 i vi\u0161e godina smo zaboravljeni, ali dobro iskori\u0161teni. \u017divimo, pla\u0107amo lijekove, re\u017eije i sve ostalo kao oni s dosta ve\u0107om mirovinom\u201d, zaklju\u010duje Maca.<\/p>\n\n\n\n<div id=\"crveno\"><\/p>\n\n\n\n<h3 class=\"wp-block-heading\">Zanima nas va\u0161a pri\u010da<\/h3>\n\n\n\n<p>\u017delite li i vi, posve anonimno, podijeliti svoje iskustvo i vi\u0111enje ove teme s nama i na\u0161im \u010ditateljima, mo\u017eete to u\u010diniti putem web obrasca <a rel=\"noreferrer noopener\" href=\"https:\/\/www.mojevrijeme.hr\/magazin\/povjerljivo\/\" target=\"_blank\">Povjerljivo<\/a>. Napi\u0161ite svoju pri\u010du!<\/p>\n\n\n\n<p><\/div>\n<div id=\"mojev-2778338699\" class=\"mojev-kraj-teksta mojev-entity-placement\" style=\"margin-bottom: 20px;margin-left: auto;margin-right: auto;text-align: center;\"><div class=\"mojev-adlabel\">oglas<\/div><div style=\"height: 250px;\"><script async src=\"https:\/\/pagead2.googlesyndication.com\/pagead\/js\/adsbygoogle.js?client=ca-pub-8106111766207173\"\r\n     crossorigin=\"anonymous\"><\/script>\r\n<!-- Display-1 -->\r\n<ins class=\"adsbygoogle\"\r\n     style=\"display:block\"\r\n     data-ad-client=\"ca-pub-8106111766207173\"\r\n     data-ad-slot=\"1465712950\"\r\n     data-ad-format=\"auto\"\r\n     data-full-width-responsive=\"true\"><\/ins>\r\n<script>\r\n     (adsbygoogle = window.adsbygoogle || []).push({});\r\n<\/script><\/div><\/div>","protected":false},"excerpt":{"rendered":"<p>Umirovljenica Maca (74) iz zagreba\u010dkog predgra\u0111a radila je 43 godine, a danas prima 665 eura mirovine. Ka\u017ee da se osje\u0107a zaboravljeno jer, kako tvrdi, oni s dugim sta\u017eem \u010desto dobiju manje od onih koji su radili znatno kra\u0107e.<\/p>\n","protected":false},"author":1,"featured_media":135064,"comment_status":"closed","ping_status":"closed","sticky":false,"template":"","format":"standard","meta":{"footnotes":""},"categories":[3552],"tags":[18],"class_list":["post-150390","post","type-post","status-publish","format-standard","has-post-thumbnail","hentry","category-povjerljivo","tag-mirovine"],"_links":{"self":[{"href":"https:\/\/www.mojevrijeme.hr\/magazin\/wp-json\/wp\/v2\/posts\/150390","targetHints":{"allow":["GET"]}}],"collection":[{"href":"https:\/\/www.mojevrijeme.hr\/magazin\/wp-json\/wp\/v2\/posts"}],"about":[{"href":"https:\/\/www.mojevrijeme.hr\/magazin\/wp-json\/wp\/v2\/types\/post"}],"author":[{"embeddable":true,"href":"https:\/\/www.mojevrijeme.hr\/magazin\/wp-json\/wp\/v2\/users\/1"}],"replies":[{"embeddable":true,"href":"https:\/\/www.mojevrijeme.hr\/magazin\/wp-json\/wp\/v2\/comments?post=150390"}],"version-history":[{"count":6,"href":"https:\/\/www.mojevrijeme.hr\/magazin\/wp-json\/wp\/v2\/posts\/150390\/revisions"}],"predecessor-version":[{"id":150397,"href":"https:\/\/www.mojevrijeme.hr\/magazin\/wp-json\/wp\/v2\/posts\/150390\/revisions\/150397"}],"wp:featuredmedia":[{"embeddable":true,"href":"https:\/\/www.mojevrijeme.hr\/magazin\/wp-json\/wp\/v2\/media\/135064"}],"wp:attachment":[{"href":"https:\/\/www.mojevrijeme.hr\/magazin\/wp-json\/wp\/v2\/media?parent=150390"}],"wp:term":[{"taxonomy":"category","embeddable":true,"href":"https:\/\/www.mojevrijeme.hr\/magazin\/wp-json\/wp\/v2\/categories?post=150390"},{"taxonomy":"post_tag","embeddable":true,"href":"https:\/\/www.mojevrijeme.hr\/magazin\/wp-json\/wp\/v2\/tags?post=150390"}],"curies":[{"name":"wp","href":"https:\/\/api.w.org\/{rel}","templated":true}]}}