{"id":150398,"date":"2026-03-06T15:43:52","date_gmt":"2026-03-06T14:43:52","guid":{"rendered":"https:\/\/www.mojevrijeme.hr\/magazin\/?p=150398"},"modified":"2026-03-06T15:44:54","modified_gmt":"2026-03-06T14:44:54","slug":"dado-topic-posao-zagarantiran-besplatan-stan-i-tito-bilo-je-lijepo-biti-jugoslaven","status":"publish","type":"post","link":"https:\/\/www.mojevrijeme.hr\/magazin\/2026\/03\/dado-topic-posao-zagarantiran-besplatan-stan-i-tito-bilo-je-lijepo-biti-jugoslaven\/","title":{"rendered":"Dado Topi\u0107: Posao zagarantiran, besplatan stan i Tito &#8211; bilo je lijepo biti Jugoslaven"},"content":{"rendered":"\n<p>Hrvatski glazbenik <strong>Adolf Dado Topi\u0107<\/strong> (76) za <a href=\"https:\/\/n1info.rs\/magazin\/showbiz\/dado-topic-360-stepeni-jugoslavija-pesme-karijera-princeza-flojd-bendovi\/\" target=\"_blank\" rel=\"noreferrer noopener\">N1 Srbija<\/a> rezimirao je svoja sje\u0107anja na Jugoslaviju, za koju ka\u017ee da je bila interesantna po odnosu dr\u017eave i gra\u0111anina. \u201cMogli ste se \u0161kolovati besplatno do magistra nauka. Imali ste besplatno zdravstvo i radno mjesto koje vam je bilo zagarantirano do mirovine. Nitko vam ga nije mogao oteti\u201d, prisjetio se.<\/p>\n\n\n\n<p>Ka\u017ee da su radnici imali pravo na \u201cstan od firme\u201d. Dodaje: \u201c\u010cudesno, ali istinito, radnici su gradili vikendice na moru. Imali su sredstava za to i mogu\u0107nost da svoj radni vijek i trenutke odmora organiziraju po vlastitoj volji. Nitko ih u tome nije ometao\u201d, naveo je ovaj nekada\u0161nji glazbenik.<\/p>\n\n\n\n<p>Zemlje istoka su, tvrdi Topi\u0107, govorile da je Jugoslavija kapitalisti\u010dka zemlja. \u201cMa\u0111ari su govorili da smo mi za njih Amerika. Nije bilo ba\u0161 tako, ali \u010dinjenica je da smo imali profil koji se godinama razvijao kroz ideju da smo mi jedinstveni i da smo bra\u0107a. Bratstvo i jedinstvo.\u201d<\/p><div id=\"mojev-1026308218\" class=\"mojev-u-tekstu mojev-entity-placement\" style=\"margin-left: auto;margin-right: auto;text-align: center;\"><div class=\"mojev-adlabel\">oglas<\/div><div style=\"height: 250px;\"><script async src=\"https:\/\/pagead2.googlesyndication.com\/pagead\/js\/adsbygoogle.js?client=ca-pub-8106111766207173\"\r\n     crossorigin=\"anonymous\"><\/script>\r\n<!-- Prikazni 1 u tekstu -->\r\n<ins class=\"adsbygoogle\"\r\n     style=\"display:block\"\r\n     data-ad-client=\"ca-pub-8106111766207173\"\r\n     data-ad-slot=\"8535551207\"\r\n     data-ad-format=\"auto\"\r\n     data-full-width-responsive=\"true\"><\/ins>\r\n<script>\r\n     (adsbygoogle = window.adsbygoogle || []).push({});\r\n<\/script><\/div><\/div><br style=\"clear: both; display: block; float: none;\"\/>\n\n\n\n<p>\u201cNormalno, bila je pjesma \u2018Dru\u017ee Tito, mi ti se kunemo\u2019, koja je nekako zaokru\u017eivala emotivni kompleks svega \u0161to smo kroz osnovnu \u0161kolu i adolescenciju prihvatili kao oblik pona\u0161anja. Jednostavno, oni koji znaju o \u010demu govorim, znaju da je bilo lijepo biti Jugoslaven. Odete negdje sa strane, na bilo koju stranu, ljudi su nas po\u0161tovali. Govorili su nam da imamo Tita. Imali smo osje\u0107aj da smo jaki.\u201d<\/p>\n\n\n\n<p>Jugoslavija je, smatra Topi\u0107, zbog svojih 25 milijuna stanovnika bila cjelina koja garantira biolo\u0161ku sigurnost i stabilnost u vremenu u kojem smo \u017eivjeli.<\/p>\n\n\n\n<p>\u201cKad ka\u017eem da sam Jugoslaven, gledam to kroz dane koje sam proveo u \u0161koli, na fakultetu, u poku\u0161aju da budem priznati glazbenik, u nastojanju da imam svoj bend, da imam prijatelje koji \u0107e to razumjeti i ljude koji \u0107e mi pomagati. Sudim po uspje\u0161nosti da svoje snove ostvarim u Jugoslaviji\u201d, zaklju\u010dio je glazbenik za kojega je Jugoslavija, po svemu izre\u010denome, sinonim za mladost i uspjeh koji je tada u\u017eivao.<\/p>\n\n\n\n<div id=\"crveno\"><\/p>\n\n\n\n<h3 class=\"wp-block-heading\">Zanima nas va\u0161a pri\u010da<\/h3>\n\n\n\n<p>\u017delite li i vi, posve anonimno, podijeliti svoje iskustvo i vi\u0111enje ove teme s nama i na\u0161im \u010ditateljima, mo\u017eete to u\u010diniti putem web obrasca <a rel=\"noreferrer noopener\" href=\"https:\/\/www.mojevrijeme.hr\/magazin\/povjerljivo\/\" target=\"_blank\">Povjerljivo<\/a>. Napi\u0161ite svoju pri\u010du!<\/p>\n\n\n\n<p><\/div>\n<div id=\"mojev-1153491510\" class=\"mojev-kraj-teksta mojev-entity-placement\" style=\"margin-bottom: 20px;margin-left: auto;margin-right: auto;text-align: center;\"><div class=\"mojev-adlabel\">oglas<\/div><div style=\"height: 250px;\"><script async src=\"https:\/\/pagead2.googlesyndication.com\/pagead\/js\/adsbygoogle.js?client=ca-pub-8106111766207173\"\r\n     crossorigin=\"anonymous\"><\/script>\r\n<!-- Display-1 -->\r\n<ins class=\"adsbygoogle\"\r\n     style=\"display:block\"\r\n     data-ad-client=\"ca-pub-8106111766207173\"\r\n     data-ad-slot=\"1465712950\"\r\n     data-ad-format=\"auto\"\r\n     data-full-width-responsive=\"true\"><\/ins>\r\n<script>\r\n     (adsbygoogle = window.adsbygoogle || []).push({});\r\n<\/script><\/div><\/div>","protected":false},"excerpt":{"rendered":"<p>Hrvatski glazbenik Dado Topi\u0107 prisjetio se \u017eivota u Jugoslaviji i odnosa dr\u017eave prema gra\u0111anima. Ka\u017ee da su ljudi imali besplatno \u0161kolovanje i zdravstvo, zagarantiran posao do mirovine te mogu\u0107nost da od firme dobiju stan, a mnogi su, tvrdi, mogli graditi i vikendice na moru. Prisjetio se i vremena kada je, kako ka\u017ee, bilo lijepo biti Jugoslaven.<\/p>\n","protected":false},"author":1,"featured_media":150404,"comment_status":"closed","ping_status":"closed","sticky":false,"template":"","format":"standard","meta":{"footnotes":""},"categories":[2],"tags":[4919,1712,188,270],"class_list":["post-150398","post","type-post","status-publish","format-standard","has-post-thumbnail","hentry","category-mozaik","tag-dato-topic","tag-jugonostalgija","tag-jugoslavija","tag-pjevaci"],"_links":{"self":[{"href":"https:\/\/www.mojevrijeme.hr\/magazin\/wp-json\/wp\/v2\/posts\/150398","targetHints":{"allow":["GET"]}}],"collection":[{"href":"https:\/\/www.mojevrijeme.hr\/magazin\/wp-json\/wp\/v2\/posts"}],"about":[{"href":"https:\/\/www.mojevrijeme.hr\/magazin\/wp-json\/wp\/v2\/types\/post"}],"author":[{"embeddable":true,"href":"https:\/\/www.mojevrijeme.hr\/magazin\/wp-json\/wp\/v2\/users\/1"}],"replies":[{"embeddable":true,"href":"https:\/\/www.mojevrijeme.hr\/magazin\/wp-json\/wp\/v2\/comments?post=150398"}],"version-history":[{"count":8,"href":"https:\/\/www.mojevrijeme.hr\/magazin\/wp-json\/wp\/v2\/posts\/150398\/revisions"}],"predecessor-version":[{"id":150407,"href":"https:\/\/www.mojevrijeme.hr\/magazin\/wp-json\/wp\/v2\/posts\/150398\/revisions\/150407"}],"wp:featuredmedia":[{"embeddable":true,"href":"https:\/\/www.mojevrijeme.hr\/magazin\/wp-json\/wp\/v2\/media\/150404"}],"wp:attachment":[{"href":"https:\/\/www.mojevrijeme.hr\/magazin\/wp-json\/wp\/v2\/media?parent=150398"}],"wp:term":[{"taxonomy":"category","embeddable":true,"href":"https:\/\/www.mojevrijeme.hr\/magazin\/wp-json\/wp\/v2\/categories?post=150398"},{"taxonomy":"post_tag","embeddable":true,"href":"https:\/\/www.mojevrijeme.hr\/magazin\/wp-json\/wp\/v2\/tags?post=150398"}],"curies":[{"name":"wp","href":"https:\/\/api.w.org\/{rel}","templated":true}]}}