{"id":150408,"date":"2026-03-07T07:26:32","date_gmt":"2026-03-07T06:26:32","guid":{"rendered":"https:\/\/www.mojevrijeme.hr\/magazin\/?p=150408"},"modified":"2026-03-07T08:20:16","modified_gmt":"2026-03-07T07:20:16","slug":"stanisic-ne-mozemo-imati-tri-vrste-majki-u-mirovinskom-sustavu","status":"publish","type":"post","link":"https:\/\/www.mojevrijeme.hr\/magazin\/2026\/03\/stanisic-ne-mozemo-imati-tri-vrste-majki-u-mirovinskom-sustavu\/","title":{"rendered":"Stani\u0161i\u0107: Ne mo\u017eemo imati tri vrste majki u mirovinskom sustavu"},"content":{"rendered":"\n<p>Najavljuju\u0107i veliki sindikalni prosvjed radnika i umirovljenika, predsjednica Sindikata umirovljenika Hrvatske (SUH) <strong>Vi\u0161nja Stani\u0161i\u0107<\/strong> kazala je da \u0107e se boriti protiv diskriminacija unutar mirovinskog sustava.<\/p>\n\n\n\n<p>&#8220;Jedna od najve\u0107ih diskriminacija je ovaj (dodani) sta\u017e koji je Vlada \u2018velikodu\u0161no\u2019 dala roditeljima, uglavnom majkama. Ne mo\u017eemo imati tri vrste majki. One koje \u0107e imati \u0161est mjeseci, one koje \u0107e dobivati 12 mjeseci sta\u017ea i one koje \u0107e dobiti nula sta\u017ea, a sve ovisno o tome kada su se rodile i umirovile&#8221;, ka\u017ee.<\/p>\n\n\n\n<p>Stani\u0161i\u0107 smatra da bi Vlada problem trebala rije\u0161iti zakonom kojim bi se sve majke izjedna\u010dile, bez retroaktivne isplate. &#8220;To se stvarno mo\u017ee ispraviti i borit \u0107emo se za to&#8221;, objasnila je. Takozvani maj\u010dinski dodatak po\u010deo se primjenjivati s prvim danom 2019. godine, od kada se majkama dodavalo pola godine sta\u017ea po djetetu, a s prvim danom ove godine to je podignuto na godinu dana.<\/p><div id=\"mojev-2519599769\" class=\"mojev-u-tekstu mojev-entity-placement\" style=\"margin-left: auto;margin-right: auto;text-align: center;\"><div class=\"mojev-adlabel\">oglas<\/div><div style=\"height: 250px;\"><script async src=\"https:\/\/pagead2.googlesyndication.com\/pagead\/js\/adsbygoogle.js?client=ca-pub-8106111766207173\"\r\n     crossorigin=\"anonymous\"><\/script>\r\n<!-- Prikazni 1 u tekstu -->\r\n<ins class=\"adsbygoogle\"\r\n     style=\"display:block\"\r\n     data-ad-client=\"ca-pub-8106111766207173\"\r\n     data-ad-slot=\"8535551207\"\r\n     data-ad-format=\"auto\"\r\n     data-full-width-responsive=\"true\"><\/ins>\r\n<script>\r\n     (adsbygoogle = window.adsbygoogle || []).push({});\r\n<\/script><\/div><\/div><br style=\"clear: both; display: block; float: none;\"\/>\n\n\n\n<p>Tako majci koja je radila za prosje\u010dnu pla\u0107u, a umirovljuje se nakon 1. sije\u010dnja 2026. godine, mirovina sada mo\u017ee porasti za oko 17 eura mjese\u010dno po djetetu. Kod ni\u017eih pla\u0107a pove\u0107anje je bli\u017ee 14 eura, dok \u017eene s dvostruko vi\u0161om pla\u0107om od prosjeka mogu ra\u010dunati na oko 35 eura vi\u0161e po djetetu. Taj se iznos trajno ugra\u0111uje u mirovinu koja se uskla\u0111uje dva puta godi\u0161nje s inflacijom i rastom prosje\u010dne pla\u0107e.<\/p>\n\n\n\n<p>Na\u017ealost, majke koje su se umirovile 2018. godine i ranije nisu dobile taj dodani sta\u017e, zbog \u010dega se osje\u0107aju diskriminirano.<\/p>\n\n\n\n<h2 class=\"wp-block-heading\">Penalizirani su radili dulje<\/h2>\n\n\n\n<p>Do kraja mjeseca HZMO \u0107e ukinuti penalizaciju prijevremenih umirovljenika koji su navr\u0161ili 70 i vi\u0161e godina. &#8220;Znamo da je prosje\u010dan sta\u017e osoba koje su oti\u0161le u prijevremenu mirovinu 37 godina, a prosje\u010dan sta\u017e onih koji su oti\u0161li u punu starosnu mirovinu 32 godine sta\u017ea&#8221;, navela je Stani\u0161i\u0107 i dodala da joj je zbog toga nelogi\u010dno da se penalizacija ne ukida sa 65 godina, kada se i navr\u0161ava uvjet za starosnu mirovinu.<\/p>\n\n\n\n<p>&#8220;Vlada igra vrlo nepo\u0161teno jer smatra da \u0107e do tada ve\u0107i broj umirovljenika potra\u017eiti \u2018drugi svijet\u2019, pa \u0107e potro\u0161iti \u0161to manje novca na \u0161to manje ljudi. Tko dobije, dobije; tko ne, ne\u0107e dobiti. To bi trebalo \u0161to prije promijeniti zakonom. To se pojavljuje u svakoj odluci koju donesu: neka ljudi \u0161to kra\u0107e \u017eive i neka im se \u0161to kra\u0107e ispla\u0107uje mirovina.&#8221;<\/p>\n\n\n\n<h2 class=\"wp-block-heading\">Penalizacija, zapravo, nema veze sa sta\u017eem<\/h2>\n\n\n\n<p>Mnogi korisnici mirovina, pa i umirovljeni\u010dki lideri, ne razumiju da penalizacija nema veze sa sta\u017eem na temelju kojeg se odre\u0111uje po\u010detni iznos mirovine, nego s o\u010dekivanom duljinom primanja mirovine. Iz istog se razloga primjenjuje i bonifikacija kod onih koji u mirovinu odlaze kasnije od propisanog roka jer \u0107e mirovinu odre\u0111enu prema sta\u017eu i pla\u0107enim doprinosima primati kra\u0107e.<\/p>\n\n\n\n<p>Rije\u010d je o takozvanoj mjeri aktuarske neutralnosti kojom se posti\u017ee po\u0161ten odnos prema onima koji su se umirovili s propisanim godinama, ali i odr\u017eivost sustava. O tome vi\u0161e mo\u017eete pro\u010ditati na <a href=\"https:\/\/www.mojevrijeme.hr\/magazin\/2025\/04\/zasto-postoji-penalizacija-mirovina-objasnjenje-koje-malo-tko-zeli-cuti\/\" data-type=\"post\" data-id=\"132929\">ovoj poveznici<\/a>.<\/p>\n\n\n\n<h2 class=\"wp-block-heading\">Kad je prosvjed?<\/h2>\n\n\n\n<p>Savez samostalnih sindikata Hrvatske (SSSH), Nezavisni hrvatski sindikati (NHS), Matica hrvatskih sindikata (MHS) te Sindikat umirovljenika Hrvatske (SUH) najavili su prosvjed za ve\u0107e pla\u0107e i mirovine. Prosvjed \u0107e se odr\u017eati 18. travnja u Zagrebu, pa sindikalisti pozivaju sve gra\u0111ane da do\u0111u kako bi rekli \u201cdosta\u201d nepravednoj raspodjeli zajedni\u010dke stvorene vrijednosti, niskim pla\u0107ama i niskim mirovinama. Okupljanje je predvi\u0111eno do 11 sati na Trgu Republike Hrvatske, ispred zgrade Hrvatskog narodnog kazali\u0161ta.<\/p>\n<div id=\"mojev-3692967352\" class=\"mojev-kraj-teksta mojev-entity-placement\" style=\"margin-bottom: 20px;margin-left: auto;margin-right: auto;text-align: center;\"><div class=\"mojev-adlabel\">oglas<\/div><div style=\"height: 250px;\"><script async src=\"https:\/\/pagead2.googlesyndication.com\/pagead\/js\/adsbygoogle.js?client=ca-pub-8106111766207173\"\r\n     crossorigin=\"anonymous\"><\/script>\r\n<!-- Display-1 -->\r\n<ins class=\"adsbygoogle\"\r\n     style=\"display:block\"\r\n     data-ad-client=\"ca-pub-8106111766207173\"\r\n     data-ad-slot=\"1465712950\"\r\n     data-ad-format=\"auto\"\r\n     data-full-width-responsive=\"true\"><\/ins>\r\n<script>\r\n     (adsbygoogle = window.adsbygoogle || []).push({});\r\n<\/script><\/div><\/div>","protected":false},"excerpt":{"rendered":"<p>Uo\u010di sindikalnog prosvjeda za ve\u0107e pla\u0107e i mirovine, predsjednica SUH-a Vi\u0161nja Stani\u0161i\u0107 optu\u017eila je Vladu da nepravedno tretira umirovljenike i majke u mirovinskom sustavu.<\/p>\n","protected":false},"author":1,"featured_media":150411,"comment_status":"closed","ping_status":"closed","sticky":false,"template":"","format":"standard","meta":{"footnotes":""},"categories":[9],"tags":[1964,18,3498,687,1684],"class_list":["post-150408","post","type-post","status-publish","format-standard","has-post-thumbnail","hentry","category-vijesti","tag-majcinska-mirovina","tag-mirovine","tag-penalizacija","tag-prosvjedi","tag-visnja-stanisic"],"_links":{"self":[{"href":"https:\/\/www.mojevrijeme.hr\/magazin\/wp-json\/wp\/v2\/posts\/150408","targetHints":{"allow":["GET"]}}],"collection":[{"href":"https:\/\/www.mojevrijeme.hr\/magazin\/wp-json\/wp\/v2\/posts"}],"about":[{"href":"https:\/\/www.mojevrijeme.hr\/magazin\/wp-json\/wp\/v2\/types\/post"}],"author":[{"embeddable":true,"href":"https:\/\/www.mojevrijeme.hr\/magazin\/wp-json\/wp\/v2\/users\/1"}],"replies":[{"embeddable":true,"href":"https:\/\/www.mojevrijeme.hr\/magazin\/wp-json\/wp\/v2\/comments?post=150408"}],"version-history":[{"count":8,"href":"https:\/\/www.mojevrijeme.hr\/magazin\/wp-json\/wp\/v2\/posts\/150408\/revisions"}],"predecessor-version":[{"id":150437,"href":"https:\/\/www.mojevrijeme.hr\/magazin\/wp-json\/wp\/v2\/posts\/150408\/revisions\/150437"}],"wp:featuredmedia":[{"embeddable":true,"href":"https:\/\/www.mojevrijeme.hr\/magazin\/wp-json\/wp\/v2\/media\/150411"}],"wp:attachment":[{"href":"https:\/\/www.mojevrijeme.hr\/magazin\/wp-json\/wp\/v2\/media?parent=150408"}],"wp:term":[{"taxonomy":"category","embeddable":true,"href":"https:\/\/www.mojevrijeme.hr\/magazin\/wp-json\/wp\/v2\/categories?post=150408"},{"taxonomy":"post_tag","embeddable":true,"href":"https:\/\/www.mojevrijeme.hr\/magazin\/wp-json\/wp\/v2\/tags?post=150408"}],"curies":[{"name":"wp","href":"https:\/\/api.w.org\/{rel}","templated":true}]}}