{"id":150438,"date":"2026-03-07T08:57:34","date_gmt":"2026-03-07T07:57:34","guid":{"rendered":"https:\/\/www.mojevrijeme.hr\/magazin\/?p=150438"},"modified":"2026-03-07T09:00:29","modified_gmt":"2026-03-07T08:00:29","slug":"mirovina-nije-socijala-umirovljenici-traze-vece-razlike-medu-mirovinama","status":"publish","type":"post","link":"https:\/\/www.mojevrijeme.hr\/magazin\/2026\/03\/mirovina-nije-socijala-umirovljenici-traze-vece-razlike-medu-mirovinama\/","title":{"rendered":"&#8216;Mirovina nije socijala&#8217;: Umirovljenici tra\u017ee ve\u0107e razlike me\u0111u mirovinama"},"content":{"rendered":"\n<p>Rasprava o uskla\u0111ivanju mirovina i ideji da bi male <a href=\"https:\/\/www.mojevrijeme.hr\/magazin\/2026\/03\/biserka-karlo-i-vesna-uskladite-manje-mirovine-s-vecima-sve-drugo-je-krada\/\">mirovine trebale rasti br\u017ee od velikih<\/a> izazvala je nebrojene reakcije \u010ditatelja koji imaju natprosje\u010dne mirovine. Upozoravaju da bi takav model kaznio ljude koji su radili dulje i u mirovinski sustav upla\u0107ivali znatno vi\u0161e doprinosa.<\/p>\n\n\n\n<p>Tako na\u0161a redovita \u010ditateljica <strong>Dujma<\/strong> poru\u010duje da je ideja o izjedna\u010davanju mirovina potpuno pogre\u0161na i nepravedna, tko god da je promovira. &#8220;Smijeh me hvata \u010ditaju\u0107i nebulozne prijedloge u pojedinim tekstovima, bez obzira dolaze li od umirovljenika ili sindikalista. Nisam radila 44 godine da bih imala mirovinu kao oni koji su \u0161etali i u\u017eivali dok sam ja bila gost u vlastitom domu nakon deset sati rada. Ne zaboravimo da se nekada radilo \u0161est dana u tjednu i to godinama&#8221;, napisala je.<\/p>\n\n\n\n<h2 class=\"wp-block-heading\">&#8220;Stavljali ste sa strane, sad to izvadite&#8221;<\/h2>\n\n\n\n<p>Sli\u010dan stav ima i \u010ditatelj <strong>Lupo<\/strong> koji tvrdi da razlike u mirovinama odra\u017eavaju razlike u upla\u0107enim doprinosima. &#8220;Izjedna\u010davanje mirovina nije mogu\u0107e. Svi ti koji su sada na malim mirovinama vrlo su malo upla\u0107ivali u mirovinski sustav. Redovito su bili na minimalcu. Me\u0111u njima je i velik broj obrtnika koji nisu mislili unaprijed i u sustav su upla\u0107ivali samo ono na \u0161to ih je dr\u017eava natjerala&#8221;, napisao je.<\/p><div id=\"mojev-532081809\" class=\"mojev-u-tekstu mojev-entity-placement\" style=\"margin-left: auto;margin-right: auto;text-align: center;\"><div class=\"mojev-adlabel\">oglas<\/div><div style=\"height: 250px;\"><script async src=\"https:\/\/pagead2.googlesyndication.com\/pagead\/js\/adsbygoogle.js?client=ca-pub-8106111766207173\"\r\n     crossorigin=\"anonymous\"><\/script>\r\n<!-- Prikazni 1 u tekstu -->\r\n<ins class=\"adsbygoogle\"\r\n     style=\"display:block\"\r\n     data-ad-client=\"ca-pub-8106111766207173\"\r\n     data-ad-slot=\"8535551207\"\r\n     data-ad-format=\"auto\"\r\n     data-full-width-responsive=\"true\"><\/ins>\r\n<script>\r\n     (adsbygoogle = window.adsbygoogle || []).push({});\r\n<\/script><\/div><\/div><br style=\"clear: both; display: block; float: none;\"\/>\n\n\n\n<p>Dodaje da je dio prihoda zavr\u0161avao u radu na crno ili izvan slu\u017ebenih uplata. &#8220;A sada bi svi imali isto? E, ne mo\u017ee. Za\u0161to sam onda ja u fond upla\u0107ivao tri ili \u010detiri puta vi\u0161e? Da bi sada netko rekao da \u0107emo svi imati isto, a upla\u0107ivao je skoro ni\u0161ta u fond. Neka sada po\u010dne vaditi ono \u0161to je kroz godine stavljao sa strane&#8221;, poru\u010duje.<\/p>\n\n\n\n<h2 class=\"wp-block-heading\">&#8220;Razlike su premale&#8221;<\/h2>\n\n\n\n<p>Sli\u010dnu argumentaciju iznosi i \u010ditateljica Dubravka koja smatra da mirovinski sustav mora ostati vezan uz doprinos i duljinu radnog vijeka. &#8220;Mirovina nije i ne bi trebala biti socijalna kategorija i te tu\u017ealjke o tome da ih treba izjedna\u010diti vrlo su nepravedne. Ako sam se \u0161kolovala dvadesetak godina i radila \u010detrdeset na odgovornom poslu, cijelo vrijeme izdvajala u mirovinski fond, kako onda mogu imati istu mirovinu kao netko tko je po\u010deo raditi ranije i izdvajao mo\u017eda upola manje vremena?&#8221;, pita.<\/p>\n\n\n\n<p>Razlike me\u0111u mirovinama su, prema njezinu mi\u0161ljenju, ve\u0107 sada relativno male u odnosu na razlike u sta\u017eu i odgovornosti poslova koje su ljudi obavljali tijekom radnog vijeka.<\/p>\n\n\n\n<h2 class=\"wp-block-heading\">&#8220;Mirovina nije socijala&#8221;<\/h2>\n\n\n\n<p>Jo\u0161 o\u0161triji je \u010ditatelj <strong>Perica<\/strong> koji tvrdi da dio ljudi s malim mirovinama zapravo nije upla\u0107ivao doprinose na stvarne pla\u0107e. &#8220;Ve\u0107ina tih ljudi s malim mirovinama radila je na crno, dio pla\u0107e na ra\u010dun, a dio na ruke. I \u0161to sad, dr\u017eava bi trebala takvima davati? Ve\u0107ina ljudi s mirovinama od 1.000 i vi\u0161e eura debelo je izdvajala tijekom radnog vijeka i ostajala na tr\u017ei\u0161tu rada 40 i vi\u0161e godina&#8221;, napisao je.<\/p>\n\n\n\n<p>Navodi i vlastiti primjer: &#8220;Konkretno, imam 48 godina mirovinskog sta\u017ea. I sad bi mi se mirovina trebala izjedna\u010diti s nekim tko ima 15? Mirovina nije socijala nego zara\u0111eno pravo!&#8221;<\/p>\n\n\n\n<div id=\"crveno\"><\/p>\n\n\n\n<h3 class=\"wp-block-heading\">Zanima nas va\u0161a pri\u010da<\/h3>\n\n\n\n<p>\u017delite li i vi, posve anonimno, podijeliti svoje iskustvo i vi\u0111enje ove teme s nama i na\u0161im \u010ditateljima, mo\u017eete to u\u010diniti putem web obrasca <a rel=\"noreferrer noopener\" href=\"https:\/\/www.mojevrijeme.hr\/magazin\/povjerljivo\/\" target=\"_blank\">Povjerljivo<\/a>. Napi\u0161ite svoju pri\u010du!<\/p>\n\n\n\n<p><\/div>\n<div id=\"mojev-786831862\" class=\"mojev-kraj-teksta mojev-entity-placement\" style=\"margin-bottom: 20px;margin-left: auto;margin-right: auto;text-align: center;\"><div class=\"mojev-adlabel\">oglas<\/div><div style=\"height: 250px;\"><script async src=\"https:\/\/pagead2.googlesyndication.com\/pagead\/js\/adsbygoogle.js?client=ca-pub-8106111766207173\"\r\n     crossorigin=\"anonymous\"><\/script>\r\n<!-- Display-1 -->\r\n<ins class=\"adsbygoogle\"\r\n     style=\"display:block\"\r\n     data-ad-client=\"ca-pub-8106111766207173\"\r\n     data-ad-slot=\"1465712950\"\r\n     data-ad-format=\"auto\"\r\n     data-full-width-responsive=\"true\"><\/ins>\r\n<script>\r\n     (adsbygoogle = window.adsbygoogle || []).push({});\r\n<\/script><\/div><\/div>","protected":false},"excerpt":{"rendered":"<p>Bijesni umirovljenici poru\u010duju da mirovine ne smiju postati socijalna kategorija. Smatraju da sustav mora nagra\u0111ivati dulji sta\u017e i ve\u0107e doprinose.<\/p>\n","protected":false},"author":1,"featured_media":139902,"comment_status":"closed","ping_status":"closed","sticky":false,"template":"","format":"standard","meta":{"footnotes":""},"categories":[9],"tags":[18],"class_list":["post-150438","post","type-post","status-publish","format-standard","has-post-thumbnail","hentry","category-vijesti","tag-mirovine"],"_links":{"self":[{"href":"https:\/\/www.mojevrijeme.hr\/magazin\/wp-json\/wp\/v2\/posts\/150438","targetHints":{"allow":["GET"]}}],"collection":[{"href":"https:\/\/www.mojevrijeme.hr\/magazin\/wp-json\/wp\/v2\/posts"}],"about":[{"href":"https:\/\/www.mojevrijeme.hr\/magazin\/wp-json\/wp\/v2\/types\/post"}],"author":[{"embeddable":true,"href":"https:\/\/www.mojevrijeme.hr\/magazin\/wp-json\/wp\/v2\/users\/1"}],"replies":[{"embeddable":true,"href":"https:\/\/www.mojevrijeme.hr\/magazin\/wp-json\/wp\/v2\/comments?post=150438"}],"version-history":[{"count":6,"href":"https:\/\/www.mojevrijeme.hr\/magazin\/wp-json\/wp\/v2\/posts\/150438\/revisions"}],"predecessor-version":[{"id":150446,"href":"https:\/\/www.mojevrijeme.hr\/magazin\/wp-json\/wp\/v2\/posts\/150438\/revisions\/150446"}],"wp:featuredmedia":[{"embeddable":true,"href":"https:\/\/www.mojevrijeme.hr\/magazin\/wp-json\/wp\/v2\/media\/139902"}],"wp:attachment":[{"href":"https:\/\/www.mojevrijeme.hr\/magazin\/wp-json\/wp\/v2\/media?parent=150438"}],"wp:term":[{"taxonomy":"category","embeddable":true,"href":"https:\/\/www.mojevrijeme.hr\/magazin\/wp-json\/wp\/v2\/categories?post=150438"},{"taxonomy":"post_tag","embeddable":true,"href":"https:\/\/www.mojevrijeme.hr\/magazin\/wp-json\/wp\/v2\/tags?post=150438"}],"curies":[{"name":"wp","href":"https:\/\/api.w.org\/{rel}","templated":true}]}}