{"id":150456,"date":"2026-03-07T14:38:20","date_gmt":"2026-03-07T13:38:20","guid":{"rendered":"https:\/\/www.mojevrijeme.hr\/magazin\/?p=150456"},"modified":"2026-03-07T14:38:21","modified_gmt":"2026-03-07T13:38:21","slug":"sutra-prosvjed-na-trgu-bana-jelacica-majke-traze-godinu-staza-po-djetetu","status":"publish","type":"post","link":"https:\/\/www.mojevrijeme.hr\/magazin\/2026\/03\/sutra-prosvjed-na-trgu-bana-jelacica-majke-traze-godinu-staza-po-djetetu\/","title":{"rendered":"Sutra prosvjed na Trgu bana Jela\u010di\u0107a: Majke tra\u017ee godinu sta\u017ea po djetetu"},"content":{"rendered":"\n<p>Kako je u pozivnici za sutra\u0161nji prosvjed napisala <strong>Dragica Trumbeta\u0161<\/strong>, predsjednica stranke Ho\u0107emo pravedno, majke u hrvatskom mirovinskom sustavu stavljene su u neravnopravan polo\u017eaj zbog razli\u010ditog tretmana takozvanog maj\u010dinskog dodatka, odnosno dodatnog sta\u017ea po djetetu.<\/p>\n\n\n\n<p>Zbog izmjena mirovinskog zakona i neretroaktivne primjene odredbe o maj\u010dinskom dodatku, majke umirovljene prije 2019. godine ne dobivaju ni\u0161ta, one umirovljene 2019. i kasnije dobivaju \u0161est mjeseci dodanog sta\u017ea po djetetu, a onima koje su umirovljene ove godine dodaje se \u010dak godina dana. <\/p>\n\n\n\n<p>Zbog toga organizatori prosvjeda zahtijevaju da se na sve umirovljene majke primjenjuje rje\u0161enje iz Zakona o mirovinskom osiguranju koji je stupio na snagu 1. srpnja 2025. godine, a prema kojem majke ostvaruju godinu dana dodatnog sta\u017ea za svako dijete.<\/p><div id=\"mojev-2272067593\" class=\"mojev-u-tekstu mojev-entity-placement\" style=\"margin-left: auto;margin-right: auto;text-align: center;\"><div class=\"mojev-adlabel\">oglas<\/div><div style=\"height: 250px;\"><script async src=\"https:\/\/pagead2.googlesyndication.com\/pagead\/js\/adsbygoogle.js?client=ca-pub-8106111766207173\"\r\n     crossorigin=\"anonymous\"><\/script>\r\n<!-- Prikazni 1 u tekstu -->\r\n<ins class=\"adsbygoogle\"\r\n     style=\"display:block\"\r\n     data-ad-client=\"ca-pub-8106111766207173\"\r\n     data-ad-slot=\"8535551207\"\r\n     data-ad-format=\"auto\"\r\n     data-full-width-responsive=\"true\"><\/ins>\r\n<script>\r\n     (adsbygoogle = window.adsbygoogle || []).push({});\r\n<\/script><\/div><\/div><br style=\"clear: both; display: block; float: none;\"\/>\n\n\n\n<p>U pozivu na okupljanje navodi se da je cilj prosvjeda upozoriti na, kako tvrde, nejednak polo\u017eaj majki u mirovinskom sustavu te zatra\u017eiti izmjene zakona koje bi sve majke tretirale jednako, bez obzira na vrijeme kada su se umirovile. Prosvjed se odr\u017eava pod sloganom <strong>&#8220;Ne damo svoje dostojanstvo<\/strong>&#8220;, a organizatori pozivaju gra\u0111ane da im se pridru\u017ee sutra u 11sati na sredi\u0161njem zagreba\u010dkom trgu.<\/p>\n<div id=\"mojev-442495881\" class=\"mojev-kraj-teksta mojev-entity-placement\" style=\"margin-bottom: 20px;margin-left: auto;margin-right: auto;text-align: center;\"><div class=\"mojev-adlabel\">oglas<\/div><div style=\"height: 250px;\"><script async src=\"https:\/\/pagead2.googlesyndication.com\/pagead\/js\/adsbygoogle.js?client=ca-pub-8106111766207173\"\r\n     crossorigin=\"anonymous\"><\/script>\r\n<!-- Display-1 -->\r\n<ins class=\"adsbygoogle\"\r\n     style=\"display:block\"\r\n     data-ad-client=\"ca-pub-8106111766207173\"\r\n     data-ad-slot=\"1465712950\"\r\n     data-ad-format=\"auto\"\r\n     data-full-width-responsive=\"true\"><\/ins>\r\n<script>\r\n     (adsbygoogle = window.adsbygoogle || []).push({});\r\n<\/script><\/div><\/div>","protected":false},"excerpt":{"rendered":"<p>U Zagrebu \u0107e se u subotu, 8. o\u017eujka, na Me\u0111unarodni dan \u017eena, odr\u017eati prosvjed protiv diskriminacije majki u mirovinskom sustavu. Okupljanje je najavljeno za 11 sati na Trgu bana Josipa Jela\u010di\u0107a, a organizira ga neparlamentarna stranka Ho\u0107emo pravedno.<\/p>\n","protected":false},"author":1,"featured_media":142922,"comment_status":"closed","ping_status":"closed","sticky":false,"template":"","format":"standard","meta":{"footnotes":""},"categories":[9],"tags":[3184,1964,687],"class_list":["post-150456","post","type-post","status-publish","format-standard","has-post-thumbnail","hentry","category-vijesti","tag-dragica-trumbetas","tag-majcinska-mirovina","tag-prosvjedi"],"_links":{"self":[{"href":"https:\/\/www.mojevrijeme.hr\/magazin\/wp-json\/wp\/v2\/posts\/150456","targetHints":{"allow":["GET"]}}],"collection":[{"href":"https:\/\/www.mojevrijeme.hr\/magazin\/wp-json\/wp\/v2\/posts"}],"about":[{"href":"https:\/\/www.mojevrijeme.hr\/magazin\/wp-json\/wp\/v2\/types\/post"}],"author":[{"embeddable":true,"href":"https:\/\/www.mojevrijeme.hr\/magazin\/wp-json\/wp\/v2\/users\/1"}],"replies":[{"embeddable":true,"href":"https:\/\/www.mojevrijeme.hr\/magazin\/wp-json\/wp\/v2\/comments?post=150456"}],"version-history":[{"count":1,"href":"https:\/\/www.mojevrijeme.hr\/magazin\/wp-json\/wp\/v2\/posts\/150456\/revisions"}],"predecessor-version":[{"id":150457,"href":"https:\/\/www.mojevrijeme.hr\/magazin\/wp-json\/wp\/v2\/posts\/150456\/revisions\/150457"}],"wp:featuredmedia":[{"embeddable":true,"href":"https:\/\/www.mojevrijeme.hr\/magazin\/wp-json\/wp\/v2\/media\/142922"}],"wp:attachment":[{"href":"https:\/\/www.mojevrijeme.hr\/magazin\/wp-json\/wp\/v2\/media?parent=150456"}],"wp:term":[{"taxonomy":"category","embeddable":true,"href":"https:\/\/www.mojevrijeme.hr\/magazin\/wp-json\/wp\/v2\/categories?post=150456"},{"taxonomy":"post_tag","embeddable":true,"href":"https:\/\/www.mojevrijeme.hr\/magazin\/wp-json\/wp\/v2\/tags?post=150456"}],"curies":[{"name":"wp","href":"https:\/\/api.w.org\/{rel}","templated":true}]}}